{"id":11662,"date":"2026-09-01T07:13:00","date_gmt":"2026-09-01T10:13:00","guid":{"rendered":"https:\/\/portalbahianoticia.com.br\/?p=11662"},"modified":"2026-09-01T07:13:00","modified_gmt":"2026-09-01T10:13:00","slug":"setembro-do-palmeiras-tera-classicos-e-decisoes-pelas-copas","status":"publish","type":"post","link":"https:\/\/portalbahianoticia.com.br\/?p=11662","title":{"rendered":"Setembro do Palmeiras ter\u00e1 cl\u00e1ssicos e decis\u00f5es pelas Copas"},"content":{"rendered":"<p>Ap\u00f3s um m\u00eas de agosto conturbado e distante do que o torcedor esperava, o Palmeiras entra em setembro com cl\u00e1ssicos e decis\u00f5es pela Copa do Brasil e pela Copa Libertadores.<\/p>\n<p>Logo no segundo dia do m\u00eas, o Palmeiras vai ao litoral paulista para enfrentar o Santos, pelo jogo de volta das quartas de final da Copa do Brasil. A bola rola \u00e0s 21h30 (de Bras\u00edlia), na Vila Belmiro.<\/p>\n<p>O Verd\u00e3o vem de uma vit\u00f3ria por 3 a 0 no jogo de ida, resultado que garantiu maior conforto para seguir vivo na competi\u00e7\u00e3o nacional. O time alviverde entra em campo podendo perder por at\u00e9 dois gols de diferen\u00e7a que, mesmo assim, avan\u00e7a \u00e0 semifinal.<\/p>\n<p>Na sequ\u00eancia, o Palmeiras enfrenta o Botafogo pela 26\u00aa rodada do Campeonato Brasileiro, em duelo importante para seguir com vantagem na lideran\u00e7a e manter a dist\u00e2ncia para o Flamengo, segundo colocado com quatro pontos a menos. A bola rola para Palmeiras e Botafogo no dia 6 de setembro, \u00e0s 18h30, no est\u00e1dio Nilton Santos, no Rio de Janeiro.<\/p>\n<blockquote class=\"twitter-tweet\">\n<p dir=\"ltr\" lang=\"es\">Os detalhes da despedida de Allan no Nubank Parque <img decoding=\"async\" src=\"https:\/\/s.w.org\/images\/core\/emoji\/17.0.2\/72x72\/1f49a.png\" alt=\"\ud83d\udc9a\" class=\"wp-smiley\" style=\"height: 1em; max-height: 1em;\" \/><img decoding=\"async\" src=\"https:\/\/s.w.org\/images\/core\/emoji\/17.0.2\/72x72\/1f3a5.png\" alt=\"\ud83c\udfa5\" class=\"wp-smiley\" style=\"height: 1em; max-height: 1em;\" \/> \u27a4 <a href=\"https:\/\/t.co\/WFM3VwruUj\">https:\/\/t.co\/WFM3VwruUj<\/a> <a href=\"https:\/\/t.co\/3VFAYvd2B0\">pic.twitter.com\/3VFAYvd2B0<\/a><\/p>\n<p>\u2014 SE Palmeiras (@Palmeiras) <a href=\"https:\/\/x.com\/Palmeiras\/status\/2094409914256929152?ref_src=twsrc%5Etfw\">August 31, 2026<\/a><\/p>\n<\/blockquote>\n<p><script async src=\"https:\/\/platform.x.com\/widgets.js\" charset=\"utf-8\"><\/script><\/p>\n<p>O tempo de prepara\u00e7\u00e3o para o compromisso seguinte ser\u00e1 curto. Apenas tr\u00eas dias depois da viagem ao Rio de Janeiro, o time comandado pelo t\u00e9cnico Abel Ferreira recebe a LDU, pelo jogo de ida das quartas de final da Copa Libertadores. A partida ser\u00e1 no dia 16 de setembro, \u00e0s 19h, no Nubank Parque, em S\u00e3o Paulo.<\/p>\n<p>O pr\u00f3ximo desafio ser\u00e1 outro cl\u00e1ssico paulista, mas desta vez pelo Campeonato Brasileiro. Com data e hor\u00e1rio ainda n\u00e3o definidos pela CBF, o Palmeiras enfrenta o S\u00e3o Paulo, tamb\u00e9m no Nubank Parque, pela 27\u00aa rodada da competi\u00e7\u00e3o nacional. O duelo ser\u00e1 disputado antes da decis\u00e3o diante da LDU e pode gerar dor de cabe\u00e7a para Abel Ferreira, em rela\u00e7\u00e3o \u00e0 possibilidade de poupar jogadores pensando no torneio continental.<\/p>\n<p>O jogo de volta contra a LDU ser\u00e1 no dia 16 de setembro. O Palmeiras viaja ao Equador depois do cl\u00e1ssico e entra em campo \u00e0s 19h, no est\u00e1dio Rodrigo Paz Delgado, em Quito. O local est\u00e1 situado a cerca de 2.850 metros acima do n\u00edvel do mar, o que acrescenta um desafio \u00e0 equipe alviverde.<\/p>\n<p>O \u00faltimo compromisso do Palmeiras no m\u00eas de setembro ser\u00e1 diante do Gr\u00eamio, pela 28\u00aa rodada do Campeonato Brasileiro. A partida ainda n\u00e3o tem data e hor\u00e1rio definidos pela CBF, mas tem como data-base o dia 20. Depois disso, o calend\u00e1rio ser\u00e1 interrompido para dois amistosos da Sele\u00e7\u00e3o Brasileira contra a Austr\u00e1lia e s\u00f3 ser\u00e1 retomado em outubro.<\/p>\n<div class=\"dugout-video dugout-embed-eyJrZXkiOiIiLCJwIjoiZ2F6ZXRhZXNwb3J0aXZhIiwicGwiOiI0a2hoSjVCWCJ9\"><\/div>\n<p><script type=\"text\/javascript\" src=\"https:\/\/embed.onefootball.com\/inline\/gazetaesportiva.js\"><\/script><\/p>\n<p>O post <a href=\"https:\/\/www.gazetaesportiva.com\/times\/palmeiras\/setembro-do-palmeiras-tera-classicos-e-decisoes-pelas-copas\/\">Setembro do Palmeiras ter\u00e1 cl\u00e1ssicos e decis\u00f5es pelas Copas<\/a> apareceu primeiro em <a href=\"https:\/\/www.gazetaesportiva.com\">Gazeta Esportiva<\/a>.<\/p>\n","protected":false},"excerpt":{"rendered":"<p>Ap\u00f3s um m\u00eas de agosto conturbado e distante do que o torcedor esperava, o Palmeiras entra em setembro<\/p>\n","protected":false},"author":1,"featured_media":11663,"comment_status":"open","ping_status":"open","sticky":false,"template":"","format":"standard","meta":{"footnotes":""},"categories":[71],"tags":[],"class_list":["post-11662","post","type-post","status-publish","format-standard","has-post-thumbnail","hentry","category-esportes-news"],"_links":{"self":[{"href":"https:\/\/portalbahianoticia.com.br\/index.php?rest_route=\/wp\/v2\/posts\/11662","targetHints":{"allow":["GET"]}}],"collection":[{"href":"https:\/\/portalbahianoticia.com.br\/index.php?rest_route=\/wp\/v2\/posts"}],"about":[{"href":"https:\/\/portalbahianoticia.com.br\/index.php?rest_route=\/wp\/v2\/types\/post"}],"author":[{"embeddable":true,"href":"https:\/\/portalbahianoticia.com.br\/index.php?rest_route=\/wp\/v2\/users\/1"}],"replies":[{"embeddable":true,"href":"https:\/\/portalbahianoticia.com.br\/index.php?rest_route=%2Fwp%2Fv2%2Fcomments&post=11662"}],"version-history":[{"count":0,"href":"https:\/\/portalbahianoticia.com.br\/index.php?rest_route=\/wp\/v2\/posts\/11662\/revisions"}],"wp:featuredmedia":[{"embeddable":true,"href":"https:\/\/portalbahianoticia.com.br\/index.php?rest_route=\/wp\/v2\/media\/11663"}],"wp:attachment":[{"href":"https:\/\/portalbahianoticia.com.br\/index.php?rest_route=%2Fwp%2Fv2%2Fmedia&parent=11662"}],"wp:term":[{"taxonomy":"category","embeddable":true,"href":"https:\/\/portalbahianoticia.com.br\/index.php?rest_route=%2Fwp%2Fv2%2Fcategories&post=11662"},{"taxonomy":"post_tag","embeddable":true,"href":"https:\/\/portalbahianoticia.com.br\/index.php?rest_route=%2Fwp%2Fv2%2Ftags&post=11662"}],"curies":[{"name":"wp","href":"https:\/\/api.w.org\/{rel}","templated":true}]}}