{"id":11660,"date":"2026-09-01T07:13:01","date_gmt":"2026-09-01T10:13:01","guid":{"rendered":"https:\/\/portalbahianoticia.com.br\/?p=11660"},"modified":"2026-09-01T07:13:01","modified_gmt":"2026-09-01T10:13:01","slug":"corinthians-tera-decisao-na-libertadores-e-duelos-com-dupla-carioca-em-setembro","status":"publish","type":"post","link":"https:\/\/portalbahianoticia.com.br\/?p=11660","title":{"rendered":"Corinthians ter\u00e1 decis\u00e3o na Libertadores e duelos com dupla carioca em setembro"},"content":{"rendered":"<p>O <a href=\"http:\/\/gazetaesportiva.com\/times\/corinthians\"><strong>Corinthians<\/strong><\/a> entrou em um m\u00eas decisivo para o restante da temporada. Vivo na Copa Libertadores e no meio da tabela do Campeonato Brasileiro, o Tim\u00e3o ter\u00e1 compromissos importantes pelo Nacional e pode atingir sua melhor campanha no torneio continental desde 2012, justamente no \u00fanico t\u00edtulo do Alvinegro no torneio.<\/p>\n<p>Eliminada na Copa do Brasil, a equipe de Fernando Diniz abre setembro buscando encerrar a <strong>sequ\u00eancia de tr\u00eas derrotas<\/strong> no Campeonato Brasileiro. Neste domingo, dia 6, \u00e0s 19h30 (de Bras\u00edlia), o Tim\u00e3o recebe a lanterna Chapecoense na Neo Qu\u00edmica Arena.<\/p>\n<p>Na sequ\u00eancia, o Corinthians viaja para a Argentina para disputar o jogo de ida das quartas de final da Libertadores. Na pr\u00f3xima quarta-feira, a equipe encara o Estudiantes no Est\u00e1dio Jorge Luis Hirschi, em La Plata. A bola vai rolar \u00e0s 21h30.<\/p>\n<blockquote class=\"twitter-tweet\">\n<p dir=\"ltr\" lang=\"pt\">O <a href=\"https:\/\/x.com\/hashtag\/Pr%C3%B3ximoJogoDoTim%C3%A3o?src=hash&#038;ref_src=twsrc%5Etfw\">#Pr\u00f3ximoJogoDoTim\u00e3o<\/a> ser\u00e1 contra a Chapecoense, pelo Campeonato Brasileiro. <img decoding=\"async\" src=\"https:\/\/s.w.org\/images\/core\/emoji\/17.0.2\/72x72\/1f51c.png\" alt=\"\ud83d\udd1c\" class=\"wp-smiley\" style=\"height: 1em; max-height: 1em;\" \/><a href=\"https:\/\/x.com\/hashtag\/VaiCorinthians?src=hash&#038;ref_src=twsrc%5Etfw\">#VaiCorinthians<\/a> <a href=\"https:\/\/t.co\/OyoqJGJGF5\">pic.twitter.com\/OyoqJGJGF5<\/a><\/p>\n<p>\u2014 Corinthians (@Corinthians) <a href=\"https:\/\/x.com\/Corinthians\/status\/2094470270773846419?ref_src=twsrc%5Etfw\">August 31, 2026<\/a><\/p>\n<\/blockquote>\n<p><script async src=\"https:\/\/platform.x.com\/widgets.js\" charset=\"utf-8\"><\/script>O pr\u00f3ximo desafio do Corinthians ser\u00e1 o primeiro contra a dupla \u2018Fla-Flu\u2019. Com a data e o hor\u00e1rio ainda n\u00e3o definidos pela CBF, o Corinthians visita o Flamengo no Maracan\u00e3, pela 27\u00aa rodada do Campeonato Brasileiro. O duelo ser\u00e1 disputado antes da decis\u00e3o contra o Estudiantes e pode gerar dor de cabe\u00e7a para Fernando Diniz.<\/p>\n<p>O jogo de volta contra o Estudiantes ser\u00e1 no dia 16 de setembro. A equipe de Fernando Diniz recebe o clube argentino na Neo Qu\u00edmica Arena, e a bola rola \u00e0s 21h30.<\/p>\n<p>O \u00faltimo compromisso do Corinthians em setembro ser\u00e1 diante do Fluminense, pela 28\u00aa rodada do Campeonato Brasileiro. Ainda sem data e hor\u00e1rio definidos pela CBF, a data-base para o duelo \u00e9 na semana do dia 20.<\/p>\n<p>Logo depois disso, o calend\u00e1rio do futebol nacional ser\u00e1 interrompido para dois amistosos da Sele\u00e7\u00e3o Brasileira contra a Austr\u00e1lia e s\u00f3 ser\u00e1 retomado em outubro. O Brasil encara a sele\u00e7\u00e3o da Oceania nos dias 25 e 29.<\/p>\n<p><strong>Veja tamb\u00e9m:<\/strong><br \/>\n<a href=\"https:\/\/www.gazetaesportiva.com\/todas-as-noticias\/\">Todas as not\u00edcias da Gazeta Esportiva<\/a><br \/>\n<strong><a href=\"https:\/\/www.youtube.com\/channel\/UCcndglQZmXnYjgE_Grqt5yg\">Canal da Gazeta Esportiva no YouTube<\/a><\/strong><br \/>\n<strong><a href=\"https:\/\/www.instagram.com\/gazetaesportiva\/\">Siga a Gazeta Esportiva no Instagram<\/a><br \/>\n<\/strong><strong><a href=\"https:\/\/whatsapp.com\/channel\/0029Va9JQFL3WHTguJNfam3U\">Participe do canal da Gazeta Esportiva no WhatsApp<\/a>\u00a0<\/strong><\/p>\n<h2><strong>Confira o calend\u00e1rio do Corinthians em setembro:\u00a0<\/strong><\/h2>\n<p><strong>Corinthians x Chapecoense<\/strong>, 26\u00aa rodada do Brasileir\u00e3o \u2014 06\/09 (domingo), \u00e0s 19h30, na Neo Qu\u00edmica Arena (SP)<\/p>\n<p><strong>Estudiantes x Corinthians<\/strong>, ida das quarta da Libertadores \u2014 09\/09 (quarta-feira), \u00e0s 21h30, no Est\u00e1dio Jorge Luis Hirschi (ARG)<\/p>\n<p><strong>Flamengo x Corinthians<\/strong>, 27\u00aa rodada do Brasileir\u00e3o \u2014 a definir, no Maracan\u00e3 (RJ)<\/p>\n<p><strong>Corinthians x Estudiantes<\/strong>, volta das quartas da Libertadores \u2014 16\/09 (quarta-feira), \u00e0s 21h30, na Neo Qu\u00edmica Arena (SP)<\/p>\n<p><strong>Corinthians x Fluminense<\/strong>, 28\u00aa rodada do Brasileir\u00e3o \u2014 a definir, na Neo Qu\u00edmica Arena (SP)<\/p>\n<div class=\"dugout-video dugout-embed-eyJrZXkiOiIiLCJwIjoiZ2F6ZXRhZXNwb3J0aXZhIiwicGwiOiI0a2hoSjVCWCJ9\"><\/div>\n<p><script type=\"text\/javascript\" src=\"https:\/\/embed.onefootball.com\/inline\/gazetaesportiva.js\"><\/script><\/p>\n<p>O post <a href=\"https:\/\/www.gazetaesportiva.com\/times\/corinthians\/corinthians-tera-decisao-na-libertadores-e-duelos-com-dupla-carioca-em-setembro\/\">Corinthians ter\u00e1 decis\u00e3o na Libertadores e duelos com dupla carioca em setembro<\/a> apareceu primeiro em <a href=\"https:\/\/www.gazetaesportiva.com\">Gazeta Esportiva<\/a>.<\/p>\n","protected":false},"excerpt":{"rendered":"<p>O Corinthians entrou em um m\u00eas decisivo para o restante da temporada. Vivo na Copa Libertadores e no<\/p>\n","protected":false},"author":1,"featured_media":11661,"comment_status":"open","ping_status":"open","sticky":false,"template":"","format":"standard","meta":{"footnotes":""},"categories":[71],"tags":[],"class_list":["post-11660","post","type-post","status-publish","format-standard","has-post-thumbnail","hentry","category-esportes-news"],"_links":{"self":[{"href":"https:\/\/portalbahianoticia.com.br\/index.php?rest_route=\/wp\/v2\/posts\/11660","targetHints":{"allow":["GET"]}}],"collection":[{"href":"https:\/\/portalbahianoticia.com.br\/index.php?rest_route=\/wp\/v2\/posts"}],"about":[{"href":"https:\/\/portalbahianoticia.com.br\/index.php?rest_route=\/wp\/v2\/types\/post"}],"author":[{"embeddable":true,"href":"https:\/\/portalbahianoticia.com.br\/index.php?rest_route=\/wp\/v2\/users\/1"}],"replies":[{"embeddable":true,"href":"https:\/\/portalbahianoticia.com.br\/index.php?rest_route=%2Fwp%2Fv2%2Fcomments&post=11660"}],"version-history":[{"count":0,"href":"https:\/\/portalbahianoticia.com.br\/index.php?rest_route=\/wp\/v2\/posts\/11660\/revisions"}],"wp:featuredmedia":[{"embeddable":true,"href":"https:\/\/portalbahianoticia.com.br\/index.php?rest_route=\/wp\/v2\/media\/11661"}],"wp:attachment":[{"href":"https:\/\/portalbahianoticia.com.br\/index.php?rest_route=%2Fwp%2Fv2%2Fmedia&parent=11660"}],"wp:term":[{"taxonomy":"category","embeddable":true,"href":"https:\/\/portalbahianoticia.com.br\/index.php?rest_route=%2Fwp%2Fv2%2Fcategories&post=11660"},{"taxonomy":"post_tag","embeddable":true,"href":"https:\/\/portalbahianoticia.com.br\/index.php?rest_route=%2Fwp%2Fv2%2Ftags&post=11660"}],"curies":[{"name":"wp","href":"https:\/\/api.w.org\/{rel}","templated":true}]}}