{"id":11658,"date":"2026-09-01T07:13:02","date_gmt":"2026-09-01T10:13:02","guid":{"rendered":"https:\/\/portalbahianoticia.com.br\/?p=11658"},"modified":"2026-09-01T07:13:02","modified_gmt":"2026-09-01T10:13:02","slug":"nova-semana-livre-abre-caminho-para-sao-paulo-recuperar-baixas-para-sequencia-decisiva","status":"publish","type":"post","link":"https:\/\/portalbahianoticia.com.br\/?p=11658","title":{"rendered":"Nova semana livre abre caminho para S\u00e3o Paulo recuperar baixas para sequ\u00eancia decisiva"},"content":{"rendered":"<p>O <strong><a href=\"https:\/\/www.gazetaesportiva.com\/times\/sao-paulo\/\">S\u00e3o Paulo<\/a><\/strong> ter\u00e1 um respiro em meio ao extenuante calend\u00e1rio do futebol brasileiro e conta com mais uma semana livre de prepara\u00e7\u00e3o. O elenco tricolor se reapresenta nesta ter\u00e7a-feira, ap\u00f3s dois dias de folga, para iniciar os treinos visando n\u00e3o s\u00f3 o confronto diante do <strong><a href=\"https:\/\/www.gazetaesportiva.com\/times\/atletico-mg\/\">Atl\u00e9tico-MG<\/a><\/strong>, mas a sequ\u00eancia decisiva que enfrentar\u00e1 no m\u00eas de setembro.<\/p>\n<p>A pausa ser\u00e1 importante em termos t\u00e1ticos, t\u00e9cnicos e psicol\u00f3gicos, sobretudo ap\u00f3s o <strong><a href=\"https:\/\/www.gazetaesportiva.com\/times\/sao-paulo\/sao-paulo-x-bragantino-campeonato-brasileiro\/\">fim do longo jejum de dez jogos sem vencer no Campeonato Brasileiro<\/a><\/strong>. O per\u00edodo livre pode, ainda, abrir caminho para o S\u00e3o Paulo recuperar baixas significativas para a sequ\u00eancia da temporada.<\/p>\n<p>No momento, o S\u00e3o Paulo conta com cinco jogadores entregues ao departamento m\u00e9dico. S\u00e3o eles: Bobadilla (dores no joelho direito), Lucas (cirurgia no tend\u00e3o de Aquiles da perna direita), Lucca (fratura na mand\u00edbula), Victor S\u00e1 (entorse traum\u00e1tica no tornozelo direito) e Newton (edema no adutor esquerdo).<\/p>\n<p>Al\u00e9m do quinteto, Calleri ainda n\u00e3o est\u00e1 100%. O argentino pediu para atuar no sacrif\u00edcio contra o Red Bull Bragantino, no \u00faltimo s\u00e1bado, ap\u00f3s uma entorse no tornozelo esquerdo. A comiss\u00e3o t\u00e9cnica, por\u00e9m, decidiu n\u00e3o utilizar o centroavante, que acompanhou a vit\u00f3ria por 2 a 1 do banco de reservas.<\/p>\n<blockquote class=\"twitter-tweet\">\n<p dir=\"ltr\" lang=\"pt\"><img decoding=\"async\" src=\"https:\/\/s.w.org\/images\/core\/emoji\/17.0.2\/72x72\/1f51b.png\" alt=\"\ud83d\udd1b\" class=\"wp-smiley\" style=\"height: 1em; max-height: 1em;\" \/> Os detalhes de uma noite de vit\u00f3ria do Tricolor no MorumBIS!<\/p>\n<p>Confira os <a href=\"https:\/\/x.com\/hashtag\/SuperBastidores?src=hash&#038;ref_src=twsrc%5Etfw\">#SuperBastidores<\/a> do duelo com o Red Bull Bragantino > <a href=\"https:\/\/t.co\/E81e8sstb2\">https:\/\/t.co\/E81e8sstb2<\/a><a href=\"https:\/\/x.com\/hashtag\/VamosS%C3%A3oPaulo?src=hash&#038;ref_src=twsrc%5Etfw\">#VamosS\u00e3oPaulo<\/a> <img decoding=\"async\" src=\"https:\/\/s.w.org\/images\/core\/emoji\/17.0.2\/72x72\/1f1fe-1f1ea.png\" alt=\"\ud83c\uddfe\ud83c\uddea\" class=\"wp-smiley\" style=\"height: 1em; max-height: 1em;\" \/><\/p>\n<p><img decoding=\"async\" src=\"https:\/\/s.w.org\/images\/core\/emoji\/17.0.2\/72x72\/1f3a5.png\" alt=\"\ud83c\udfa5\" class=\"wp-smiley\" style=\"height: 1em; max-height: 1em;\" \/> Gutierre Filmes <a href=\"https:\/\/t.co\/1mEthtvlia\">pic.twitter.com\/1mEthtvlia<\/a><\/p>\n<p>\u2014 S\u00e3o Paulo FC (@SaoPauloFC) <a href=\"https:\/\/x.com\/SaoPauloFC\/status\/2094474260148269256?ref_src=twsrc%5Etfw\">August 31, 2026<\/a><\/p>\n<\/blockquote>\n<p><script async src=\"https:\/\/platform.x.com\/widgets.js\" charset=\"utf-8\"><\/script><\/p>\n<p>Assim, a semana livre ser\u00e1 fundamental para o S\u00e3o Paulo tentar recuperar pe\u00e7as importantes de seu plantel. A tend\u00eancia \u00e9 que Lucas e Lucca ainda demorem mais tempo para ficarem \u00e0 disposi\u00e7\u00e3o \u2014 o camisa 7, inclusive, tem retorno previsto apenas para novembro.<\/p>\n<p>O Tricolor paulista tamb\u00e9m adota cautela com o retorno de Bobadilla, que desfalcou a equipe nas \u00faltimas quatro partidas por conta de um pequeno problema no joelho direito. A comiss\u00e3o t\u00e9cnica quer contar com o atleta apenas quando ele estiver 100% recuperado, para que n\u00e3o haja nenhum tipo de recidiva. Antes de parar para tratar o problema, o paraguaio vinha sendo relacionado jogo sim, jogo n\u00e3o.<\/p>\n<p>Victor S\u00e1 e Newton, por outro lado, possuem quadros menos graves. O atacante j\u00e1 realiza trabalhos individualizados no gramado e chegou a participar de parte da atividade com o grupo recentemente. Enquanto isso, o volante foi diagnostico com a contus\u00e3o pouco antes do jogo contra o Red Bull Bragantino. Arboleda teve um problema semelhante nos \u00faltimos dias e demorou cerca de dez dias para retornar.<\/p>\n<h2><strong>Sequ\u00eancia decisiva em setembro<\/strong><\/h2>\n<p>O S\u00e3o Paulo ir\u00e1 enfrentar uma s\u00e9rie de jogos decisivos no m\u00eas de setembro. A come\u00e7ar j\u00e1 pelo duelo contra o Atl\u00e9tico-MG, neste s\u00e1bado, no Morumbis, pela 26\u00aa rodada do Brasileir\u00e3o. Depois disso, o time ter\u00e1 duas semanas com dois jogos.<\/p>\n<p>Em seguida, a equipe de Dorival J\u00fanior ter\u00e1 duas pedreiras pela frente. A primeira delas ser\u00e1 contra o Boca Juniors, no primeiro jogo das quartas de final da Copa Sul-Americana, no ambiente hostil de La Bombonera, em Buenos Aires. Depois, o time enfrentar\u00e1 o Palmeiras, pela S\u00e9rie A, fora de casa, no final de semana dos dias 12 e 13, mas com detalhes a definir.<\/p>\n<p>\u201cN\u00f3s vamos com a for\u00e7a m\u00e1xima em todos os jogos. N\u00e3o estou aqui escolhendo partidas, estou tentando colocar a melhor equipe poss\u00edvel em condi\u00e7\u00f5es. Ser\u00e3o cinco jogos seguidos a partir da semana que vem. Teremos que ter cuidados. Estamos com o Bobadilla fora, ainda n\u00e3o tive ele em condi\u00e7\u00f5es, Victor S\u00e1 tamb\u00e9m n\u00e3o. Estamos buscando a recupera\u00e7\u00e3o de todo o elenco para que possamos ter a equipe mais forte poss\u00edvel para esses compromissos important\u00edssimos\u201d, disse Dorival.<\/p>\n<div class=\"dugout-video dugout-embed-eyJrZXkiOiIiLCJwIjoiZ2F6ZXRhZXNwb3J0aXZhIiwicGwiOiI0a2hoSjVCWCJ9\"><\/div>\n<p><script type=\"text\/javascript\" src=\"https:\/\/embed.onefootball.com\/inline\/gazetaesportiva.js\"><\/script><\/p>\n<p>Logo na sequ\u00eancia, o S\u00e3o Paulo volta a enfrentar o Boca Juniors, dessa vez no jogo de volta das quartas da Sul-Americana, no Morumbis, no dia 15 de setembro (ter\u00e7a-feira). As partidas do m\u00eas se encerram contra o Internacional, com data ainda e hor\u00e1rio ainda a definir, tamb\u00e9m no Morumbis.<\/p>\n<p>\u201cTenho certeza que teremos dois grandes jogos nessa fase da Sul-Americana, e vamos fazer de tudo para finalizar positivamente perante o nosso torcedor. Nossa pr\u00f3xima partida ser\u00e1 [contra] o Atl\u00e9tico-MG, e temos que preparar ao m\u00e1ximo essa equipe para alcan\u00e7ar pontos importantes que nos aproxime das equipes mais \u00e0 frente\u201d, completou o treinador.<\/p>\n<p>Na vit\u00f3ria por 2 a 1 sobre o Red Bull Bragantino, Dorival voltou a testar o S\u00e3o Paulo com o sistema de tr\u00eas zagueiros. A forma\u00e7\u00e3o deu certo, mas o comandante preferiu manter o mist\u00e9rio quanto \u00e0 continuidade da t\u00e1tica defensiva para a sequ\u00eancia decisiva de setembro.<\/p>\n<p>\u201cCada partida requer uma forma de jogar. Em muitos dos jogos que n\u00f3s deixamos pontos ao longo do caminho,\u00a0 sofremos muito pouco, s\u00f3 que nessas mesmas partidas, um detalha definia a sorte. E geralmente vinha acontecendo com bolas paradas. Se n\u00e3o me engano, foram seis gols dessa forma. N\u00e3o quer dizer que com tr\u00eas zagueiros n\u00f3s j\u00e1 ter\u00edamos uma condi\u00e7\u00e3o resolvida. \u00c0s vezes, isso n\u00e3o acontece. Mas fomos muito incisivos e muito diretos nas nossas decis\u00f5es, e sofremos menos nesse sentido. Espero que continuemos melhorando e possamos voltar a crescer\u201d, analisou.<\/p>\n<h2><strong>Confira o calend\u00e1rio do S\u00e3o Paulo em setembro:\u00a0<\/strong><\/h2>\n<p><strong>S\u00e3o Paulo x Red Bull Bragantino<\/strong>, 25\u00aa rodada do Brasileir\u00e3o \u2014 05\/09 (s\u00e1bado), \u00e0s 18h30, no Morumbis (SP)<\/p>\n<p><strong>Boca Juniors x S\u00e3o Paulo<\/strong>, ida das quarta da Sul-Americana \u2014 08\/09 (ter\u00e7a-feira), \u00e0s 21h30, em La Bombonera (ARG)<\/p>\n<p><strong>Palmeiras x S\u00e3o Paulo<\/strong>, 26\u00aa rodada do Brasileir\u00e3o \u2014 a definir, no Nubank Parque (SP)<\/p>\n<p><strong>S\u00e3o Paulo x Boca Juniors<\/strong>, volta das quartas da Sul-Americana \u2014 15\/09 (ter\u00e7a-feira), \u00e0s 21h30, no Morumbis (SP)<\/p>\n<p><strong>S\u00e3o Paulo x Internacional<\/strong>, 27\u00aa rodada do Brasileir\u00e3o \u2014 a definir, no Morumbis (SP)<\/p>\n<p>O post <a href=\"https:\/\/www.gazetaesportiva.com\/times\/sao-paulo\/nova-semana-livre-abre-caminho-para-sao-paulo-recuperar-baixas-para-sequencia-decisiva\/\">Nova semana livre abre caminho para S\u00e3o Paulo recuperar baixas para sequ\u00eancia decisiva<\/a> apareceu primeiro em <a href=\"https:\/\/www.gazetaesportiva.com\">Gazeta Esportiva<\/a>.<\/p>\n","protected":false},"excerpt":{"rendered":"<p>O S\u00e3o Paulo ter\u00e1 um respiro em meio ao extenuante calend\u00e1rio do futebol brasileiro e conta com mais<\/p>\n","protected":false},"author":1,"featured_media":11659,"comment_status":"open","ping_status":"open","sticky":false,"template":"","format":"standard","meta":{"footnotes":""},"categories":[71],"tags":[],"class_list":["post-11658","post","type-post","status-publish","format-standard","has-post-thumbnail","hentry","category-esportes-news"],"_links":{"self":[{"href":"https:\/\/portalbahianoticia.com.br\/index.php?rest_route=\/wp\/v2\/posts\/11658","targetHints":{"allow":["GET"]}}],"collection":[{"href":"https:\/\/portalbahianoticia.com.br\/index.php?rest_route=\/wp\/v2\/posts"}],"about":[{"href":"https:\/\/portalbahianoticia.com.br\/index.php?rest_route=\/wp\/v2\/types\/post"}],"author":[{"embeddable":true,"href":"https:\/\/portalbahianoticia.com.br\/index.php?rest_route=\/wp\/v2\/users\/1"}],"replies":[{"embeddable":true,"href":"https:\/\/portalbahianoticia.com.br\/index.php?rest_route=%2Fwp%2Fv2%2Fcomments&post=11658"}],"version-history":[{"count":0,"href":"https:\/\/portalbahianoticia.com.br\/index.php?rest_route=\/wp\/v2\/posts\/11658\/revisions"}],"wp:featuredmedia":[{"embeddable":true,"href":"https:\/\/portalbahianoticia.com.br\/index.php?rest_route=\/wp\/v2\/media\/11659"}],"wp:attachment":[{"href":"https:\/\/portalbahianoticia.com.br\/index.php?rest_route=%2Fwp%2Fv2%2Fmedia&parent=11658"}],"wp:term":[{"taxonomy":"category","embeddable":true,"href":"https:\/\/portalbahianoticia.com.br\/index.php?rest_route=%2Fwp%2Fv2%2Fcategories&post=11658"},{"taxonomy":"post_tag","embeddable":true,"href":"https:\/\/portalbahianoticia.com.br\/index.php?rest_route=%2Fwp%2Fv2%2Ftags&post=11658"}],"curies":[{"name":"wp","href":"https:\/\/api.w.org\/{rel}","templated":true}]}}