{"id":11652,"date":"2026-09-01T03:13:16","date_gmt":"2026-09-01T06:13:16","guid":{"rendered":"https:\/\/portalbahianoticia.com.br\/?p=11652"},"modified":"2026-09-01T03:13:16","modified_gmt":"2026-09-01T06:13:16","slug":"bia-erra-penalti-e-palmeiras-empata-com-o-bahia-pelo-brasileiro-feminino","status":"publish","type":"post","link":"https:\/\/portalbahianoticia.com.br\/?p=11652","title":{"rendered":"Bia erra p\u00eanalti, e Palmeiras empata com o Bahia pelo Brasileiro feminino"},"content":{"rendered":"<p><span style=\"font-weight: 400;\">Nesta segunda-feira, o <strong><a href=\"https:\/\/www.gazetaesportiva.com\/times\/palmeiras\/\">Palmeiras<\/a><\/strong> empatou em 1 a 1 com o Bahia, pelo jogo de ida das quartas de final do Brasileir\u00e3o feminino, na Arena Fonte Nova, em Salvador (BA). Na segunda etapa, Bia Zaneratto perdeu um p\u00eanalti que podia dar a vit\u00f3ria ao Alviverde.<\/span><\/p>\n<p><strong>Veja tamb\u00e9m:<\/strong><br \/>\n<strong><a href=\"https:\/\/www.gazetaesportiva.com\/todas-as-noticias\/\">Todas as not\u00edcias da Gazeta Esportiva<\/a><\/strong><br \/>\n<strong><a href=\"https:\/\/www.youtube.com\/channel\/UCcndglQZmXnYjgE_Grqt5yg\">Canal da Gazeta Esportiva no YouTube<\/a><\/strong><br \/>\n<strong><a href=\"https:\/\/www.instagram.com\/gazetaesportiva\/\">Siga a Gazeta Esportiva no Instagram<\/a><br \/>\n<\/strong><strong><a href=\"https:\/\/whatsapp.com\/channel\/0029Va9JQFL3WHTguJNfam3U\">Participe do canal da Gazeta Esportiva no WhatsApp<\/a>\u00a0<\/strong><\/p>\n<h2><b>Situa\u00e7\u00e3o do confronto<\/b><\/h2>\n<p><span style=\"font-weight: 400;\">Com o resultado, Bahia e Palmeiras v\u00e3o para o jogo da volta com o placar agregado em empate, deixando a decis\u00e3o para o segundo confronto. A pr\u00f3xima partida ser\u00e1 realizada nesta sexta-feira, \u00e0s 21h30 (de Bras\u00edlia), na Arena Crefisa Barueri, em Barueri (SP).<\/span><\/p>\n<h2><b><img decoding=\"async\" src=\"https:\/\/s.w.org\/images\/core\/emoji\/17.0.2\/72x72\/1f4cb.png\" alt=\"\ud83d\udccb\" class=\"wp-smiley\" style=\"height: 1em; max-height: 1em;\" \/> Resumo do jogo<\/b><\/h2>\n<h3><span style=\"font-weight: 400;\"><img decoding=\"async\" src=\"https:\/\/s.w.org\/images\/core\/emoji\/17.0.2\/72x72\/1f535.png\" alt=\"\ud83d\udd35\" class=\"wp-smiley\" style=\"height: 1em; max-height: 1em;\" \/><img decoding=\"async\" src=\"https:\/\/s.w.org\/images\/core\/emoji\/17.0.2\/72x72\/26aa.png\" alt=\"\u26aa\" class=\"wp-smiley\" style=\"height: 1em; max-height: 1em;\" \/><img decoding=\"async\" src=\"https:\/\/s.w.org\/images\/core\/emoji\/17.0.2\/72x72\/1f534.png\" alt=\"\ud83d\udd34\" class=\"wp-smiley\" style=\"height: 1em; max-height: 1em;\" \/><\/span><b>BAHIA 1 X 1 PALMEIRAS<\/b><span style=\"font-weight: 400;\"><img decoding=\"async\" src=\"https:\/\/s.w.org\/images\/core\/emoji\/17.0.2\/72x72\/1f7e2.png\" alt=\"\ud83d\udfe2\" class=\"wp-smiley\" style=\"height: 1em; max-height: 1em;\" \/><img decoding=\"async\" src=\"https:\/\/s.w.org\/images\/core\/emoji\/17.0.2\/72x72\/26aa.png\" alt=\"\u26aa\" class=\"wp-smiley\" style=\"height: 1em; max-height: 1em;\" \/><\/span><\/h3>\n<p><span style=\"font-weight: 400;\"><img decoding=\"async\" src=\"https:\/\/s.w.org\/images\/core\/emoji\/17.0.2\/72x72\/1f3c6.png\" alt=\"\ud83c\udfc6\" class=\"wp-smiley\" style=\"height: 1em; max-height: 1em;\" \/> <\/span><b>Competi\u00e7\u00e3o:<\/b><span style=\"font-weight: 400;\"> Brasileir\u00e3o Feminino \u2013 Quartas de final (ida)<\/span><span style=\"font-weight: 400;\"><br \/>\n<\/span><span style=\"font-weight: 400;\"><img decoding=\"async\" src=\"https:\/\/s.w.org\/images\/core\/emoji\/17.0.2\/72x72\/1f3df.png\" alt=\"\ud83c\udfdf\" class=\"wp-smiley\" style=\"height: 1em; max-height: 1em;\" \/> <\/span><b>Local:<\/b><span style=\"font-weight: 400;\"> Arena Fonte Nova, Salvador (BA)<\/span><span style=\"font-weight: 400;\"><br \/>\n<\/span><span style=\"font-weight: 400;\"><img decoding=\"async\" src=\"https:\/\/s.w.org\/images\/core\/emoji\/17.0.2\/72x72\/1f4c5.png\" alt=\"\ud83d\udcc5\" class=\"wp-smiley\" style=\"height: 1em; max-height: 1em;\" \/> <\/span><b>Data:<\/b><span style=\"font-weight: 400;\"> 31 de agosto de 2026 (segunda-feira)<\/span><span style=\"font-weight: 400;\"><br \/>\n<\/span><span style=\"font-weight: 400;\"><img decoding=\"async\" src=\"https:\/\/s.w.org\/images\/core\/emoji\/17.0.2\/72x72\/23f0.png\" alt=\"\u23f0\" class=\"wp-smiley\" style=\"height: 1em; max-height: 1em;\" \/> <\/span><b>Hor\u00e1rio:<\/b><span style=\"font-weight: 400;\"> 21h30 (de Bras\u00edlia)<\/span><\/p>\n<p><b>Gols<\/b><\/p>\n<ul>\n<li style=\"font-weight: 400;\" aria-level=\"1\"><span style=\"font-weight: 400;\"><img decoding=\"async\" src=\"https:\/\/s.w.org\/images\/core\/emoji\/17.0.2\/72x72\/26bd.png\" alt=\"\u26bd\" class=\"wp-smiley\" style=\"height: 1em; max-height: 1em;\" \/> Brena, aos 29\u2019 do 1\u00baT (Palmeiras)<\/span><\/li>\n<li style=\"font-weight: 400;\" aria-level=\"1\"><span style=\"font-weight: 400;\"><img decoding=\"async\" src=\"https:\/\/s.w.org\/images\/core\/emoji\/17.0.2\/72x72\/26bd.png\" alt=\"\u26bd\" class=\"wp-smiley\" style=\"height: 1em; max-height: 1em;\" \/> Wendy Carballo, aos 44\u2032 do 1\u00baT (Bahia)<\/span><\/li>\n<\/ul>\n<h2><b>Como foi o jogo\u00a0<\/b><\/h2>\n<p><span style=\"font-weight: 400;\">Aos 29 minutos de jogo, Ra\u00edssa Bahia recebeu no ataque e passou para Brena, que chegou batendo da entrada da \u00e1rea e abriu o placar para o Palmeiras.<\/span><\/p>\n<p><span style=\"font-weight: 400;\">Na reta final do primeiro tempo, aos 44, em jogada de contra-ataque, Wendy Carballo recebeu pela esquerda na intermedi\u00e1ria, levou at\u00e9 a \u00e1rea e bateu colocado, contando com o desvio em Pati Maldaner, para empatar o jogo para o Bahia.\u00a0<\/span><\/p>\n<p>Aos 16 da segunda etapa, o Palmeiras teve um p\u00eanalti marcado ao seu favor e Bia Zaneratto parou na defesa da goleira Yanne.<\/p>\n<h2><b>Jogo da volta<\/b><\/h2>\n<p><span style=\"font-weight: 400;\"><img decoding=\"async\" src=\"https:\/\/s.w.org\/images\/core\/emoji\/17.0.2\/72x72\/2694.png\" alt=\"\u2694\" class=\"wp-smiley\" style=\"height: 1em; max-height: 1em;\" \/> <\/span><b>Jogo: <\/b><span style=\"font-weight: 400;\">Palmeiras x Bahia<\/span><br \/>\n<span style=\"font-weight: 400;\"><img decoding=\"async\" src=\"https:\/\/s.w.org\/images\/core\/emoji\/17.0.2\/72x72\/1f3c6.png\" alt=\"\ud83c\udfc6\" class=\"wp-smiley\" style=\"height: 1em; max-height: 1em;\" \/> <\/span><b>Competi\u00e7\u00e3o:<\/b><span style=\"font-weight: 400;\"> Brasileir\u00e3o Feminino \u2013 Quartas de final (volta)<\/span><br \/>\n<span style=\"font-weight: 400;\"><img decoding=\"async\" src=\"https:\/\/s.w.org\/images\/core\/emoji\/17.0.2\/72x72\/1f4c5.png\" alt=\"\ud83d\udcc5\" class=\"wp-smiley\" style=\"height: 1em; max-height: 1em;\" \/> <\/span><b>Data:<\/b><span style=\"font-weight: 400;\"> 4 de setembro de 2026 (sexta-feira)<\/span><br \/>\n<span style=\"font-weight: 400;\"><img decoding=\"async\" src=\"https:\/\/s.w.org\/images\/core\/emoji\/17.0.2\/72x72\/23f0.png\" alt=\"\u23f0\" class=\"wp-smiley\" style=\"height: 1em; max-height: 1em;\" \/> <\/span><b>Hor\u00e1rio:<\/b><span style=\"font-weight: 400;\"> 21h30 (de Bras\u00edlia)<\/span><br \/>\n<span style=\"font-weight: 400;\"><img decoding=\"async\" src=\"https:\/\/s.w.org\/images\/core\/emoji\/17.0.2\/72x72\/1f3df.png\" alt=\"\ud83c\udfdf\" class=\"wp-smiley\" style=\"height: 1em; max-height: 1em;\" \/> <\/span><b>Local: <\/b><span style=\"font-weight: 400;\">Arena Crefisa Barueri, Barueri (SP)<\/span><\/p>\n<div class=\"dugout-video dugout-embed-eyJrZXkiOiIiLCJwIjoiZ2F6ZXRhZXNwb3J0aXZhIiwicGwiOiI0a2hoSjVCWCJ9\"><\/div>\n<p><script type=\"text\/javascript\" src=\"https:\/\/embed.onefootball.com\/inline\/gazetaesportiva.js\"><\/script><\/p>\n<p>O post <a href=\"https:\/\/www.gazetaesportiva.com\/times\/palmeiras\/bahia-palmeiras-empate-quartas-brasileirao-feminino-2026\/\">Bia erra p\u00eanalti, e Palmeiras empata com o Bahia pelo Brasileiro feminino<\/a> apareceu primeiro em <a href=\"https:\/\/www.gazetaesportiva.com\">Gazeta Esportiva<\/a>.<\/p>\n","protected":false},"excerpt":{"rendered":"<p>Nesta segunda-feira, o Palmeiras empatou em 1 a 1 com o Bahia, pelo jogo de ida das quartas<\/p>\n","protected":false},"author":1,"featured_media":11653,"comment_status":"open","ping_status":"open","sticky":false,"template":"","format":"standard","meta":{"footnotes":""},"categories":[71],"tags":[],"class_list":["post-11652","post","type-post","status-publish","format-standard","has-post-thumbnail","hentry","category-esportes-news"],"_links":{"self":[{"href":"https:\/\/portalbahianoticia.com.br\/index.php?rest_route=\/wp\/v2\/posts\/11652","targetHints":{"allow":["GET"]}}],"collection":[{"href":"https:\/\/portalbahianoticia.com.br\/index.php?rest_route=\/wp\/v2\/posts"}],"about":[{"href":"https:\/\/portalbahianoticia.com.br\/index.php?rest_route=\/wp\/v2\/types\/post"}],"author":[{"embeddable":true,"href":"https:\/\/portalbahianoticia.com.br\/index.php?rest_route=\/wp\/v2\/users\/1"}],"replies":[{"embeddable":true,"href":"https:\/\/portalbahianoticia.com.br\/index.php?rest_route=%2Fwp%2Fv2%2Fcomments&post=11652"}],"version-history":[{"count":0,"href":"https:\/\/portalbahianoticia.com.br\/index.php?rest_route=\/wp\/v2\/posts\/11652\/revisions"}],"wp:featuredmedia":[{"embeddable":true,"href":"https:\/\/portalbahianoticia.com.br\/index.php?rest_route=\/wp\/v2\/media\/11653"}],"wp:attachment":[{"href":"https:\/\/portalbahianoticia.com.br\/index.php?rest_route=%2Fwp%2Fv2%2Fmedia&parent=11652"}],"wp:term":[{"taxonomy":"category","embeddable":true,"href":"https:\/\/portalbahianoticia.com.br\/index.php?rest_route=%2Fwp%2Fv2%2Fcategories&post=11652"},{"taxonomy":"post_tag","embeddable":true,"href":"https:\/\/portalbahianoticia.com.br\/index.php?rest_route=%2Fwp%2Fv2%2Ftags&post=11652"}],"curies":[{"name":"wp","href":"https:\/\/api.w.org\/{rel}","templated":true}]}}