{"id":11648,"date":"2026-09-01T03:13:18","date_gmt":"2026-09-01T06:13:18","guid":{"rendered":"https:\/\/portalbahianoticia.com.br\/?p=11648"},"modified":"2026-09-01T03:13:18","modified_gmt":"2026-09-01T06:13:18","slug":"bia-zaneratto-lamenta-penalti-perdido-em-empate-do-palmeiras-com-o-bahia","status":"publish","type":"post","link":"https:\/\/portalbahianoticia.com.br\/?p=11648","title":{"rendered":"Bia Zaneratto lamenta p\u00eanalti perdido em empate do Palmeiras com o Bahia"},"content":{"rendered":"<p>Nesta segunda-feira, o <strong><a href=\"https:\/\/www.gazetaesportiva.com\/times\/palmeiras\/\">Palmeiras<\/a><\/strong> ficou no empate em 1 a 1 com o Bahia, pelo jogo de ida das quartas de final do Brasileir\u00e3o Feminino, na Arena Fonte Nova, em Salvador (BA). Ap\u00f3s a partida, a atacante Bia Zaneratto lamentou p\u00eanalti perdido que poderia deixar o Alviverde em vantagem.<\/p>\n<p>Aos 16 minutos da segunda etapa, a cobran\u00e7a da camisa 10 e capit\u00e3 do Palmeiras parou na goleira Yanna, do Bahia.<\/p>\n<p>\u201cA gente levou como uma derrota, viemos pra buscar a vit\u00f3ria. Responsabilidade minha tamb\u00e9m. Treino para caramba e ter errado hoje me frustrou bastante. Mas a gente tentou at\u00e9 o \u00faltimo minuto buscar o gol, porque pra n\u00f3s o que importava mesmo era a vit\u00f3ria. Mas tem mais duelo em casa e com certeza vamos buscar a vit\u00f3ria pra nos classificarmos.\u201d, disse.<\/p>\n<p>\u201cA gente trabalha bastante essa quest\u00e3o da finaliza\u00e7\u00e3o. Fomos infelizes hoje de n\u00e3o colocar a bola para dentro. Acho que no nosso \u00faltimo jogo fizemos isso muito bem, e a gente consegue fazer quatro gols. Hoje n\u00e3o fomos t\u00e3o felizes nesse aspecto.\u201d, lamentou.<\/p>\n<p>\u201cEnt\u00e3o vamos trabalhar mais essa semana pra que no jogo em casa a gente possa fazer melhor esse \u00faltimo passe e essa conclus\u00e3o em gol. E tamb\u00e9m, hoje a responsabilidade toda minha, ali na \u00e1rea do p\u00eanalti. Treino bastante e n\u00e3o poderia ter errado. Mas agora \u00e9 trabalhar mais forte pra que no pr\u00f3ximo jogo a gente saia com a vit\u00f3ria.\u201d, concluiu.<\/p>\n<p><strong>Veja tamb\u00e9m:<\/strong><br \/>\n<strong><a href=\"https:\/\/www.gazetaesportiva.com\/todas-as-noticias\/\">Todas as not\u00edcias da Gazeta Esportiva<\/a><\/strong><br \/>\n<strong><a href=\"https:\/\/www.youtube.com\/channel\/UCcndglQZmXnYjgE_Grqt5yg\">Canal da Gazeta Esportiva no YouTube<\/a><\/strong><br \/>\n<strong><a href=\"https:\/\/www.instagram.com\/gazetaesportiva\/\">Siga a Gazeta Esportiva no Instagram<\/a><br \/>\n<\/strong><strong><a href=\"https:\/\/whatsapp.com\/channel\/0029Va9JQFL3WHTguJNfam3U\">Participe do canal da Gazeta Esportiva no WhatsApp<\/a>\u00a0<\/strong><\/p>\n<h2>Tudo igual<\/h2>\n<p><span style=\"font-weight: 400;\">Com o resultado, Bahia e Palmeiras v\u00e3o para o jogo da volta com o placar agregado em empate, deixando a decis\u00e3o para o segundo confronto. A pr\u00f3xima partida ser\u00e1 realizada nesta sexta-feira, \u00e0s 21h30 (de Bras\u00edlia), na Arena Crefisa Barueri, em Barueri (SP).<\/span><\/p>\n<h2>Jogo da volta<\/h2>\n<p><span style=\"font-weight: 400;\"><img decoding=\"async\" src=\"https:\/\/s.w.org\/images\/core\/emoji\/17.0.2\/72x72\/2694.png\" alt=\"\u2694\" class=\"wp-smiley\" style=\"height: 1em; max-height: 1em;\" \/> <\/span><b>Jogo: <\/b><span style=\"font-weight: 400;\">Palmeiras x Bahia<\/span><br \/>\n<span style=\"font-weight: 400;\"><img decoding=\"async\" src=\"https:\/\/s.w.org\/images\/core\/emoji\/17.0.2\/72x72\/1f3c6.png\" alt=\"\ud83c\udfc6\" class=\"wp-smiley\" style=\"height: 1em; max-height: 1em;\" \/> <\/span><b>Competi\u00e7\u00e3o:<\/b><span style=\"font-weight: 400;\"> Brasileir\u00e3o Feminino \u2013 Quartas de final (volta)<\/span><br \/>\n<span style=\"font-weight: 400;\"><img decoding=\"async\" src=\"https:\/\/s.w.org\/images\/core\/emoji\/17.0.2\/72x72\/1f4c5.png\" alt=\"\ud83d\udcc5\" class=\"wp-smiley\" style=\"height: 1em; max-height: 1em;\" \/> <\/span><b>Data:<\/b><span style=\"font-weight: 400;\"> 4 de setembro de 2026 (sexta-feira)<\/span><br \/>\n<span style=\"font-weight: 400;\"><img decoding=\"async\" src=\"https:\/\/s.w.org\/images\/core\/emoji\/17.0.2\/72x72\/23f0.png\" alt=\"\u23f0\" class=\"wp-smiley\" style=\"height: 1em; max-height: 1em;\" \/> <\/span><b>Hor\u00e1rio:<\/b><span style=\"font-weight: 400;\"> 21h30 (de Bras\u00edlia)<\/span><br \/>\n<span style=\"font-weight: 400;\"><img decoding=\"async\" src=\"https:\/\/s.w.org\/images\/core\/emoji\/17.0.2\/72x72\/1f3df.png\" alt=\"\ud83c\udfdf\" class=\"wp-smiley\" style=\"height: 1em; max-height: 1em;\" \/> <\/span><b>Local: <\/b><span style=\"font-weight: 400;\">Arena Crefisa Barueri, Barueri (SP)<\/span><\/p>\n<div class=\"dugout-video dugout-embed-eyJrZXkiOiIiLCJwIjoiZ2F6ZXRhZXNwb3J0aXZhIiwicGwiOiI0a2hoSjVCWCJ9\"><\/div>\n<p><script type=\"text\/javascript\" src=\"https:\/\/embed.onefootball.com\/inline\/gazetaesportiva.js\"><\/script><\/p>\n<p>O post <a href=\"https:\/\/www.gazetaesportiva.com\/times\/palmeiras\/bia-zaneratto-lamenta-penalti-palmeiras-bahia-brasileirao-feminino\/\">Bia Zaneratto lamenta p\u00eanalti perdido em empate do Palmeiras com o Bahia<\/a> apareceu primeiro em <a href=\"https:\/\/www.gazetaesportiva.com\">Gazeta Esportiva<\/a>.<\/p>\n","protected":false},"excerpt":{"rendered":"<p>Nesta segunda-feira, o Palmeiras ficou no empate em 1 a 1 com o Bahia, pelo jogo de ida<\/p>\n","protected":false},"author":1,"featured_media":11649,"comment_status":"open","ping_status":"open","sticky":false,"template":"","format":"standard","meta":{"footnotes":""},"categories":[71],"tags":[],"class_list":["post-11648","post","type-post","status-publish","format-standard","has-post-thumbnail","hentry","category-esportes-news"],"_links":{"self":[{"href":"https:\/\/portalbahianoticia.com.br\/index.php?rest_route=\/wp\/v2\/posts\/11648","targetHints":{"allow":["GET"]}}],"collection":[{"href":"https:\/\/portalbahianoticia.com.br\/index.php?rest_route=\/wp\/v2\/posts"}],"about":[{"href":"https:\/\/portalbahianoticia.com.br\/index.php?rest_route=\/wp\/v2\/types\/post"}],"author":[{"embeddable":true,"href":"https:\/\/portalbahianoticia.com.br\/index.php?rest_route=\/wp\/v2\/users\/1"}],"replies":[{"embeddable":true,"href":"https:\/\/portalbahianoticia.com.br\/index.php?rest_route=%2Fwp%2Fv2%2Fcomments&post=11648"}],"version-history":[{"count":0,"href":"https:\/\/portalbahianoticia.com.br\/index.php?rest_route=\/wp\/v2\/posts\/11648\/revisions"}],"wp:featuredmedia":[{"embeddable":true,"href":"https:\/\/portalbahianoticia.com.br\/index.php?rest_route=\/wp\/v2\/media\/11649"}],"wp:attachment":[{"href":"https:\/\/portalbahianoticia.com.br\/index.php?rest_route=%2Fwp%2Fv2%2Fmedia&parent=11648"}],"wp:term":[{"taxonomy":"category","embeddable":true,"href":"https:\/\/portalbahianoticia.com.br\/index.php?rest_route=%2Fwp%2Fv2%2Fcategories&post=11648"},{"taxonomy":"post_tag","embeddable":true,"href":"https:\/\/portalbahianoticia.com.br\/index.php?rest_route=%2Fwp%2Fv2%2Ftags&post=11648"}],"curies":[{"name":"wp","href":"https:\/\/api.w.org\/{rel}","templated":true}]}}