{"id":11644,"date":"2026-09-01T03:13:20","date_gmt":"2026-09-01T06:13:20","guid":{"rendered":"https:\/\/portalbahianoticia.com.br\/?p=11644"},"modified":"2026-09-01T03:13:20","modified_gmt":"2026-09-01T06:13:20","slug":"saf-com-ronaldo-fenomeno-e-roberto-carlos-e-aprovada-pela-inter-de-limeira","status":"publish","type":"post","link":"https:\/\/portalbahianoticia.com.br\/?p=11644","title":{"rendered":"SAF com Ronaldo Fen\u00f4meno e Roberto Carlos \u00e9 aprovada pela Inter de Limeira"},"content":{"rendered":"<p>A Inter de Limeira aprovou, nesta segunda-feira, a constitui\u00e7\u00e3o de sua Sociedade An\u00f4nima do Futebol (SAF), em Assembleia Geral Extraordin\u00e1ria. A opera\u00e7\u00e3o prev\u00ea a venda de 80% das a\u00e7\u00f5es da SAF a um grupo de investidores liderado por Enrico Ambrogini, que conta com a participa\u00e7\u00e3o dos ex-jogadores, campe\u00f5es mundiais pela Sele\u00e7\u00e3o Brasileira, Ronaldo Fen\u00f4meno e Roberto Carlos.<\/p>\n<p>Neste ano, a equipe disputa a S\u00e9rie C do Brasileir\u00e3o e se classificou para a segunda fase, na quinta coloc\u00e7\u00e3o.<\/p>\n<p>A assembleia contou com a participa\u00e7\u00e3o de 54 conselheiros, que deliberaram sobre a cria\u00e7\u00e3o da SAF e a continuidade dos procedimentos necess\u00e1rios para a formaliza\u00e7\u00e3o da opera\u00e7\u00e3o. A Inter de Limeira permanecer\u00e1 com 20% das a\u00e7\u00f5es da nova sociedade.<\/p>\n<p><strong>Veja tamb\u00e9m:<\/strong><br \/>\n<strong><a href=\"https:\/\/www.gazetaesportiva.com\/todas-as-noticias\/\">Todas as not\u00edcias da Gazeta Esportiva<\/a><\/strong><br \/>\n<strong><a href=\"https:\/\/www.youtube.com\/channel\/UCcndglQZmXnYjgE_Grqt5yg\">Canal da Gazeta Esportiva no YouTube<\/a><\/strong><br \/>\n<strong><a href=\"https:\/\/www.instagram.com\/gazetaesportiva\/\">Siga a Gazeta Esportiva no Instagram<\/a><br \/>\n<\/strong><strong><a href=\"https:\/\/whatsapp.com\/channel\/0029Va9JQFL3WHTguJNfam3U\">Participe do canal da Gazeta Esportiva no WhatsApp<\/a>\u00a0<\/strong><\/p>\n<p>O processo teve in\u00edcio em 2023, com a cria\u00e7\u00e3o da Comiss\u00e3o SAF do time do interior paulista Desde ent\u00e3o, o clube realizou estudos e avalia\u00e7\u00f5es sobre diferentes modelos de estrutura\u00e7\u00e3o.<\/p>\n<p>A proposta aprovada come\u00e7ou a ser discutida em dezembro de 2025, ap\u00f3s a apresenta\u00e7\u00e3o de uma oferta por parte de Ambrogini. Em mar\u00e7o deste ano, os conselheiros autorizaram a continuidade das negocia\u00e7\u00f5es. Em maio, foi firmado um Memorando de Entendimentos entre as partes.<\/p>\n<p>Nos meses seguintes, a opera\u00e7\u00e3o passou por an\u00e1lises envolvendo aspectos societ\u00e1rios, jur\u00eddicos, financeiros, patrimoniais e de governan\u00e7a. O trabalho contou com a participa\u00e7\u00e3o dos \u00f3rg\u00e3os internos da Inter de Limeira, al\u00e9m de investidores e consultorias contratadas pelo clube.<\/p>\n<p>Durante a assembleia, foram apresentadas decis\u00f5es favor\u00e1veis do Conselho Deliberativo, da Comiss\u00e3o SAF e do Conselho Fiscal. Segundo o clube, a Comiss\u00e3o SAF considerou os estudos desenvolvidos ao longo dos \u00faltimos anos e as altera\u00e7\u00f5es incorporadas \u00e0 proposta durante as negocia\u00e7\u00f5es.<\/p>\n<p>A Inter de Limeira tamb\u00e9m contou com o apoio da Sports Value, respons\u00e1vel pelas avalia\u00e7\u00f5es econ\u00f4micas e financeiras do projeto, e do escrit\u00f3rio Monteiro Castro Setoguti Advogados, respons\u00e1vel pelo assessoramento jur\u00eddico da opera\u00e7\u00e3o.<\/p>\n<p>Com a aprova\u00e7\u00e3o da assembleia, a Inter de Limeira avan\u00e7a para as etapas finais de formaliza\u00e7\u00e3o da SAF. O grupo de investidores passar\u00e1 a deter o controle da sociedade, enquanto o clube seguir\u00e1 como acionista minorit\u00e1rio da nova estrutura.<\/p>\n<div class=\"dugout-video dugout-embed-eyJrZXkiOiIiLCJwIjoiZ2F6ZXRhZXNwb3J0aXZhIiwicGwiOiI0a2hoSjVCWCJ9\"><\/div>\n<p><script type=\"text\/javascript\" src=\"https:\/\/embed.onefootball.com\/inline\/gazetaesportiva.js\"><\/script><\/p>\n<p>O post <a href=\"https:\/\/www.gazetaesportiva.com\/campeonatos\/brasileiro-serie-c\/inter-limeira-aprova-saf-ronaldo-roberto-carlos\/\">SAF com Ronaldo Fen\u00f4meno e Roberto Carlos \u00e9 aprovada pela Inter de Limeira<\/a> apareceu primeiro em <a href=\"https:\/\/www.gazetaesportiva.com\">Gazeta Esportiva<\/a>.<\/p>\n","protected":false},"excerpt":{"rendered":"<p>A Inter de Limeira aprovou, nesta segunda-feira, a constitui\u00e7\u00e3o de sua Sociedade An\u00f4nima do Futebol (SAF), em Assembleia<\/p>\n","protected":false},"author":1,"featured_media":11645,"comment_status":"open","ping_status":"open","sticky":false,"template":"","format":"standard","meta":{"footnotes":""},"categories":[71],"tags":[],"class_list":["post-11644","post","type-post","status-publish","format-standard","has-post-thumbnail","hentry","category-esportes-news"],"_links":{"self":[{"href":"https:\/\/portalbahianoticia.com.br\/index.php?rest_route=\/wp\/v2\/posts\/11644","targetHints":{"allow":["GET"]}}],"collection":[{"href":"https:\/\/portalbahianoticia.com.br\/index.php?rest_route=\/wp\/v2\/posts"}],"about":[{"href":"https:\/\/portalbahianoticia.com.br\/index.php?rest_route=\/wp\/v2\/types\/post"}],"author":[{"embeddable":true,"href":"https:\/\/portalbahianoticia.com.br\/index.php?rest_route=\/wp\/v2\/users\/1"}],"replies":[{"embeddable":true,"href":"https:\/\/portalbahianoticia.com.br\/index.php?rest_route=%2Fwp%2Fv2%2Fcomments&post=11644"}],"version-history":[{"count":0,"href":"https:\/\/portalbahianoticia.com.br\/index.php?rest_route=\/wp\/v2\/posts\/11644\/revisions"}],"wp:featuredmedia":[{"embeddable":true,"href":"https:\/\/portalbahianoticia.com.br\/index.php?rest_route=\/wp\/v2\/media\/11645"}],"wp:attachment":[{"href":"https:\/\/portalbahianoticia.com.br\/index.php?rest_route=%2Fwp%2Fv2%2Fmedia&parent=11644"}],"wp:term":[{"taxonomy":"category","embeddable":true,"href":"https:\/\/portalbahianoticia.com.br\/index.php?rest_route=%2Fwp%2Fv2%2Fcategories&post=11644"},{"taxonomy":"post_tag","embeddable":true,"href":"https:\/\/portalbahianoticia.com.br\/index.php?rest_route=%2Fwp%2Fv2%2Ftags&post=11644"}],"curies":[{"name":"wp","href":"https:\/\/api.w.org\/{rel}","templated":true}]}}