{"id":11642,"date":"2026-09-01T03:13:21","date_gmt":"2026-09-01T06:13:21","guid":{"rendered":"https:\/\/portalbahianoticia.com.br\/?p=11642"},"modified":"2026-09-01T03:13:21","modified_gmt":"2026-09-01T06:13:21","slug":"sdc-sports-faz-reuniao-com-conselho-e-se-diz-pronta-para-assumir-saf-do-santos","status":"publish","type":"post","link":"https:\/\/portalbahianoticia.com.br\/?p=11642","title":{"rendered":"SDC Sports faz reuni\u00e3o com Conselho e se diz pronta para assumir SAF do Santos"},"content":{"rendered":"<p>A SDC Sports deu mais um passo nas tratativas para investir na futura SAF do <strong><a href=\"https:\/\/www.gazetaesportiva.com\/times\/santos\/santos-treino-arthur-palmeiras-copa-do-brasil\/\">Santos<\/a><\/strong>. Na noite desta segunda-feira, representantes da empresa participaram de uma reuni\u00e3o extraordin\u00e1ria do Conselho Deliberativo para se apresentar aos conselheiros e explicar os motivos que levaram o grupo a se interessar pelo clube.<\/p>\n<p>O encontro n\u00e3o previa a apresenta\u00e7\u00e3o da proposta. A reuni\u00e3o teve como objetivo apresentar os executivos e o perfil do projeto aos membros do Conselho. Durante a exposi\u00e7\u00e3o, Jesse Fioranelli, consultor esportivo s\u00eanior da SDC, garantiu que o grupo est\u00e1 preparado para avan\u00e7ar. \u201cN\u00f3s estamos prontos!\u201d, afirmou.<\/p>\n<p>Fioranelli esteve acompanhado pelo cofundador Diego Garcia, pelo s\u00f3cio-diretor Michael Lipman e pelos consultores David Kirsch e Peter Cohen.<\/p>\n<h2>Elei\u00e7\u00e3o do Santos n\u00e3o interfere nos planos<\/h2>\n<p>Os representantes afirmaram que est\u00e3o prontos para concluir o investimento e garantiram que o cen\u00e1rio eleitoral do Santos n\u00e3o interfere nas decis\u00f5es futuras da SDC.<\/p>\n<p>Segundo o clube, a empresa estudou durante 11 meses sua estrutura e situa\u00e7\u00e3o atual. O processo de escolha do investidor foi conduzido com a XP Investimentos e envolveu 62 potenciais investidores antes de a SDC ser considerada a op\u00e7\u00e3o que melhor reuniu condi\u00e7\u00f5es para o projeto.<\/p>\n<p>A empresa destacou a for\u00e7a internacional da marca santista, a tradi\u00e7\u00e3o na forma\u00e7\u00e3o de jogadores e a rela\u00e7\u00e3o com a torcida entre os motivos para investir.<\/p>\n<p>\u201cO Clube \u00e9 um formador de talentos mundiais, que possui uma torcida apaixonada e engajada. Sabemos da necessidade de fortalecer o Santos FC para voltar a ter com grandeza tudo aquilo que nos fez estar aqui hoje\u201d, disse Fioranelli.<\/p>\n<blockquote class=\"instagram-media\" style=\"background: #FFF; border: 0; border-radius: 3px; box-shadow: 0 0 1px 0 rgba(0,0,0,0.5),0 1px 10px 0 rgba(0,0,0,0.15); margin: 1px; max-width: 540px; min-width: 326px; padding: 0; width: calc(100% - 2px);\" data-instgrm-captioned=\"\" data-instgrm-permalink=\"https:\/\/www.instagram.com\/p\/DctlxBwx0Od\/?utm_source=ig_embed&#038;utm_campaign=loading\" data-instgrm-version=\"14\">\n<div style=\"padding: 16px;\">\n<p>\u00a0<\/p>\n<div style=\"display: flex; flex-direction: row; align-items: center;\">\n<div style=\"background-color: #f4f4f4; border-radius: 50%; flex-grow: 0; height: 40px; margin-right: 14px; width: 40px;\"><\/div>\n<div style=\"display: flex; flex-direction: column; flex-grow: 1; justify-content: center;\">\n<div style=\"background-color: #f4f4f4; border-radius: 4px; flex-grow: 0; height: 14px; margin-bottom: 6px; width: 100px;\"><\/div>\n<div style=\"background-color: #f4f4f4; border-radius: 4px; flex-grow: 0; height: 14px; width: 60px;\"><\/div>\n<\/div>\n<\/div>\n<div style=\"padding: 19% 0;\"><\/div>\n<div style=\"display: block; height: 50px; margin: 0 auto 12px; width: 50px;\"><\/div>\n<div style=\"padding-top: 8px;\">\n<div style=\"color: #3897f0; font-family: Arial,sans-serif; font-size: 14px; font-style: normal; font-weight: 550; line-height: 18px;\">Ver essa foto no Instagram<\/div>\n<\/div>\n<div style=\"padding: 12.5% 0;\"><\/div>\n<div style=\"display: flex; flex-direction: row; margin-bottom: 14px; align-items: center;\">\n<div>\n<div style=\"background-color: #f4f4f4; border-radius: 50%; height: 12.5px; width: 12.5px; transform: translateX(0px) translateY(7px);\"><\/div>\n<div style=\"background-color: #f4f4f4; height: 12.5px; transform: rotate(-45deg) translateX(3px) translateY(1px); width: 12.5px; flex-grow: 0; margin-right: 14px; margin-left: 2px;\"><\/div>\n<div style=\"background-color: #f4f4f4; border-radius: 50%; height: 12.5px; width: 12.5px; transform: translateX(9px) translateY(-18px);\"><\/div>\n<\/div>\n<div style=\"margin-left: 8px;\">\n<div style=\"background-color: #f4f4f4; border-radius: 50%; flex-grow: 0; height: 20px; width: 20px;\"><\/div>\n<div style=\"width: 0; height: 0; border-top: 2px solid transparent; border-left: 6px solid #f4f4f4; border-bottom: 2px solid transparent; transform: translateX(16px) translateY(-4px) rotate(30deg);\"><\/div>\n<\/div>\n<div style=\"margin-left: auto;\">\n<div style=\"width: 0px; border-top: 8px solid #F4F4F4; border-right: 8px solid transparent; transform: translateY(16px);\"><\/div>\n<div style=\"background-color: #f4f4f4; flex-grow: 0; height: 12px; width: 16px; transform: translateY(-4px);\"><\/div>\n<div style=\"width: 0; height: 0; border-top: 8px solid #F4F4F4; border-left: 8px solid transparent; transform: translateY(-4px) translateX(8px);\"><\/div>\n<\/div>\n<\/div>\n<div style=\"display: flex; flex-direction: column; flex-grow: 1; justify-content: center; margin-bottom: 24px;\">\n<div style=\"background-color: #f4f4f4; border-radius: 4px; flex-grow: 0; height: 14px; margin-bottom: 6px; width: 224px;\"><\/div>\n<div style=\"background-color: #f4f4f4; border-radius: 4px; flex-grow: 0; height: 14px; width: 144px;\"><\/div>\n<\/div>\n<p>\u00a0<\/p>\n<p style=\"color: #c9c8cd; font-family: Arial,sans-serif; font-size: 14px; line-height: 17px; margin-bottom: 0; margin-top: 8px; overflow: hidden; padding: 8px 0 7px; text-align: center; text-overflow: ellipsis; white-space: nowrap;\"><a style=\"color: #c9c8cd; font-family: Arial,sans-serif; font-size: 14px; font-style: normal; font-weight: normal; line-height: 17px; text-decoration: none;\" href=\"https:\/\/www.instagram.com\/p\/DctlxBwx0Od\/?utm_source=ig_embed&#038;utm_campaign=loading\" target=\"_blank\" rel=\"noopener\">Um post compartilhado por Santos Futebol Clube (@santosfc)<\/a><\/p>\n<\/div>\n<\/blockquote>\n<p><script async src=\"\/\/www.instagram.com\/embed.js\"><\/script><\/p>\n<h2>SAF ainda depende de aprova\u00e7\u00f5es<\/h2>\n<p>Santos e SDC j\u00e1 assinaram um term sheet n\u00e3o vinculante que estabelece as bases para que a empresa adquira uma participa\u00e7\u00e3o acion\u00e1ria de controle na futura Santos SAF. Isso, por\u00e9m, n\u00e3o significa que a opera\u00e7\u00e3o esteja conclu\u00edda.<\/p>\n<p>O processo ainda depende de altera\u00e7\u00f5es estatut\u00e1rias, aprova\u00e7\u00f5es internas, conclus\u00e3o da dilig\u00eancia confirmat\u00f3ria e assinatura da documenta\u00e7\u00e3o definitiva.<\/p>\n<p>\u201cA diretoria executiva sempre teve um cuidado no assunto da SAF, mas, como n\u00f3s conclu\u00edmos hoje toda a documenta\u00e7\u00e3o, cabe ao Conselho Deliberativo entender esse procedimento, votar as devidas mudan\u00e7as estatut\u00e1rias para que, se for do desejo do conselho e do quadro associativo, ocorra a mudan\u00e7a para SAF ou n\u00e3o\u201d, afirmou Marcelo Teixeira, presidente do clube.<\/p>\n<h2>SDC apresenta vis\u00e3o para o Santos<\/h2>\n<p>Durante a reuni\u00e3o, os executivos tamb\u00e9m defenderam disciplina na gest\u00e3o de capital, melhorias estruturais e aprimoramento da forma\u00e7\u00e3o de atletas. Segundo eles, a soberania do Santos ser\u00e1 preservada.<\/p>\n<p>Fioranelli apresentou um planejamento dividido em tr\u00eas etapas: convic\u00e7\u00e3o no projeto, transi\u00e7\u00e3o para padr\u00f5es de alta performance e fortalecimento do chamado \u201cSelo Santista\u201d.<\/p>\n<p>\u201cA reconstru\u00e7\u00e3o exige uma vis\u00e3o de longo prazo\u201d, afirmou o executivo, que projetou uma evolu\u00e7\u00e3o sustent\u00e1vel para recolocar o Santos em condi\u00e7\u00f5es de disputar os principais t\u00edtulos.<\/p>\n<p>Com a apresenta\u00e7\u00e3o ao Conselho conclu\u00edda, as tratativas avan\u00e7am, mas qualquer mudan\u00e7a efetiva no controle do futebol santista continuar\u00e1 dependendo da aprova\u00e7\u00e3o dos \u00f3rg\u00e3os internos do clube.<\/p>\n<p>O post <a href=\"https:\/\/www.gazetaesportiva.com\/times\/santos\/sdc-sports-avanca-negociacoes-saf-santos\/\">SDC Sports faz reuni\u00e3o com Conselho e se diz pronta para assumir SAF do Santos<\/a> apareceu primeiro em <a href=\"https:\/\/www.gazetaesportiva.com\">Gazeta Esportiva<\/a>.<\/p>\n","protected":false},"excerpt":{"rendered":"<p>A SDC Sports deu mais um passo nas tratativas para investir na futura SAF do Santos. Na noite<\/p>\n","protected":false},"author":1,"featured_media":11643,"comment_status":"open","ping_status":"open","sticky":false,"template":"","format":"standard","meta":{"footnotes":""},"categories":[71],"tags":[],"class_list":["post-11642","post","type-post","status-publish","format-standard","has-post-thumbnail","hentry","category-esportes-news"],"_links":{"self":[{"href":"https:\/\/portalbahianoticia.com.br\/index.php?rest_route=\/wp\/v2\/posts\/11642","targetHints":{"allow":["GET"]}}],"collection":[{"href":"https:\/\/portalbahianoticia.com.br\/index.php?rest_route=\/wp\/v2\/posts"}],"about":[{"href":"https:\/\/portalbahianoticia.com.br\/index.php?rest_route=\/wp\/v2\/types\/post"}],"author":[{"embeddable":true,"href":"https:\/\/portalbahianoticia.com.br\/index.php?rest_route=\/wp\/v2\/users\/1"}],"replies":[{"embeddable":true,"href":"https:\/\/portalbahianoticia.com.br\/index.php?rest_route=%2Fwp%2Fv2%2Fcomments&post=11642"}],"version-history":[{"count":0,"href":"https:\/\/portalbahianoticia.com.br\/index.php?rest_route=\/wp\/v2\/posts\/11642\/revisions"}],"wp:featuredmedia":[{"embeddable":true,"href":"https:\/\/portalbahianoticia.com.br\/index.php?rest_route=\/wp\/v2\/media\/11643"}],"wp:attachment":[{"href":"https:\/\/portalbahianoticia.com.br\/index.php?rest_route=%2Fwp%2Fv2%2Fmedia&parent=11642"}],"wp:term":[{"taxonomy":"category","embeddable":true,"href":"https:\/\/portalbahianoticia.com.br\/index.php?rest_route=%2Fwp%2Fv2%2Fcategories&post=11642"},{"taxonomy":"post_tag","embeddable":true,"href":"https:\/\/portalbahianoticia.com.br\/index.php?rest_route=%2Fwp%2Fv2%2Ftags&post=11642"}],"curies":[{"name":"wp","href":"https:\/\/api.w.org\/{rel}","templated":true}]}}