{"id":11630,"date":"2026-08-31T23:13:17","date_gmt":"2026-09-01T02:13:17","guid":{"rendered":"https:\/\/portalbahianoticia.com.br\/?p=11630"},"modified":"2026-08-31T23:13:17","modified_gmt":"2026-09-01T02:13:17","slug":"daniel-alves-e-condenado-a-pagar-r-12-milhoes-a-clube-mexicano","status":"publish","type":"post","link":"https:\/\/portalbahianoticia.com.br\/?p=11630","title":{"rendered":"Daniel Alves \u00e9 condenado a pagar R$ 12 milh\u00f5es a clube mexicano"},"content":{"rendered":"<p>O ex-lateral-direito <strong>Daniel Alves<\/strong> ter\u00e1 que pagar <strong>2,25 milh\u00f5es de euros<\/strong> (cerca de R$ 12 milh\u00f5es) ao <strong>Pumas,<\/strong> do M\u00e9xico, ap\u00f3s perder um recurso na Su\u00ed\u00e7a. O Tribunal Federal su\u00ed\u00e7o manteve a decis\u00e3o da Corte Arbitral do Esporte (CAS), que havia dado raz\u00e3o ao clube mexicano em uma disputa envolvendo a <strong>rescis\u00e3o do contrato<\/strong> com o ex-jogador.<\/p>\n<p>O caso teve in\u00edcio em 2023, quando o Pumas rescindiu o v\u00ednculo com Daniel Alves ap\u00f3s o ex-atleta ser preso em Barcelona, na Espanha. O brasileiro era acusado de abuso sexual contra uma mulher e permaneceu preso por 14 meses, at\u00e9 ter a condena\u00e7\u00e3o anulada pela Justi\u00e7a espanhola, em mar\u00e7o de 2025.<\/p>\n<p>Inicialmente, o Pumas havia solicitado uma indeniza\u00e7\u00e3o de<strong> 5 milh\u00f5es de d\u00f3lares<\/strong> (cerca de R$ 26 milh\u00f5es), al\u00e9m de <strong>1 milh\u00e3o de d\u00f3lares<\/strong> (R$ 5,2 milh\u00f5es) referentes aos direitos de imagem, com base nas cl\u00e1usulas previstas no contrato.<\/p>\n<p>O pedido do clube mexicano foi rejeitado inicialmente pela Justi\u00e7a da Fifa. O Pumas, ent\u00e3o, levou o caso \u00e0 Corte Arbitral do Esporte, que, em setembro de 2025, decidiu a favor da equipe. Daniel Alves recorreu \u00e0 Justi\u00e7a Federal da Su\u00ed\u00e7a, mas teve o pedido rejeitado.<\/p>\n<p>Com a decis\u00e3o, o ex-jogador ter\u00e1 que pagar <strong>2,25 milh\u00f5es de euros<\/strong> ao Pumas, valor inferior ao solicitado inicialmente pelo clube. Al\u00e9m disso, Daniel Alves foi condenado a arcar com<strong> 17 mil francos su\u00ed\u00e7os<\/strong> (cerca de R$ 109 mil) em custas legais e outros <strong>19 mil francos su\u00ed\u00e7os<\/strong> (aproximadamente R$ 122 mil) em despesas processuais.<\/p>\n<p><strong>Veja tamb\u00e9m:<strong><br \/>\n<a href=\"https:\/\/www.gazetaesportiva.com\/todas-as-noticias\/\">Todas as not\u00edcias da Gazeta Esportiva<\/a><\/strong><br \/>\n<strong><a href=\"https:\/\/www.youtube.com\/channel\/UCcndglQZmXnYjgE_Grqt5yg\">Canal da Gazeta Esportiva no YouTube<\/a><\/strong><br \/>\n<strong><a href=\"https:\/\/www.instagram.com\/gazetaesportiva\/\">Siga a Gazeta Esportiva no Instagram<\/a><br \/>\n<\/strong><strong><a href=\"https:\/\/whatsapp.com\/channel\/0029Va9JQFL3WHTguJNfam3U\">Participe do canal da Gazeta Esportiva no WhatsApp<\/a><\/strong><\/strong><\/p>\n<h2>Passagem pelo Pumas<\/h2>\n<p>Daniel Alves defendeu o Pumas <strong>em 2022.<\/strong> Pelo clube mexicano, o ex-Barcelona disputou <strong>13 partidas<\/strong> antes de ter o contrato rescindido.<\/p>\n<p>Atualmente, o brasileiro \u00e9 propriet\u00e1rio do<strong> Sporting Clube de S\u00e3o Jo\u00e3o de Ver<\/strong>, da terceira divis\u00e3o do futebol portugu\u00eas.<\/p>\n<div class=\"dugout-video dugout-embed-eyJrZXkiOiIiLCJwIjoiZ2F6ZXRhZXNwb3J0aXZhIiwicGwiOiI0a2hoSjVCWCJ9\"><\/div>\n<p><script type=\"text\/javascript\" src=\"https:\/\/embed.onefootball.com\/inline\/gazetaesportiva.js\"><\/script><\/p>\n<p>O post <a href=\"https:\/\/www.gazetaesportiva.com\/futebol\/futebol-internacional\/daniel-alves-pumas-indenizacao-suica\/\">Daniel Alves \u00e9 condenado a pagar R$ 12 milh\u00f5es a clube mexicano<\/a> apareceu primeiro em <a href=\"https:\/\/www.gazetaesportiva.com\">Gazeta Esportiva<\/a>.<\/p>\n","protected":false},"excerpt":{"rendered":"<p>O ex-lateral-direito Daniel Alves ter\u00e1 que pagar 2,25 milh\u00f5es de euros (cerca de R$ 12 milh\u00f5es) ao Pumas,<\/p>\n","protected":false},"author":1,"featured_media":11631,"comment_status":"open","ping_status":"open","sticky":false,"template":"","format":"standard","meta":{"footnotes":""},"categories":[71],"tags":[],"class_list":["post-11630","post","type-post","status-publish","format-standard","has-post-thumbnail","hentry","category-esportes-news"],"_links":{"self":[{"href":"https:\/\/portalbahianoticia.com.br\/index.php?rest_route=\/wp\/v2\/posts\/11630","targetHints":{"allow":["GET"]}}],"collection":[{"href":"https:\/\/portalbahianoticia.com.br\/index.php?rest_route=\/wp\/v2\/posts"}],"about":[{"href":"https:\/\/portalbahianoticia.com.br\/index.php?rest_route=\/wp\/v2\/types\/post"}],"author":[{"embeddable":true,"href":"https:\/\/portalbahianoticia.com.br\/index.php?rest_route=\/wp\/v2\/users\/1"}],"replies":[{"embeddable":true,"href":"https:\/\/portalbahianoticia.com.br\/index.php?rest_route=%2Fwp%2Fv2%2Fcomments&post=11630"}],"version-history":[{"count":0,"href":"https:\/\/portalbahianoticia.com.br\/index.php?rest_route=\/wp\/v2\/posts\/11630\/revisions"}],"wp:featuredmedia":[{"embeddable":true,"href":"https:\/\/portalbahianoticia.com.br\/index.php?rest_route=\/wp\/v2\/media\/11631"}],"wp:attachment":[{"href":"https:\/\/portalbahianoticia.com.br\/index.php?rest_route=%2Fwp%2Fv2%2Fmedia&parent=11630"}],"wp:term":[{"taxonomy":"category","embeddable":true,"href":"https:\/\/portalbahianoticia.com.br\/index.php?rest_route=%2Fwp%2Fv2%2Fcategories&post=11630"},{"taxonomy":"post_tag","embeddable":true,"href":"https:\/\/portalbahianoticia.com.br\/index.php?rest_route=%2Fwp%2Fv2%2Ftags&post=11630"}],"curies":[{"name":"wp","href":"https:\/\/api.w.org\/{rel}","templated":true}]}}