{"id":11628,"date":"2026-08-31T23:13:18","date_gmt":"2026-09-01T02:13:18","guid":{"rendered":"https:\/\/portalbahianoticia.com.br\/?p=11628"},"modified":"2026-08-31T23:13:18","modified_gmt":"2026-09-01T02:13:18","slug":"com-assistencia-de-wesley-roma-goleia-lecce-e-assume-a-lideranca-do-italiano","status":"publish","type":"post","link":"https:\/\/portalbahianoticia.com.br\/?p=11628","title":{"rendered":"Com assist\u00eancia de Wesley, Roma goleia Lecce e assume a lideran\u00e7a do Italiano"},"content":{"rendered":"<p>Nesta segunda-feira, a Roma venceu o Lecce por 4 a 0 em duelo v\u00e1lido pela segunda rodada do Campeonato Italiano. A partida foi disputada no Via del Mare, em Lecce, e teve gols de Malen (duas vezes), Soul\u00e9 e Rodrigo Mora, al\u00e9m de uma assist\u00eancia do brasileiro Wesley.<\/p>\n<h2>Situa\u00e7\u00e3o da tabela<\/h2>\n<p>Com o resultado, a Roma chega a seis pontos e se torna l\u00edder do Campeonato Italiano. Por outro lado, o Lecce perde a primeira na competi\u00e7\u00e3o e fica na 13\u00aa coloca\u00e7\u00e3o, com tr\u00eas.<\/p>\n<h2><img decoding=\"async\" src=\"https:\/\/s.w.org\/images\/core\/emoji\/17.0.2\/72x72\/1f4cb.png\" alt=\"\ud83d\udccb\" class=\"wp-smiley\" style=\"height: 1em; max-height: 1em;\" \/> Ficha t\u00e9cnica<\/h2>\n<p><strong><img decoding=\"async\" src=\"https:\/\/s.w.org\/images\/core\/emoji\/17.0.2\/72x72\/1f7e1.png\" alt=\"\ud83d\udfe1\" class=\"wp-smiley\" style=\"height: 1em; max-height: 1em;\" \/>LECCE 0 x 4 ROMA<img decoding=\"async\" src=\"https:\/\/s.w.org\/images\/core\/emoji\/17.0.2\/72x72\/26aa.png\" alt=\"\u26aa\" class=\"wp-smiley\" style=\"height: 1em; max-height: 1em;\" \/><\/strong><\/p>\n<p><img decoding=\"async\" src=\"https:\/\/s.w.org\/images\/core\/emoji\/17.0.2\/72x72\/1f3c6.png\" alt=\"\ud83c\udfc6\" class=\"wp-smiley\" style=\"height: 1em; max-height: 1em;\" \/> Competi\u00e7\u00e3o: Campeonato Italiano | 2\u00aa rodada<br \/>\n<img decoding=\"async\" src=\"https:\/\/s.w.org\/images\/core\/emoji\/17.0.2\/72x72\/1f3df.png\" alt=\"\ud83c\udfdf\" class=\"wp-smiley\" style=\"height: 1em; max-height: 1em;\" \/> Local: Via del Mare, em Lecce (ITA)<br \/>\n<img decoding=\"async\" src=\"https:\/\/s.w.org\/images\/core\/emoji\/17.0.2\/72x72\/1f4c5.png\" alt=\"\ud83d\udcc5\" class=\"wp-smiley\" style=\"height: 1em; max-height: 1em;\" \/> Data: 31 de agosto de 2026 (segunda-feira)<br \/>\n<img decoding=\"async\" src=\"https:\/\/s.w.org\/images\/core\/emoji\/17.0.2\/72x72\/23f0.png\" alt=\"\u23f0\" class=\"wp-smiley\" style=\"height: 1em; max-height: 1em;\" \/> Hor\u00e1rio: 13h30 (de Bras\u00edlia)<\/p>\n<h2>Gols<\/h2>\n<p><img decoding=\"async\" src=\"https:\/\/s.w.org\/images\/core\/emoji\/17.0.2\/72x72\/26bd.png\" alt=\"\u26bd\" class=\"wp-smiley\" style=\"height: 1em; max-height: 1em;\" \/> Donyell Malen, aos 4\u2032 do 1\u00baT (Roma)<br \/>\n<img decoding=\"async\" src=\"https:\/\/s.w.org\/images\/core\/emoji\/17.0.2\/72x72\/26bd.png\" alt=\"\u26bd\" class=\"wp-smiley\" style=\"height: 1em; max-height: 1em;\" \/> Donyell Malen, aos 23\u2032 do 1\u00baT (Roma)<br \/>\n<img decoding=\"async\" src=\"https:\/\/s.w.org\/images\/core\/emoji\/17.0.2\/72x72\/26bd.png\" alt=\"\u26bd\" class=\"wp-smiley\" style=\"height: 1em; max-height: 1em;\" \/> Mat\u00edas Soul\u00e9, aos 25\u2032 do 1\u00baT (Roma)<br \/>\n<img decoding=\"async\" src=\"https:\/\/s.w.org\/images\/core\/emoji\/17.0.2\/72x72\/26bd.png\" alt=\"\u26bd\" class=\"wp-smiley\" style=\"height: 1em; max-height: 1em;\" \/> Rodrigo Mora, aos 20\u2032 do 2\u00baT (Roma)<\/p>\n<p>\u00a0<\/p>\n<p><script type=\"text\/javascript\" src=\"https:\/\/embed.onefootball.com\/inline\/gazetaesportiva.js\"><\/script><\/p>\n<h2>Como foi o jogo?<\/h2>\n<p>Aos quatro minutos de jogo, a defesa do Lecce se atrapalhou na sa\u00edda de bola, e o zagueiro Gaspar errou o passe para Malen. O atacante ficou cara a cara com o goleiro, n\u00e3o desperdi\u00e7ou a oportunidade e finalizou rasteiro para abrir o placar.<\/p>\n<p>Aos 23 minutos, o brasileiro Wesley recebeu passe de Soul\u00e9 e cruzou para a pequena \u00e1rea. Malen apareceu para tocar por cobertura na sa\u00edda do goleiro Falcone e marcar seu segundo gol na partida.<\/p>\n<p>Dois minutos depois, Soul\u00e9 recebeu de Malen e viu sua finaliza\u00e7\u00e3o ser defendida pelo goleiro. No rebote, o argentino aproveitou a sobra para balan\u00e7ar as redes.<\/p>\n<p>J\u00e1 aos 20 minutos do segundo tempo, Malen foi desarmado dentro da \u00e1rea, mas a bola sobrou para Mancini. O zagueiro encontrou Rodrigo Mora, que finalizou para completar a goleada.<\/p>\n<h2>Pr\u00f3ximos jogos<\/h2>\n<div>\n<div>\n<h3><img decoding=\"async\" src=\"https:\/\/s.w.org\/images\/core\/emoji\/17.0.2\/72x72\/1f7e1.png\" alt=\"\ud83d\udfe1\" class=\"wp-smiley\" style=\"height: 1em; max-height: 1em;\" \/>Lecce<\/h3>\n<\/div>\n<\/div>\n<p><img decoding=\"async\" src=\"https:\/\/s.w.org\/images\/core\/emoji\/17.0.2\/72x72\/2694.png\" alt=\"\u2694\" class=\"wp-smiley\" style=\"height: 1em; max-height: 1em;\" \/> Jogo: Cagliari x Lecce<br \/>\n<img decoding=\"async\" src=\"https:\/\/s.w.org\/images\/core\/emoji\/17.0.2\/72x72\/1f3c6.png\" alt=\"\ud83c\udfc6\" class=\"wp-smiley\" style=\"height: 1em; max-height: 1em;\" \/> Competi\u00e7\u00e3o: Campeonato Italiano \u2013 Rodada 3<br \/>\n<img decoding=\"async\" src=\"https:\/\/s.w.org\/images\/core\/emoji\/17.0.2\/72x72\/1f4c5.png\" alt=\"\ud83d\udcc5\" class=\"wp-smiley\" style=\"height: 1em; max-height: 1em;\" \/> Data: 7 de setembro de 2026 (segunda-feira)<br \/>\n<img decoding=\"async\" src=\"https:\/\/s.w.org\/images\/core\/emoji\/17.0.2\/72x72\/23f0.png\" alt=\"\u23f0\" class=\"wp-smiley\" style=\"height: 1em; max-height: 1em;\" \/> Hor\u00e1rio: 13h (de Bras\u00edlia)<br \/>\n<img decoding=\"async\" src=\"https:\/\/s.w.org\/images\/core\/emoji\/17.0.2\/72x72\/1f3df.png\" alt=\"\ud83c\udfdf\" class=\"wp-smiley\" style=\"height: 1em; max-height: 1em;\" \/> Local: Unipol Domus, em Cagliari (ITA)<\/p>\n<div>\n<div>\n<h3><img decoding=\"async\" src=\"https:\/\/s.w.org\/images\/core\/emoji\/17.0.2\/72x72\/26aa.png\" alt=\"\u26aa\" class=\"wp-smiley\" style=\"height: 1em; max-height: 1em;\" \/>Roma<\/h3>\n<\/div>\n<\/div>\n<p><img decoding=\"async\" src=\"https:\/\/s.w.org\/images\/core\/emoji\/17.0.2\/72x72\/2694.png\" alt=\"\u2694\" class=\"wp-smiley\" style=\"height: 1em; max-height: 1em;\" \/> Jogo: Roma x Atalanta<br \/>\n<img decoding=\"async\" src=\"https:\/\/s.w.org\/images\/core\/emoji\/17.0.2\/72x72\/1f3c6.png\" alt=\"\ud83c\udfc6\" class=\"wp-smiley\" style=\"height: 1em; max-height: 1em;\" \/> Competi\u00e7\u00e3o: Campeonato Italiano \u2013 Rodada 3<br \/>\n<img decoding=\"async\" src=\"https:\/\/s.w.org\/images\/core\/emoji\/17.0.2\/72x72\/1f4c5.png\" alt=\"\ud83d\udcc5\" class=\"wp-smiley\" style=\"height: 1em; max-height: 1em;\" \/> Data: 5 de setembro de 2026 (s\u00e1bado)<br \/>\n<img decoding=\"async\" src=\"https:\/\/s.w.org\/images\/core\/emoji\/17.0.2\/72x72\/23f0.png\" alt=\"\u23f0\" class=\"wp-smiley\" style=\"height: 1em; max-height: 1em;\" \/> Hor\u00e1rio: 15h45 (de Bras\u00edlia)<br \/>\n<img decoding=\"async\" src=\"https:\/\/s.w.org\/images\/core\/emoji\/17.0.2\/72x72\/1f3df.png\" alt=\"\ud83c\udfdf\" class=\"wp-smiley\" style=\"height: 1em; max-height: 1em;\" \/> Local: Stadio Olimpico, em Roma (ITA)<\/p>\n<p><strong>Veja tamb\u00e9m:<\/strong><br \/>\n<strong><a href=\"https:\/\/www.gazetaesportiva.com\/todas-as-noticias\/\">Todas as not\u00edcias da Gazeta Esportiva<\/a><\/strong><br \/>\n<strong><a href=\"https:\/\/www.youtube.com\/channel\/UCcndglQZmXnYjgE_Grqt5yg\">Canal da Gazeta Esportiva no YouTube<\/a><\/strong><br \/>\n<strong><a href=\"https:\/\/www.instagram.com\/gazetaesportiva\/\">Siga a Gazeta Esportiva no Instagram<\/a><br \/>\n<\/strong><strong><a href=\"https:\/\/whatsapp.com\/channel\/0029Va9JQFL3WHTguJNfam3U\">Participe do canal da Gazeta Esportiva no WhatsApp<\/a><\/strong><\/p>\n<p>O post <a href=\"https:\/\/www.gazetaesportiva.com\/times\/roma\/com-assistencia-de-wesley-roma-goleia-lecce-e-assume-a-lideranca-do-italiano\/\">Com assist\u00eancia de Wesley, Roma goleia Lecce e assume a lideran\u00e7a do Italiano<\/a> apareceu primeiro em <a href=\"https:\/\/www.gazetaesportiva.com\">Gazeta Esportiva<\/a>.<\/p>\n","protected":false},"excerpt":{"rendered":"<p>Nesta segunda-feira, a Roma venceu o Lecce por 4 a 0 em duelo v\u00e1lido pela segunda rodada do<\/p>\n","protected":false},"author":1,"featured_media":11629,"comment_status":"open","ping_status":"open","sticky":false,"template":"","format":"standard","meta":{"footnotes":""},"categories":[71],"tags":[],"class_list":["post-11628","post","type-post","status-publish","format-standard","has-post-thumbnail","hentry","category-esportes-news"],"_links":{"self":[{"href":"https:\/\/portalbahianoticia.com.br\/index.php?rest_route=\/wp\/v2\/posts\/11628","targetHints":{"allow":["GET"]}}],"collection":[{"href":"https:\/\/portalbahianoticia.com.br\/index.php?rest_route=\/wp\/v2\/posts"}],"about":[{"href":"https:\/\/portalbahianoticia.com.br\/index.php?rest_route=\/wp\/v2\/types\/post"}],"author":[{"embeddable":true,"href":"https:\/\/portalbahianoticia.com.br\/index.php?rest_route=\/wp\/v2\/users\/1"}],"replies":[{"embeddable":true,"href":"https:\/\/portalbahianoticia.com.br\/index.php?rest_route=%2Fwp%2Fv2%2Fcomments&post=11628"}],"version-history":[{"count":0,"href":"https:\/\/portalbahianoticia.com.br\/index.php?rest_route=\/wp\/v2\/posts\/11628\/revisions"}],"wp:featuredmedia":[{"embeddable":true,"href":"https:\/\/portalbahianoticia.com.br\/index.php?rest_route=\/wp\/v2\/media\/11629"}],"wp:attachment":[{"href":"https:\/\/portalbahianoticia.com.br\/index.php?rest_route=%2Fwp%2Fv2%2Fmedia&parent=11628"}],"wp:term":[{"taxonomy":"category","embeddable":true,"href":"https:\/\/portalbahianoticia.com.br\/index.php?rest_route=%2Fwp%2Fv2%2Fcategories&post=11628"},{"taxonomy":"post_tag","embeddable":true,"href":"https:\/\/portalbahianoticia.com.br\/index.php?rest_route=%2Fwp%2Fv2%2Ftags&post=11628"}],"curies":[{"name":"wp","href":"https:\/\/api.w.org\/{rel}","templated":true}]}}