{"id":11626,"date":"2026-08-31T23:13:19","date_gmt":"2026-09-01T02:13:19","guid":{"rendered":"https:\/\/portalbahianoticia.com.br\/?p=11626"},"modified":"2026-08-31T23:13:19","modified_gmt":"2026-09-01T02:13:19","slug":"com-dois-de-raphinha-barcelona-vence-rayo-vallecano-sob-olhar-de-gabriel-jesus","status":"publish","type":"post","link":"https:\/\/portalbahianoticia.com.br\/?p=11626","title":{"rendered":"Com dois de Raphinha, Barcelona vence Rayo Vallecano sob olhar de Gabriel Jesus"},"content":{"rendered":"<p>Nesta segunda-feira, o <a href=\"https:\/\/www.gazetaesportiva.com\/times\/barcelona\/\">Barcelona<\/a> contou com dois gols do brasileiro Raphinha para golear o Rayo Vallecano por 5 a 2, no Camp Nou, pela terceira rodada do Campeonato Espanhol. Gabriel Jesus, acertado com o time catal\u00e3o, viu o jogo das tribunas no est\u00e1dio.<\/p>\n<div id=\"attachment_3847978\" style=\"width: 1034px\" class=\"wp-caption alignnone\"><img fetchpriority=\"high\" decoding=\"async\" aria-describedby=\"caption-attachment-3847978\" class=\"wp-image-3847978 size-large\" src=\"https:\/\/static.gazetaesportiva.com\/uploads\/2026\/08\/AFP__20260831__C6XU3ZE__v1__MidRes__FblEspLigaBarcelonaRayoVallecano-1024x683.webp\" alt=\"\" width=\"1024\" height=\"683\" srcset=\"https:\/\/static.gazetaesportiva.com\/uploads\/2026\/08\/AFP__20260831__C6XU3ZE__v1__MidRes__FblEspLigaBarcelonaRayoVallecano-1024x683.webp 1024w, https:\/\/static.gazetaesportiva.com\/uploads\/2026\/08\/AFP__20260831__C6XU3ZE__v1__MidRes__FblEspLigaBarcelonaRayoVallecano-360x240.webp 360w, https:\/\/static.gazetaesportiva.com\/uploads\/2026\/08\/AFP__20260831__C6XU3ZE__v1__MidRes__FblEspLigaBarcelonaRayoVallecano-768x512.webp 768w, https:\/\/static.gazetaesportiva.com\/uploads\/2026\/08\/AFP__20260831__C6XU3ZE__v1__MidRes__FblEspLigaBarcelonaRayoVallecano-150x100.webp 150w, https:\/\/static.gazetaesportiva.com\/uploads\/2026\/08\/AFP__20260831__C6XU3ZE__v1__MidRes__FblEspLigaBarcelonaRayoVallecano.webp 1200w\" sizes=\"(max-width: 1024px) 100vw, 1024px\" \/><\/p>\n<p id=\"caption-attachment-3847978\" class=\"wp-caption-text\">Foto por LLUIS GENE \/ AFP<\/p>\n<\/div>\n<h2>Situa\u00e7\u00e3o da tabela<\/h2>\n<p>Com nove pontos em tr\u00eas partidas, o Barcelona segue na lideran\u00e7a do torneio nacional. O Rayo Vallecano, por outro lado, soma apenas um ponto, na 18\u00aa posi\u00e7\u00e3o.<\/p>\n<p><strong>Veja tamb\u00e9m:<\/strong><br \/>\n<strong><a href=\"https:\/\/www.gazetaesportiva.com\/todas-as-noticias\/\">Todas as not\u00edcias da Gazeta Esportiva<\/a><\/strong><br \/>\n<strong><a href=\"https:\/\/www.youtube.com\/channel\/UCcndglQZmXnYjgE_Grqt5yg\">Canal da Gazeta Esportiva no YouTube<\/a><\/strong><br \/>\n<strong><a href=\"https:\/\/www.instagram.com\/gazetaesportiva\/\">Siga a Gazeta Esportiva no Instagram<\/a><\/strong><\/p>\n<h2><img decoding=\"async\" class=\"emoji\" role=\"img\" draggable=\"false\" src=\"https:\/\/s.w.org\/images\/core\/emoji\/17.0.2\/svg\/1f4cb.svg\" alt=\"\ud83d\udccb\" \/>\u00a0Resumo do jogo<\/h2>\n<h3><img decoding=\"async\" src=\"https:\/\/s.w.org\/images\/core\/emoji\/17.0.2\/72x72\/1f534.png\" alt=\"\ud83d\udd34\" class=\"wp-smiley\" style=\"height: 1em; max-height: 1em;\" \/><img decoding=\"async\" src=\"https:\/\/s.w.org\/images\/core\/emoji\/17.0.2\/72x72\/1f535.png\" alt=\"\ud83d\udd35\" class=\"wp-smiley\" style=\"height: 1em; max-height: 1em;\" \/> BARCELONA 5 X 2 RAYO VALLECANO <img decoding=\"async\" src=\"https:\/\/s.w.org\/images\/core\/emoji\/17.0.2\/72x72\/1f534.png\" alt=\"\ud83d\udd34\" class=\"wp-smiley\" style=\"height: 1em; max-height: 1em;\" \/><img decoding=\"async\" src=\"https:\/\/s.w.org\/images\/core\/emoji\/17.0.2\/72x72\/26aa.png\" alt=\"\u26aa\" class=\"wp-smiley\" style=\"height: 1em; max-height: 1em;\" \/><\/h3>\n<p><img decoding=\"async\" class=\"emoji\" role=\"img\" draggable=\"false\" src=\"https:\/\/s.w.org\/images\/core\/emoji\/17.0.2\/svg\/1f3c6.svg\" alt=\"\ud83c\udfc6\" \/> Competi\u00e7\u00e3o: Campeonato Espanhol \u2013 Rodada 3<br \/>\n<img decoding=\"async\" class=\"emoji\" role=\"img\" draggable=\"false\" src=\"https:\/\/s.w.org\/images\/core\/emoji\/17.0.2\/svg\/1f3df.svg\" alt=\"\ud83c\udfdf\" \/> Local: Spotify Camp Nou, em Barcelona (ESP)<br \/>\n<img decoding=\"async\" class=\"emoji\" role=\"img\" draggable=\"false\" src=\"https:\/\/s.w.org\/images\/core\/emoji\/17.0.2\/svg\/1f4c5.svg\" alt=\"\ud83d\udcc5\" \/> Data: 31 de agosto de 2026 (segunda-feira)<br \/>\n<img decoding=\"async\" class=\"emoji\" role=\"img\" draggable=\"false\" src=\"https:\/\/s.w.org\/images\/core\/emoji\/17.0.2\/svg\/23f0.svg\" alt=\"\u23f0\" \/> Hor\u00e1rio: 16h30 (de Bras\u00edlia)<\/p>\n<h2>Gols<\/h2>\n<p><img decoding=\"async\" src=\"https:\/\/s.w.org\/images\/core\/emoji\/17.0.2\/72x72\/26bd.png\" alt=\"\u26bd\" class=\"wp-smiley\" style=\"height: 1em; max-height: 1em;\" \/> S\u00e9rgio Camello, aos 12\u2032 do 1\u00baT (Rayo Vallecano)<br \/>\n<img decoding=\"async\" src=\"https:\/\/s.w.org\/images\/core\/emoji\/17.0.2\/72x72\/26bd.png\" alt=\"\u26bd\" class=\"wp-smiley\" style=\"height: 1em; max-height: 1em;\" \/> Raphinha, aos 19\u2032 do 1\u00baT (Barcelona)<br \/>\n<img decoding=\"async\" src=\"https:\/\/s.w.org\/images\/core\/emoji\/17.0.2\/72x72\/26bd.png\" alt=\"\u26bd\" class=\"wp-smiley\" style=\"height: 1em; max-height: 1em;\" \/> Lamine Yamal, aos 21\u2032 do 1\u00baT (Barcelona)<br \/>\n<img decoding=\"async\" src=\"https:\/\/s.w.org\/images\/core\/emoji\/17.0.2\/72x72\/26bd.png\" alt=\"\u26bd\" class=\"wp-smiley\" style=\"height: 1em; max-height: 1em;\" \/> Lejeune (contra), aos 6\u2032 do 2\u00baT (Barcelona)<br \/>\n<img decoding=\"async\" src=\"https:\/\/s.w.org\/images\/core\/emoji\/17.0.2\/72x72\/26bd.png\" alt=\"\u26bd\" class=\"wp-smiley\" style=\"height: 1em; max-height: 1em;\" \/> S\u00e9rgio Camello, aos 14\u2032 do 2\u00baT (Rayo Vallecano)<br \/>\n<img decoding=\"async\" src=\"https:\/\/s.w.org\/images\/core\/emoji\/17.0.2\/72x72\/26bd.png\" alt=\"\u26bd\" class=\"wp-smiley\" style=\"height: 1em; max-height: 1em;\" \/> Raphinha, aos 26\u2032 do 2\u00baT (Barcelona)<br \/>\n<img decoding=\"async\" src=\"https:\/\/s.w.org\/images\/core\/emoji\/17.0.2\/72x72\/26bd.png\" alt=\"\u26bd\" class=\"wp-smiley\" style=\"height: 1em; max-height: 1em;\" \/> Lamine Yamal, aos 45\u2032 do 2\u00baT (Barcelona)<\/p>\n<h2>Como foi o jogo<\/h2>\n<p>Aos 12 minutos de jogo, \u00c1lvaro Garcia aproveitou espa\u00e7o pela direita e cruzou para S\u00e9rgio Camello finalizar de primeira, colocando o Rayo Vallecano em vantagem. Sete minutos depois, Raphinha recebeu na entrada da \u00e1rea, driblou Path\u00e9 Ciss e bateu na sa\u00edda de C\u00e1rdenas para marcar um gola\u00e7o.<\/p>\n<p>O Barcelona manteve o \u00edmpeto ofensivo e conseguiu a virada ainda no primeiro tempo. Aos 21 minutos, da entrada da \u00e1rea, Lamine Yamal acertou o \u00e2ngulo.<\/p>\n<p>Na segunda etapa, o Barcelona ampliou aos seis minutos, quando Lejeune tentou cortar cruzamento de Anthony Gordon e fez contra. Aos 14, o Rayo Vallecano reagiu com outro gol de S\u00e9rgio Camello, que aproveitou cobran\u00e7a de escanteio de Unai Lopez e cabeceou firme.<\/p>\n<p>Aos 26, Anthony Gordon invadiu a \u00e1rea e descolou toque de calcanhar na medida para Raphinha bater cruzado, anotando quarto do Barcelona. J\u00e1 aos 45 minutos, Lamine Yamal bateu de chapa e fechou o placar.<\/p>\n<div class='fotorama' data-click='false' data-nav='thumbs' data-allowfullscreen='true'><a data-caption='\n\n<div class=\"fotorama_legenda_galeria\">Foto por LLUIS GENE \/ AFP<\/div>\n<p>&#8216; href=&#8217;https:\/\/static.gazetaesportiva.com\/uploads\/2026\/08\/AFP__20260831__C6XX668__v2__MidRes__FblEspLigaBarcelonaRayoVallecano-1024&#215;683.webp&#8217; data-thumb=&#8217;https:\/\/static.gazetaesportiva.com\/uploads\/2026\/08\/AFP__20260831__C6XX668__v2__MidRes__FblEspLigaBarcelonaRayoVallecano-1024&#215;683.webp&#8217;><\/a><a data-caption='\n\n<div class=\"fotorama_legenda_galeria\">Foto por LLUIS GENE \/ AFP<\/div>\n<p>&#8216; href=&#8217;https:\/\/static.gazetaesportiva.com\/uploads\/2026\/08\/AFP__20260831__C6XW2NQ__v1__MidRes__FblEspLigaBarcelonaRayoVallecano-1024&#215;754.webp&#8217; data-thumb=&#8217;https:\/\/static.gazetaesportiva.com\/uploads\/2026\/08\/AFP__20260831__C6XW2NQ__v1__MidRes__FblEspLigaBarcelonaRayoVallecano-1024&#215;754.webp&#8217;><\/a><a data-caption='\n\n<div class=\"fotorama_legenda_galeria\">Foto por LLUIS GENE \/ AFP<\/div>\n<p>&#8216; href=&#8217;https:\/\/static.gazetaesportiva.com\/uploads\/2026\/08\/AFP__20260831__C6XW2N7__v1__MidRes__FblEspLigaBarcelonaRayoVallecano-1024&#215;684.webp&#8217; data-thumb=&#8217;https:\/\/static.gazetaesportiva.com\/uploads\/2026\/08\/AFP__20260831__C6XW2N7__v1__MidRes__FblEspLigaBarcelonaRayoVallecano-1024&#215;684.webp&#8217;><\/a><a data-caption='\n\n<div class=\"fotorama_legenda_galeria\">Foto por LLUIS GENE \/ AFP<\/div>\n<p>&#8216; href=&#8217;https:\/\/static.gazetaesportiva.com\/uploads\/2026\/08\/AFP__20260831__C6XW2MP__v1__MidRes__FblEspLigaBarcelonaRayoVallecano-1024&#215;683.webp&#8217; data-thumb=&#8217;https:\/\/static.gazetaesportiva.com\/uploads\/2026\/08\/AFP__20260831__C6XW2MP__v1__MidRes__FblEspLigaBarcelonaRayoVallecano-1024&#215;683.webp&#8217;><\/a><a data-caption='\n\n<div class=\"fotorama_legenda_galeria\">Foto por LLUIS GENE \/ AFP<\/div>\n<p>&#8216; href=&#8217;https:\/\/static.gazetaesportiva.com\/uploads\/2026\/08\/AFP__20260831__C6XW2MC__v1__MidRes__FblEspLigaBarcelonaRayoVallecano-1024&#215;684.webp&#8217; data-thumb=&#8217;https:\/\/static.gazetaesportiva.com\/uploads\/2026\/08\/AFP__20260831__C6XW2MC__v1__MidRes__FblEspLigaBarcelonaRayoVallecano-1024&#215;684.webp&#8217;><\/a><a data-caption='\n\n<div class=\"fotorama_legenda_galeria\">Foto por LLUIS GENE \/ AFP<\/div>\n<p>&#8216; href=&#8217;https:\/\/static.gazetaesportiva.com\/uploads\/2026\/08\/AFP__20260831__C6XW2ME__v1__MidRes__FblEspLigaBarcelonaRayoVallecano-1024&#215;684.webp&#8217; data-thumb=&#8217;https:\/\/static.gazetaesportiva.com\/uploads\/2026\/08\/AFP__20260831__C6XW2ME__v1__MidRes__FblEspLigaBarcelonaRayoVallecano-1024&#215;684.webp&#8217;><\/a><a data-caption='\n\n<div class=\"fotorama_legenda_galeria\">Foto por LLUIS GENE \/ AFP<\/div>\n<p>&#8216; href=&#8217;https:\/\/static.gazetaesportiva.com\/uploads\/2026\/08\/AFP__20260831__C6XW2M3__v1__MidRes__FblEspLigaBarcelonaRayoVallecano-1024&#215;684.webp&#8217; data-thumb=&#8217;https:\/\/static.gazetaesportiva.com\/uploads\/2026\/08\/AFP__20260831__C6XW2M3__v1__MidRes__FblEspLigaBarcelonaRayoVallecano-1024&#215;684.webp&#8217;><\/a><a data-caption='\n\n<div class=\"fotorama_legenda_galeria\">Foto por LLUIS GENE \/ AFP<\/div>\n<p>&#8216; href=&#8217;https:\/\/static.gazetaesportiva.com\/uploads\/2026\/08\/AFP__20260831__C6XW2M7__v1__MidRes__FblEspLigaBarcelonaRayoVallecano-1024&#215;683.webp&#8217; data-thumb=&#8217;https:\/\/static.gazetaesportiva.com\/uploads\/2026\/08\/AFP__20260831__C6XW2M7__v1__MidRes__FblEspLigaBarcelonaRayoVallecano-1024&#215;683.webp&#8217;><\/a><a data-caption='\n\n<div class=\"fotorama_legenda_galeria\">Foto por LLUIS GENE \/ AFP<\/div>\n<p>&#8216; href=&#8217;https:\/\/static.gazetaesportiva.com\/uploads\/2026\/08\/AFP__20260831__C6XW2LN__v2__MidRes__CorrectionFblEspLigaBarcelonaRayoVallecano-1024&#215;683.webp&#8217; data-thumb=&#8217;https:\/\/static.gazetaesportiva.com\/uploads\/2026\/08\/AFP__20260831__C6XW2LN__v2__MidRes__CorrectionFblEspLigaBarcelonaRayoVallecano-1024&#215;683.webp&#8217;><\/a><a data-caption='\n\n<div class=\"fotorama_legenda_galeria\">Foto por LLUIS GENE \/ AFP<\/div>\n<p>&#8216; href=&#8217;https:\/\/static.gazetaesportiva.com\/uploads\/2026\/08\/AFP__20260831__C6XW2LK__v2__MidRes__CorrectionFblEspLigaBarcelonaRayoVallecano-1024&#215;683.webp&#8217; data-thumb=&#8217;https:\/\/static.gazetaesportiva.com\/uploads\/2026\/08\/AFP__20260831__C6XW2LK__v2__MidRes__CorrectionFblEspLigaBarcelonaRayoVallecano-1024&#215;683.webp&#8217;><\/a><a data-caption='\n\n<div class=\"fotorama_legenda_galeria\">Foto por LLUIS GENE \/ AFP<\/div>\n<p>&#8216; href=&#8217;https:\/\/static.gazetaesportiva.com\/uploads\/2026\/08\/AFP__20260831__C6XW2LH__v1__MidRes__FblEspLigaBarcelonaRayoVallecano-1024&#215;683.webp&#8217; data-thumb=&#8217;https:\/\/static.gazetaesportiva.com\/uploads\/2026\/08\/AFP__20260831__C6XW2LH__v1__MidRes__FblEspLigaBarcelonaRayoVallecano-1024&#215;683.webp&#8217;><\/a><a data-caption='\n\n<div class=\"fotorama_legenda_galeria\">Foto por LLUIS GENE \/ AFP<\/div>\n<p>&#8216; href=&#8217;https:\/\/static.gazetaesportiva.com\/uploads\/2026\/08\/AFP__20260831__C6XW2LE__v1__MidRes__FblEspLigaBarcelonaRayoVallecano-1024&#215;683.webp&#8217; data-thumb=&#8217;https:\/\/static.gazetaesportiva.com\/uploads\/2026\/08\/AFP__20260831__C6XW2LE__v1__MidRes__FblEspLigaBarcelonaRayoVallecano-1024&#215;683.webp&#8217;><\/a><\/div>\n<p><\/p>\n<h2>Pr\u00f3ximos jogos<\/h2>\n<h3>Barcelona<\/h3>\n<p>Valencia x Barcelona<br \/>\nCompeti\u00e7\u00e3o: Campeonato Espanhol \u2013 Rodada 4<br \/>\nData e hor\u00e1rio: Domingo, 6 de setembro de 2026, \u00e0s 11h15 (de Bras\u00edlia)<br \/>\nLocal: Est\u00e1dio Mestalla, em Valencia (ESP)<\/p>\n<h3>Rayo Vallecano<\/h3>\n<p>Rayo Vallecano x Racing Club<br \/>\nCompeti\u00e7\u00e3o: Campeonato Espanhol \u2013 Rodada 4<br \/>\nData e hor\u00e1rio: s\u00e1bado, 5 de setembro de 2026, \u00e0s 13h30 (de Bras\u00edlia)<br \/>\nLocal: Est\u00e1dio de Vallecas, em Madrid (ESP)<\/p>\n<p><script src=\"https:\/\/embed.onefootball.com\/inline\/gazetaesportiva.js\" type=\"text\/javascript\"><\/script><\/p>\n<p>O post <a href=\"https:\/\/www.gazetaesportiva.com\/times\/barcelona\/com-dois-de-raphinha-barcelona-vence-rayo-vallecano-sob-olhar-de-gabriel-jesus\/\">Com dois de Raphinha, Barcelona vence Rayo Vallecano sob olhar de Gabriel Jesus<\/a> apareceu primeiro em <a href=\"https:\/\/www.gazetaesportiva.com\">Gazeta Esportiva<\/a>.<\/p>\n","protected":false},"excerpt":{"rendered":"<p>Nesta segunda-feira, o Barcelona contou com dois gols do brasileiro Raphinha para golear o Rayo Vallecano por 5<\/p>\n","protected":false},"author":1,"featured_media":11627,"comment_status":"open","ping_status":"open","sticky":false,"template":"","format":"standard","meta":{"footnotes":""},"categories":[71],"tags":[],"class_list":["post-11626","post","type-post","status-publish","format-standard","has-post-thumbnail","hentry","category-esportes-news"],"_links":{"self":[{"href":"https:\/\/portalbahianoticia.com.br\/index.php?rest_route=\/wp\/v2\/posts\/11626","targetHints":{"allow":["GET"]}}],"collection":[{"href":"https:\/\/portalbahianoticia.com.br\/index.php?rest_route=\/wp\/v2\/posts"}],"about":[{"href":"https:\/\/portalbahianoticia.com.br\/index.php?rest_route=\/wp\/v2\/types\/post"}],"author":[{"embeddable":true,"href":"https:\/\/portalbahianoticia.com.br\/index.php?rest_route=\/wp\/v2\/users\/1"}],"replies":[{"embeddable":true,"href":"https:\/\/portalbahianoticia.com.br\/index.php?rest_route=%2Fwp%2Fv2%2Fcomments&post=11626"}],"version-history":[{"count":0,"href":"https:\/\/portalbahianoticia.com.br\/index.php?rest_route=\/wp\/v2\/posts\/11626\/revisions"}],"wp:featuredmedia":[{"embeddable":true,"href":"https:\/\/portalbahianoticia.com.br\/index.php?rest_route=\/wp\/v2\/media\/11627"}],"wp:attachment":[{"href":"https:\/\/portalbahianoticia.com.br\/index.php?rest_route=%2Fwp%2Fv2%2Fmedia&parent=11626"}],"wp:term":[{"taxonomy":"category","embeddable":true,"href":"https:\/\/portalbahianoticia.com.br\/index.php?rest_route=%2Fwp%2Fv2%2Fcategories&post=11626"},{"taxonomy":"post_tag","embeddable":true,"href":"https:\/\/portalbahianoticia.com.br\/index.php?rest_route=%2Fwp%2Fv2%2Ftags&post=11626"}],"curies":[{"name":"wp","href":"https:\/\/api.w.org\/{rel}","templated":true}]}}