{"id":11622,"date":"2026-08-31T23:13:21","date_gmt":"2026-09-01T02:13:21","guid":{"rendered":"https:\/\/portalbahianoticia.com.br\/?p=11622"},"modified":"2026-08-31T23:13:21","modified_gmt":"2026-09-01T02:13:21","slug":"londrinha-x-juventude-pela-serie-b-do-brasileiro-veja-provaveis-escalacoes-e-onde-assistir","status":"publish","type":"post","link":"https:\/\/portalbahianoticia.com.br\/?p=11622","title":{"rendered":"Londrinha x Juventude pela S\u00e9rie B do Brasileiro: veja prov\u00e1veis escala\u00e7\u00f5es e onde assistir"},"content":{"rendered":"<p>Nesta ter\u00e7a-feira, Londrina e Juventude se enfrentam pela 26\u00aa rodada da S\u00e9rie B do Campeonato Brasileiro. A partida ser\u00e1 disputada \u00e0s 19h30 (de Bras\u00edlia), no Est\u00e1dio Vitorino Gon\u00e7alves Dias (VGD), em Londrina (PR).<\/p>\n<h2><b>Onde assistir Londrina x Juventude ao vivo?<\/b><\/h2>\n<p>O confronto ter\u00e1 transmiss\u00e3o da <b><i>Disney+<\/i><\/b>.<\/p>\n<h2><b>Como chegam as equipes<\/b><\/h2>\n<p>O Londrina vive momento delicado na competi\u00e7\u00e3o. A equipe paranaense ocupa a 18\u00aa coloca\u00e7\u00e3o, com apenas 21 pontos, e n\u00e3o vence h\u00e1 cinco rodadas. Na \u00faltima partida, foi derrotada pelo Cear\u00e1 por 2 a 1.<\/p>\n<p>J\u00e1 o Juventude lidera a S\u00e9rie B com 45 pontos e chega embalado ap\u00f3s vit\u00f3ria por 2 a 1 sobre o CRB. O time comandado por Maur\u00edcio Barbieri possui uma das defesas mais s\u00f3lidas do campeonato, com apenas 13 gols sofridos em 24 jogos.<\/p>\n<p><strong>Veja tamb\u00e9m:<\/strong><br \/>\n<strong><a href=\"https:\/\/www.gazetaesportiva.com\/todas-as-noticias\/\">Todas as not\u00edcias da Gazeta Esportiva<\/a><\/strong><br \/>\n<strong><a href=\"https:\/\/www.youtube.com\/channel\/UCcndglQZmXnYjgE_Grqt5yg\">Canal da Gazeta Esportiva no YouTube<\/a><\/strong><br \/>\n<strong><a href=\"https:\/\/www.instagram.com\/gazetaesportiva\/\">Siga a Gazeta Esportiva no Instagram<\/a><\/strong><\/p>\n<h2><b>Prov\u00e1veis escala\u00e7\u00f5es<\/b><\/h2>\n<h3><img decoding=\"async\" src=\"https:\/\/s.w.org\/images\/core\/emoji\/17.0.2\/72x72\/1f535.png\" alt=\"\ud83d\udd35\" class=\"wp-smiley\" style=\"height: 1em; max-height: 1em;\" \/><img decoding=\"async\" src=\"https:\/\/s.w.org\/images\/core\/emoji\/17.0.2\/72x72\/26aa.png\" alt=\"\u26aa\" class=\"wp-smiley\" style=\"height: 1em; max-height: 1em;\" \/><b>Londrina<\/b><img decoding=\"async\" src=\"https:\/\/s.w.org\/images\/core\/emoji\/17.0.2\/72x72\/26aa.png\" alt=\"\u26aa\" class=\"wp-smiley\" style=\"height: 1em; max-height: 1em;\" \/><img decoding=\"async\" src=\"https:\/\/s.w.org\/images\/core\/emoji\/17.0.2\/72x72\/1f535.png\" alt=\"\ud83d\udd35\" class=\"wp-smiley\" style=\"height: 1em; max-height: 1em;\" \/><\/h3>\n<p>Luan Ribeiro; Kau\u00ea Leonardo, Yago Lincoln, Gabriel Lacerda e Heron; Lucas Marques, Jo\u00e3o Vitor e T\u00e1rik; Ra\u00ed Nascimento, Pablo Dyego e William Pottker.<br \/>\n<b>T\u00e9cnico:<\/b> Rog\u00e9rio Micale.<\/p>\n<h3><img decoding=\"async\" src=\"https:\/\/s.w.org\/images\/core\/emoji\/17.0.2\/72x72\/1f7e2.png\" alt=\"\ud83d\udfe2\" class=\"wp-smiley\" style=\"height: 1em; max-height: 1em;\" \/><img decoding=\"async\" src=\"https:\/\/s.w.org\/images\/core\/emoji\/17.0.2\/72x72\/26aa.png\" alt=\"\u26aa\" class=\"wp-smiley\" style=\"height: 1em; max-height: 1em;\" \/><b>Juventude<\/b><img decoding=\"async\" src=\"https:\/\/s.w.org\/images\/core\/emoji\/17.0.2\/72x72\/26aa.png\" alt=\"\u26aa\" class=\"wp-smiley\" style=\"height: 1em; max-height: 1em;\" \/><img decoding=\"async\" src=\"https:\/\/s.w.org\/images\/core\/emoji\/17.0.2\/72x72\/1f7e2.png\" alt=\"\ud83d\udfe2\" class=\"wp-smiley\" style=\"height: 1em; max-height: 1em;\" \/><\/h3>\n<p>Pedro Rocha; Rodrigo Sam, Titi e Marcos Paulo; Aderlan, Lucas Mineiro, Ra\u00ed e Diogo Barbosa; MP, Luis Amarilla e Alisson Safira.<br \/>\n<b>T\u00e9cnico:<\/b> Maur\u00edcio Barbieri.<\/p>\n<h2><b>Arbitragem<\/b><\/h2>\n<ul>\n<li><strong>\u00c1rbitro:\u00a0<\/strong>Arthur Gomes Rabelo (ES)<\/li>\n<li><strong>Auxiliares:\u00a0<\/strong>Pedro Amorim de Freitas (ES) e Arthur Pancieri Pires (ES)<\/li>\n<li><strong>VAR:\u00a0<\/strong>Raphael Garcia de Andrade (ES)<\/li>\n<\/ul>\n<h2><b>Ficha t\u00e9cnica<\/b><\/h2>\n<p><b>Confronto:<\/b> Londrina x Juventude<br \/>\n<b>Competi\u00e7\u00e3o:<\/b> Brasileir\u00e3o S\u00e9rie B \u2013 26\u00aa rodada<br \/>\n<b>Data e hor\u00e1rio:<\/b> ter\u00e7a-feira, 1\u00ba de setembro de 2026, \u00e0s 19h30 (de Bras\u00edlia)<br \/>\n<b>Local:<\/b> Est\u00e1dio Vitorino Gon\u00e7alves Dias (VGD), Londrina (PR)<br \/>\n<b>Transmiss\u00e3o:<\/b> Disney+<\/p>\n<div class=\"dugout-video dugout-embed-eyJrZXkiOiIiLCJwIjoiZ2F6ZXRhZXNwb3J0aXZhIiwicGwiOiI0a2hoSjVCWCJ9\"><\/div>\n<p><script type=\"text\/javascript\" src=\"https:\/\/embed.onefootball.com\/inline\/gazetaesportiva.js\"><\/script><\/p>\n<p>O post <a href=\"https:\/\/www.gazetaesportiva.com\/campeonatos\/brasileiro-serie-b\/londrina-x-juventude-onde-assistir-serie-b-26-rodada\/\">Londrinha x Juventude pela S\u00e9rie B do Brasileiro: veja prov\u00e1veis escala\u00e7\u00f5es e onde assistir<\/a> apareceu primeiro em <a href=\"https:\/\/www.gazetaesportiva.com\">Gazeta Esportiva<\/a>.<\/p>\n","protected":false},"excerpt":{"rendered":"<p>Nesta ter\u00e7a-feira, Londrina e Juventude se enfrentam pela 26\u00aa rodada da S\u00e9rie B do Campeonato Brasileiro. A partida<\/p>\n","protected":false},"author":1,"featured_media":11623,"comment_status":"open","ping_status":"open","sticky":false,"template":"","format":"standard","meta":{"footnotes":""},"categories":[71],"tags":[],"class_list":["post-11622","post","type-post","status-publish","format-standard","has-post-thumbnail","hentry","category-esportes-news"],"_links":{"self":[{"href":"https:\/\/portalbahianoticia.com.br\/index.php?rest_route=\/wp\/v2\/posts\/11622","targetHints":{"allow":["GET"]}}],"collection":[{"href":"https:\/\/portalbahianoticia.com.br\/index.php?rest_route=\/wp\/v2\/posts"}],"about":[{"href":"https:\/\/portalbahianoticia.com.br\/index.php?rest_route=\/wp\/v2\/types\/post"}],"author":[{"embeddable":true,"href":"https:\/\/portalbahianoticia.com.br\/index.php?rest_route=\/wp\/v2\/users\/1"}],"replies":[{"embeddable":true,"href":"https:\/\/portalbahianoticia.com.br\/index.php?rest_route=%2Fwp%2Fv2%2Fcomments&post=11622"}],"version-history":[{"count":0,"href":"https:\/\/portalbahianoticia.com.br\/index.php?rest_route=\/wp\/v2\/posts\/11622\/revisions"}],"wp:featuredmedia":[{"embeddable":true,"href":"https:\/\/portalbahianoticia.com.br\/index.php?rest_route=\/wp\/v2\/media\/11623"}],"wp:attachment":[{"href":"https:\/\/portalbahianoticia.com.br\/index.php?rest_route=%2Fwp%2Fv2%2Fmedia&parent=11622"}],"wp:term":[{"taxonomy":"category","embeddable":true,"href":"https:\/\/portalbahianoticia.com.br\/index.php?rest_route=%2Fwp%2Fv2%2Fcategories&post=11622"},{"taxonomy":"post_tag","embeddable":true,"href":"https:\/\/portalbahianoticia.com.br\/index.php?rest_route=%2Fwp%2Fv2%2Ftags&post=11622"}],"curies":[{"name":"wp","href":"https:\/\/api.w.org\/{rel}","templated":true}]}}