{"id":11620,"date":"2026-08-31T23:13:22","date_gmt":"2026-09-01T02:13:22","guid":{"rendered":"https:\/\/portalbahianoticia.com.br\/?p=11620"},"modified":"2026-08-31T23:13:22","modified_gmt":"2026-09-01T02:13:22","slug":"atletico-mg-x-cruzeiro-veja-provaveis-escalacoes-e-onde-assistir-ao-jogo-pela-copa-do-brasil","status":"publish","type":"post","link":"https:\/\/portalbahianoticia.com.br\/?p=11620","title":{"rendered":"Atl\u00e9tico-MG x Cruzeiro: veja prov\u00e1veis escala\u00e7\u00f5es e onde assistir ao jogo pela Copa do Brasil"},"content":{"rendered":"<p>Depois de empatarem sem gols no jogo de ida, <a href=\"https:\/\/www.gazetaesportiva.com\/times\/atletico-mg\/\"><strong>Atl\u00e9tico-MG<\/strong><\/a> e <a href=\"https:\/\/www.gazetaesportiva.com\/times\/cruzeiro\/\"><strong>Cruzeiro<\/strong> <\/a>fazem, nesta ter\u00e7a-feira, o duelo de volta das quartas de final da <a href=\"https:\/\/www.gazetaesportiva.com\/campeonatos\/copa-do-brasil\/\"><strong>Copa do Brasil<\/strong><\/a>. A bola rola \u00e0s 21h (de Bras\u00edlia), na Arena MRV, em Belo Horizonte.<\/p>\n<blockquote class=\"twitter-tweet\">\n<p dir=\"ltr\" lang=\"pt\">\ud835\udc02\ud835\udc28\ud835\udc27\ud835\udc1f\ud835\udc2b\ud835\udc28\ud835\udc27\ud835\udc2d\ud835\udc28 \ud835\udc03\ud835\udc1e\ud835\udc1c\ud835\udc22\ud835\udc2c\ud835\udc22\ud835\udc2f\ud835\udc28! <img decoding=\"async\" src=\"https:\/\/s.w.org\/images\/core\/emoji\/17.0.2\/72x72\/1f3c6.png\" alt=\"\ud83c\udfc6\" class=\"wp-smiley\" style=\"height: 1em; max-height: 1em;\" \/><\/p>\n<p>Segundo jogo das quartas de final da Copa do Brasil. Pela vaga, \ud835\udc6e\ud835\udc68\ud835\udc73\ud835\udc76! <img decoding=\"async\" src=\"https:\/\/s.w.org\/images\/core\/emoji\/17.0.2\/72x72\/1f413.png\" alt=\"\ud83d\udc13\" class=\"wp-smiley\" style=\"height: 1em; max-height: 1em;\" \/> <a href=\"https:\/\/t.co\/tmtwCW7jCj\">pic.twitter.com\/tmtwCW7jCj<\/a><\/p>\n<p>\u2014 Atl\u00e9tico (@Atletico) <a href=\"https:\/\/x.com\/Atletico\/status\/2094418042755187048?ref_src=twsrc%5Etfw\">August 31, 2026<\/a><\/p>\n<\/blockquote>\n<p><script async src=\"https:\/\/platform.x.com\/widgets.js\" charset=\"utf-8\"><\/script><\/p>\n<h2><strong>Onde assistir <\/strong><strong>Vit\u00f3ria x\u00a0<\/strong><strong>Athletico-PR ao vivo?<\/strong><\/h2>\n<ul>\n<li><strong>TV: <\/strong><i>SporTV<\/i> (TV fechada) e <i>Premiere<\/i> (pay-per-view)<\/li>\n<\/ul>\n<p><strong>Veja tamb\u00e9m:<\/strong><br \/>\n<strong><a href=\"https:\/\/www.gazetaesportiva.com\/todas-as-noticias\/\">Todas as not\u00edcias da Gazeta Esportiva<\/a><\/strong><br \/>\n<strong><a href=\"https:\/\/www.youtube.com\/channel\/UCcndglQZmXnYjgE_Grqt5yg\">Canal da Gazeta Esportiva no YouTube<\/a><\/strong><br \/>\n<strong><a href=\"https:\/\/www.instagram.com\/gazetaesportiva\/\">Siga a Gazeta Esportiva no Instagram<\/a><\/strong><\/p>\n<h2><b>Como chegam as equipes<\/b><\/h2>\n<p>O Atl\u00e9tico-MG chega embalado ap\u00f3s mais uma vit\u00f3ria no Campeonato Brasileiro. No \u00faltimo s\u00e1bado, mesmo com uma equipe completamente reserva, o time comandado por Eduardo Dom\u00ednguez bateu o Vit\u00f3ria por 2 a 1 na Arena MRV. O resultado ampliou para 13 jogos a sequ\u00eancia de invencibilidade do Galo na temporada e refor\u00e7ou o \u00f3timo momento vivido pela equipe.<\/p>\n<p>J\u00e1 o Cruzeiro tamb\u00e9m entrou em campo pelo Campeonato Brasileiro neste fim de semana. Assim como o Atl\u00e9tico-MG, a equipe celeste poupou v\u00e1rios titulares de olho no duelo de volta da Copa do Brasil. No entanto, acabou derrotada pelo Vasco por 3 a 1. Com o resultado, o time comandado por Artur Jorge caiu para a sexta coloca\u00e7\u00e3o na tabela.<\/p>\n<h2><b>Prov\u00e1veis escala\u00e7\u00f5es<\/b><\/h2>\n<h3><img decoding=\"async\" src=\"https:\/\/s.w.org\/images\/core\/emoji\/17.0.2\/72x72\/26ab.png\" alt=\"\u26ab\" class=\"wp-smiley\" style=\"height: 1em; max-height: 1em;\" \/><img decoding=\"async\" src=\"https:\/\/s.w.org\/images\/core\/emoji\/17.0.2\/72x72\/26aa.png\" alt=\"\u26aa\" class=\"wp-smiley\" style=\"height: 1em; max-height: 1em;\" \/> Atl\u00e9tico-MG<\/h3>\n<p>Everson (Gabriel Delfim); Natanael, Vitao, Victor Hugo e Renan Lodi; Casta\u00f1o, Maycon e Fred; Cuello, Casierra e Bernard.<br \/>\n<b>T\u00e9cnico:<\/b> Eduardo Dom\u00ednguez.<\/p>\n<h3><img decoding=\"async\" src=\"https:\/\/s.w.org\/images\/core\/emoji\/17.0.2\/72x72\/1f535.png\" alt=\"\ud83d\udd35\" class=\"wp-smiley\" style=\"height: 1em; max-height: 1em;\" \/><img decoding=\"async\" src=\"https:\/\/s.w.org\/images\/core\/emoji\/17.0.2\/72x72\/26aa.png\" alt=\"\u26aa\" class=\"wp-smiley\" style=\"height: 1em; max-height: 1em;\" \/>Cruzeiro<\/h3>\n<p>Ot\u00e1vio; Fagner, Jonathan Jesus, Fabr\u00edcio Bruno e Rojas; Lucas Romero, Gerson e Matheus Pereira; Arroyo, Kaio Jorge e Wesley.<br \/>\n<b>T\u00e9cnico: <\/b>Artur Jorge.<\/p>\n<h2><b>Arbitragem<\/b><\/h2>\n<ul>\n<li><b>\u00c1rbitra:<\/b> Raphael Claus (SP)<\/li>\n<li><b>Assistentes:<\/b> Danilo Ricardo Simon Manis (SP) e Victor Hugo Imazu dos Santos (PR)<\/li>\n<li><b>VAR:<\/b> Rodrigo Guarizo Ferreira do Amaral (SP)<\/li>\n<\/ul>\n<h2><b>Ficha t\u00e9cnica<\/b><\/h2>\n<p><b>Confronto:<\/b> Atl\u00e9tico-MG x Cruzeiro<br \/>\n<b>Competi\u00e7\u00e3o:<\/b> Copa do Brasil \u2013 Quartas de final (jogo de volta)<br \/>\n<b>Data e hor\u00e1rio:<\/b> Ter\u00e7a-feira, 01 de setembro de 2026, \u00e0s 21h (de Bras\u00edlia)<br \/>\n<b>Local:<\/b> Arena MRV, Minas Gerais (MG)<br \/>\n<b>Transmiss\u00e3o:<\/b>\u00a0<em>SporTV<\/em>,\u00a0<em>Premiere<\/em><\/p>\n<div class=\"dugout-video dugout-embed-eyJrZXkiOiIiLCJwIjoiZ2F6ZXRhZXNwb3J0aXZhIiwicGwiOiI0a2hoSjVCWCJ9\">\n<div class=\"dugout-video dugout-embed-eyJrZXkiOiIiLCJwIjoiZ2F6ZXRhZXNwb3J0aXZhIiwicGwiOiI0a2hoSjVCWCJ9\"><\/div>\n<p><script type=\"text\/javascript\" src=\"https:\/\/embed.onefootball.com\/inline\/gazetaesportiva.js\"><\/script><\/p>\n<\/div>\n<p>O post <a href=\"https:\/\/www.gazetaesportiva.com\/todas-as-noticias\/atletico-mg-x-cruzeiro-veja-provaveis-escalacoes-e-onde-assistir-ao-jogo-pela-copa-do-brasil\/\">Atl\u00e9tico-MG x Cruzeiro: veja prov\u00e1veis escala\u00e7\u00f5es e onde assistir ao jogo pela Copa do Brasil<\/a> apareceu primeiro em <a href=\"https:\/\/www.gazetaesportiva.com\">Gazeta Esportiva<\/a>.<\/p>\n","protected":false},"excerpt":{"rendered":"<p>Depois de empatarem sem gols no jogo de ida, Atl\u00e9tico-MG e Cruzeiro fazem, nesta ter\u00e7a-feira, o duelo de<\/p>\n","protected":false},"author":1,"featured_media":11621,"comment_status":"open","ping_status":"open","sticky":false,"template":"","format":"standard","meta":{"footnotes":""},"categories":[71],"tags":[],"class_list":["post-11620","post","type-post","status-publish","format-standard","has-post-thumbnail","hentry","category-esportes-news"],"_links":{"self":[{"href":"https:\/\/portalbahianoticia.com.br\/index.php?rest_route=\/wp\/v2\/posts\/11620","targetHints":{"allow":["GET"]}}],"collection":[{"href":"https:\/\/portalbahianoticia.com.br\/index.php?rest_route=\/wp\/v2\/posts"}],"about":[{"href":"https:\/\/portalbahianoticia.com.br\/index.php?rest_route=\/wp\/v2\/types\/post"}],"author":[{"embeddable":true,"href":"https:\/\/portalbahianoticia.com.br\/index.php?rest_route=\/wp\/v2\/users\/1"}],"replies":[{"embeddable":true,"href":"https:\/\/portalbahianoticia.com.br\/index.php?rest_route=%2Fwp%2Fv2%2Fcomments&post=11620"}],"version-history":[{"count":0,"href":"https:\/\/portalbahianoticia.com.br\/index.php?rest_route=\/wp\/v2\/posts\/11620\/revisions"}],"wp:featuredmedia":[{"embeddable":true,"href":"https:\/\/portalbahianoticia.com.br\/index.php?rest_route=\/wp\/v2\/media\/11621"}],"wp:attachment":[{"href":"https:\/\/portalbahianoticia.com.br\/index.php?rest_route=%2Fwp%2Fv2%2Fmedia&parent=11620"}],"wp:term":[{"taxonomy":"category","embeddable":true,"href":"https:\/\/portalbahianoticia.com.br\/index.php?rest_route=%2Fwp%2Fv2%2Fcategories&post=11620"},{"taxonomy":"post_tag","embeddable":true,"href":"https:\/\/portalbahianoticia.com.br\/index.php?rest_route=%2Fwp%2Fv2%2Ftags&post=11620"}],"curies":[{"name":"wp","href":"https:\/\/api.w.org\/{rel}","templated":true}]}}