{"id":11618,"date":"2026-08-31T23:13:23","date_gmt":"2026-09-01T02:13:23","guid":{"rendered":"https:\/\/portalbahianoticia.com.br\/?p=11618"},"modified":"2026-08-31T23:13:23","modified_gmt":"2026-09-01T02:13:23","slug":"fortaleza-x-sao-paulo-pelo-brasileirao-sub-17-veja-informacoes-e-provaveis-escalacoes","status":"publish","type":"post","link":"https:\/\/portalbahianoticia.com.br\/?p=11618","title":{"rendered":"Fortaleza x S\u00e3o Paulo pelo Brasileir\u00e3o sub-17: veja informa\u00e7\u00f5es e prov\u00e1veis escala\u00e7\u00f5es"},"content":{"rendered":"<p>Nesta ter\u00e7a-feira, o <a href=\"https:\/\/www.gazetaesportiva.com\/times\/sao-paulo\/\"><strong>S\u00e3o Paulo<\/strong><\/a> visita o <a href=\"https:\/\/www.gazetaesportiva.com\/times\/fortaleza\/\"><strong>Fortaleza<\/strong> <\/a>pela <strong>14\u00aa rodada<\/strong> do <strong>Campeonato Brasileiro Sub-17<\/strong>. O jogo ser\u00e1 realizado no <strong>CT Ribamar Bezerra<\/strong>, em Maracana\u00fa, a partir das <strong>15h<\/strong> (de Bras\u00edlia).<\/p>\n<blockquote class=\"twitter-tweet\">\n<p dir=\"ltr\" lang=\"pt\">Confira os pr\u00f3ximos jogos dos <a href=\"https:\/\/x.com\/hashtag\/MadeInCotia?src=hash&#038;ref_src=twsrc%5Etfw\">#MadeInCotia<\/a>:<\/p>\n<p><img decoding=\"async\" src=\"https:\/\/s.w.org\/images\/core\/emoji\/17.0.2\/72x72\/1f19a.png\" alt=\"\ud83c\udd9a\" class=\"wp-smiley\" style=\"height: 1em; max-height: 1em;\" \/> Fortaleza<br \/>\n<img decoding=\"async\" src=\"https:\/\/s.w.org\/images\/core\/emoji\/17.0.2\/72x72\/1f3c6.png\" alt=\"\ud83c\udfc6\" class=\"wp-smiley\" style=\"height: 1em; max-height: 1em;\" \/> Brasileiro Sub-17<br \/>\n<img decoding=\"async\" src=\"https:\/\/s.w.org\/images\/core\/emoji\/17.0.2\/72x72\/1f5d3.png\" alt=\"\ud83d\uddd3\" class=\"wp-smiley\" style=\"height: 1em; max-height: 1em;\" \/> 01\/09 (ter\u00e7a)<br \/>\n<img decoding=\"async\" src=\"https:\/\/s.w.org\/images\/core\/emoji\/17.0.2\/72x72\/23f0.png\" alt=\"\u23f0\" class=\"wp-smiley\" style=\"height: 1em; max-height: 1em;\" \/> 15h<br \/>\n<img decoding=\"async\" src=\"https:\/\/s.w.org\/images\/core\/emoji\/17.0.2\/72x72\/1f3df.png\" alt=\"\ud83c\udfdf\" class=\"wp-smiley\" style=\"height: 1em; max-height: 1em;\" \/> CT Ribamar Bezerra<br \/>\n<img decoding=\"async\" src=\"https:\/\/s.w.org\/images\/core\/emoji\/17.0.2\/72x72\/1f4cd.png\" alt=\"\ud83d\udccd\" class=\"wp-smiley\" style=\"height: 1em; max-height: 1em;\" \/> Maracana\u00fa (CE)<\/p>\n<p><img decoding=\"async\" src=\"https:\/\/s.w.org\/images\/core\/emoji\/17.0.2\/72x72\/1f19a.png\" alt=\"\ud83c\udd9a\" class=\"wp-smiley\" style=\"height: 1em; max-height: 1em;\" \/> Desportivo Brasil<br \/>\n<img decoding=\"async\" src=\"https:\/\/s.w.org\/images\/core\/emoji\/17.0.2\/72x72\/1f3c6.png\" alt=\"\ud83c\udfc6\" class=\"wp-smiley\" style=\"height: 1em; max-height: 1em;\" \/> Paulista Sub-20<br \/>\n<img decoding=\"async\" src=\"https:\/\/s.w.org\/images\/core\/emoji\/17.0.2\/72x72\/1f5d3.png\" alt=\"\ud83d\uddd3\" class=\"wp-smiley\" style=\"height: 1em; max-height: 1em;\" \/> 04\/09 (sexta)<br \/>\n<img decoding=\"async\" src=\"https:\/\/s.w.org\/images\/core\/emoji\/17.0.2\/72x72\/23f0.png\" alt=\"\u23f0\" class=\"wp-smiley\" style=\"height: 1em; max-height: 1em;\" \/> 15h<br \/>\n<img decoding=\"async\" src=\"https:\/\/s.w.org\/images\/core\/emoji\/17.0.2\/72x72\/1f3df.png\" alt=\"\ud83c\udfdf\" class=\"wp-smiley\" style=\"height: 1em; max-height: 1em;\" \/> Ernesto Rocco<br \/>\n<img decoding=\"async\" src=\"https:\/\/s.w.org\/images\/core\/emoji\/17.0.2\/72x72\/1f4cd.png\" alt=\"\ud83d\udccd\" class=\"wp-smiley\" style=\"height: 1em; max-height: 1em;\" \/> Porto Feliz (SP)<br \/>\n<img decoding=\"async\" src=\"https:\/\/s.w.org\/images\/core\/emoji\/17.0.2\/72x72\/1f4fa.png\" alt=\"\ud83d\udcfa\" class=\"wp-smiley\" style=\"height: 1em; max-height: 1em;\" \/> Youtube Energia 97 FM\u2026 <a href=\"https:\/\/t.co\/4hwCRdLE19\">pic.twitter.com\/4hwCRdLE19<\/a><\/p>\n<p>\u2014 S\u00e3o Paulo FC (@SaoPauloFC) <a href=\"https:\/\/x.com\/SaoPauloFC\/status\/2094425282094518560?ref_src=twsrc%5Etfw\">August 31, 2026<\/a><\/p>\n<\/blockquote>\n<p><script async src=\"https:\/\/platform.x.com\/widgets.js\" charset=\"utf-8\"><\/script><\/p>\n<h2>Onde assistir?<\/h2>\n<p><em>Sem transmiss\u00e3o confirmada.<\/em><\/p>\n<p><strong>Veja tamb\u00e9m:<strong><br \/>\n<a href=\"https:\/\/www.gazetaesportiva.com\/todas-as-noticias\/\">Todas as not\u00edcias da Gazeta Esportiva<\/a><\/strong><br \/>\n<strong><a href=\"https:\/\/www.youtube.com\/channel\/UCcndglQZmXnYjgE_Grqt5yg\">Canal da Gazeta Esportiva no YouTube<\/a><\/strong><br \/>\n<strong><a href=\"https:\/\/www.instagram.com\/gazetaesportiva\/\">Siga a Gazeta Esportiva no Instagram<\/a><br \/>\n<\/strong><strong><a href=\"https:\/\/whatsapp.com\/channel\/0029Va9JQFL3WHTguJNfam3U\">Participe do canal da Gazeta Esportiva no WhatsApp<\/a><\/strong><\/strong><\/p>\n<h2>Como chegam?<\/h2>\n<p>O S\u00e3o Paulo vive um bom momento e vem de duas vit\u00f3rias consecutivas contra Atl\u00e9tico-GO e Bahia. O Tricolor Paulista ocupa a <strong>nona coloca\u00e7\u00e3o<\/strong>, com<strong> 20 pontos<\/strong> somados. O Fortaleza, por sua vez, tamb\u00e9m venceu seus dois \u00faltimos jogos contra Am\u00e9rica-MG e Gr\u00eamio, e est\u00e1 na<strong> s\u00e9tima posi\u00e7\u00e3o<\/strong>, com<strong> 23 pontos.<\/strong><\/p>\n<h2>Prov\u00e1veis escala\u00e7\u00f5es<\/h2>\n<p><img decoding=\"async\" src=\"https:\/\/s.w.org\/images\/core\/emoji\/17.0.2\/72x72\/1f534.png\" alt=\"\ud83d\udd34\" class=\"wp-smiley\" style=\"height: 1em; max-height: 1em;\" \/><img decoding=\"async\" src=\"https:\/\/s.w.org\/images\/core\/emoji\/17.0.2\/72x72\/1f535.png\" alt=\"\ud83d\udd35\" class=\"wp-smiley\" style=\"height: 1em; max-height: 1em;\" \/><strong>Fortaleza<\/strong><\/p>\n<p>F\u00e1bio Barbos; Maciel da Silva, Cl\u00e1udio Henrique, Isaque Marquiori, Kission e Davi Fernandes; Fa\u00e7anha, Jo\u00e3o \u00cdtalo, C\u00e9zar Augusto e Kayke; Nicolas Levi.<br \/>\n<strong>T\u00e9cnico:<\/strong> Thiago Moreira<\/p>\n<p><img decoding=\"async\" src=\"https:\/\/s.w.org\/images\/core\/emoji\/17.0.2\/72x72\/1f534.png\" alt=\"\ud83d\udd34\" class=\"wp-smiley\" style=\"height: 1em; max-height: 1em;\" \/><img decoding=\"async\" src=\"https:\/\/s.w.org\/images\/core\/emoji\/17.0.2\/72x72\/26aa.png\" alt=\"\u26aa\" class=\"wp-smiley\" style=\"height: 1em; max-height: 1em;\" \/><strong>S\u00e3o Paulo<\/strong><\/p>\n<p>Jo\u00e3o Soato; Kau\u00e3 Daniel, Jo\u00e3o Bispo, Lucas Miranda e Luan Silva; Kau\u00e3 Edmar, Aguilar, Gustavo Zabarelli e Roberto Willian; Nicolas Francisco e Brenno Junqueira<br \/>\n<strong>T\u00e9cnico:<\/strong>\u00a0Menta<\/p>\n<h2>Arbitragem<\/h2>\n<ul>\n<li><strong>\u00c1rbitro:<\/strong> Wanderson Marques Martins (CE);<\/li>\n<li><strong>Assistentes:<\/strong> Eleuterio Felipe Marques Junior (CE) e Tiago Castro e Silva (CE);<\/li>\n<\/ul>\n<h2>Ficha T\u00e9cnica<br \/>\n<img decoding=\"async\" src=\"https:\/\/s.w.org\/images\/core\/emoji\/17.0.2\/72x72\/1f534.png\" alt=\"\ud83d\udd34\" class=\"wp-smiley\" style=\"height: 1em; max-height: 1em;\" \/><img decoding=\"async\" src=\"https:\/\/s.w.org\/images\/core\/emoji\/17.0.2\/72x72\/1f535.png\" alt=\"\ud83d\udd35\" class=\"wp-smiley\" style=\"height: 1em; max-height: 1em;\" \/>Fortaleza x S\u00e3o Paulo<img decoding=\"async\" src=\"https:\/\/s.w.org\/images\/core\/emoji\/17.0.2\/72x72\/1f534.png\" alt=\"\ud83d\udd34\" class=\"wp-smiley\" style=\"height: 1em; max-height: 1em;\" \/><img decoding=\"async\" src=\"https:\/\/s.w.org\/images\/core\/emoji\/17.0.2\/72x72\/26aa.png\" alt=\"\u26aa\" class=\"wp-smiley\" style=\"height: 1em; max-height: 1em;\" \/><\/h2>\n<p><strong>Competi\u00e7\u00e3o:<\/strong> Brasileir\u00e3o Sub-17 \u2013 14\u00aa rodada<br \/>\n<strong>Data e hor\u00e1rio:<\/strong> Ter\u00e7a-feira, 1\u00ba de setembro de 2026, \u00e0s 15h (de Bras\u00edlia)<br \/>\n<strong>Local:<\/strong> CT Ribamar Bezerra, em Maracana\u00fa (CE)<br \/>\n<strong>Transmiss\u00e3o:<\/strong> <em>N\u00e3o divulgado<\/em><\/p>\n<div class=\"dugout-video dugout-embed-eyJrZXkiOiIiLCJwIjoiZ2F6ZXRhZXNwb3J0aXZhIiwicGwiOiI0a2hoSjVCWCJ9\"><\/div>\n<p><script type=\"text\/javascript\" src=\"https:\/\/embed.onefootball.com\/inline\/gazetaesportiva.js\"><\/script><\/p>\n<p>O post <a href=\"https:\/\/www.gazetaesportiva.com\/todas-as-noticias\/fortaleza-x-sao-paulo-sub-17-14a-rodada\/\">Fortaleza x S\u00e3o Paulo pelo Brasileir\u00e3o sub-17: veja informa\u00e7\u00f5es e prov\u00e1veis escala\u00e7\u00f5es<\/a> apareceu primeiro em <a href=\"https:\/\/www.gazetaesportiva.com\">Gazeta Esportiva<\/a>.<\/p>\n","protected":false},"excerpt":{"rendered":"<p>Nesta ter\u00e7a-feira, o S\u00e3o Paulo visita o Fortaleza pela 14\u00aa rodada do Campeonato Brasileiro Sub-17. O jogo ser\u00e1<\/p>\n","protected":false},"author":1,"featured_media":11619,"comment_status":"open","ping_status":"open","sticky":false,"template":"","format":"standard","meta":{"footnotes":""},"categories":[71],"tags":[],"class_list":["post-11618","post","type-post","status-publish","format-standard","has-post-thumbnail","hentry","category-esportes-news"],"_links":{"self":[{"href":"https:\/\/portalbahianoticia.com.br\/index.php?rest_route=\/wp\/v2\/posts\/11618","targetHints":{"allow":["GET"]}}],"collection":[{"href":"https:\/\/portalbahianoticia.com.br\/index.php?rest_route=\/wp\/v2\/posts"}],"about":[{"href":"https:\/\/portalbahianoticia.com.br\/index.php?rest_route=\/wp\/v2\/types\/post"}],"author":[{"embeddable":true,"href":"https:\/\/portalbahianoticia.com.br\/index.php?rest_route=\/wp\/v2\/users\/1"}],"replies":[{"embeddable":true,"href":"https:\/\/portalbahianoticia.com.br\/index.php?rest_route=%2Fwp%2Fv2%2Fcomments&post=11618"}],"version-history":[{"count":0,"href":"https:\/\/portalbahianoticia.com.br\/index.php?rest_route=\/wp\/v2\/posts\/11618\/revisions"}],"wp:featuredmedia":[{"embeddable":true,"href":"https:\/\/portalbahianoticia.com.br\/index.php?rest_route=\/wp\/v2\/media\/11619"}],"wp:attachment":[{"href":"https:\/\/portalbahianoticia.com.br\/index.php?rest_route=%2Fwp%2Fv2%2Fmedia&parent=11618"}],"wp:term":[{"taxonomy":"category","embeddable":true,"href":"https:\/\/portalbahianoticia.com.br\/index.php?rest_route=%2Fwp%2Fv2%2Fcategories&post=11618"},{"taxonomy":"post_tag","embeddable":true,"href":"https:\/\/portalbahianoticia.com.br\/index.php?rest_route=%2Fwp%2Fv2%2Ftags&post=11618"}],"curies":[{"name":"wp","href":"https:\/\/api.w.org\/{rel}","templated":true}]}}