{"id":11616,"date":"2026-08-31T23:13:24","date_gmt":"2026-09-01T02:13:24","guid":{"rendered":"https:\/\/portalbahianoticia.com.br\/?p=11616"},"modified":"2026-08-31T23:13:24","modified_gmt":"2026-09-01T02:13:24","slug":"sub-20-do-sao-paulo-feminino-participara-de-torneio-com-real-madrid-e-flamengo","status":"publish","type":"post","link":"https:\/\/portalbahianoticia.com.br\/?p=11616","title":{"rendered":"Sub-20 do S\u00e3o Paulo feminino participar\u00e1 de torneio com Real Madrid e Flamengo"},"content":{"rendered":"<p>O <strong><a href=\"https:\/\/www.gazetaesportiva.com\/times\/sao-paulo\/\">S\u00e3o Paulo<\/a><\/strong> ir\u00e1 participar, entre os dias 23 e 26 de setembro, do Torneio Internacional Estrelas de Futebol Feminino, competi\u00e7\u00e3o sub-20 que reunir\u00e1 outras tr\u00eas equipes: <strong><a href=\"https:\/\/www.gazetaesportiva.com\/times\/flamengo\/\">Flamengo<\/a><\/strong>, <strong><a href=\"https:\/\/www.gazetaesportiva.com\/times\/real-madrid\/\">Real Madrid<\/a><\/strong> e a sele\u00e7\u00e3o do Paraguai. A iniciativa \u00e9 organizada pelo projeto Estrelas, que fomenta o futebol feminino atuando na forma\u00e7\u00e3o e no desenvolvimento de jovens atletas entre nove e 17 anos.<\/p>\n<p>A competi\u00e7\u00e3o ter\u00e1 in\u00edcio na quarta-feira e ser\u00e1 realizada no Canind\u00e9. O primeiro jogo acontece entre Flamengo e Paraguai, \u00e0s 16h (de Bras\u00edlia). Na sequ\u00eancia, \u00e0s 19h30, S\u00e3o Paulo encara o Real Madrid. As equipes voltam a campo no s\u00e1bado, quando os perdedores da primeira rodada disputam o terceiro lugar, \u00e0s 16h, e os vencedores fazem a final, \u00e0s 19h30.<\/p>\n<p>Al\u00e9m de promover confrontos entre equipes de destaque no cen\u00e1rio nacional e internacional, o torneio busca fortalecer o futebol feminino de base, proporcionando \u00e0s atletas uma experi\u00eancia competitiva de alto n\u00edvel e ampliando as oportunidades de desenvolvimento t\u00e9cnico e visibilidade.<\/p>\n<blockquote class=\"twitter-tweet\">\n<p dir=\"ltr\" lang=\"pt\"><img decoding=\"async\" src=\"https:\/\/s.w.org\/images\/core\/emoji\/17.0.2\/72x72\/1f44a.png\" alt=\"\ud83d\udc4a\" class=\"wp-smiley\" style=\"height: 1em; max-height: 1em;\" \/> Treino da <a href=\"https:\/\/x.com\/hashtag\/BaseFeminina?src=hash&#038;ref_src=twsrc%5Etfw\">#BaseFeminina<\/a> Sub-20 finalizado!<\/p>\n<p><img decoding=\"async\" src=\"https:\/\/s.w.org\/images\/core\/emoji\/17.0.2\/72x72\/1f4f8.png\" alt=\"\ud83d\udcf8\" class=\"wp-smiley\" style=\"height: 1em; max-height: 1em;\" \/> Luan Ryder \/ S\u00e3o Paulo FC<a href=\"https:\/\/x.com\/hashtag\/FutebolFemininoTricolor?src=hash&#038;ref_src=twsrc%5Etfw\">#FutebolFemininoTricolor<\/a><a href=\"https:\/\/x.com\/hashtag\/VamosS%C3%A3oPaulo?src=hash&#038;ref_src=twsrc%5Etfw\">#VamosS\u00e3oPaulo<\/a> <img decoding=\"async\" src=\"https:\/\/s.w.org\/images\/core\/emoji\/17.0.2\/72x72\/1f1fe-1f1ea.png\" alt=\"\ud83c\uddfe\ud83c\uddea\" class=\"wp-smiley\" style=\"height: 1em; max-height: 1em;\" \/> <a href=\"https:\/\/t.co\/tDY1CSv8S8\">pic.twitter.com\/tDY1CSv8S8<\/a><\/p>\n<p>\u2014 S\u00e3o Paulo Feminino (@SaoPauloFC_Fem) <a href=\"https:\/\/x.com\/SaoPauloFC_Fem\/status\/2094474985754484805?ref_src=twsrc%5Etfw\">August 31, 2026<\/a><\/p>\n<\/blockquote>\n<p><script async src=\"https:\/\/platform.x.com\/widgets.js\" charset=\"utf-8\"><\/script><\/p>\n<p>No dia 24 de setembro, as quatro equipes participar\u00e3o de uma programa\u00e7\u00e3o de cl\u00ednicas e viv\u00eancias pr\u00e1ticas, com presen\u00e7a de atletas e integrantes das comiss\u00f5es t\u00e9cnicas. As atividades ser\u00e3o voltadas \u00e0 troca de metodologias, experi\u00eancias de forma\u00e7\u00e3o e aproxima\u00e7\u00e3o entre diferentes modelos de desenvolvimento do futebol feminino.<\/p>\n<p>J\u00e1 no dia 25, ser\u00e1 realizado o Summit Internacional das Estrelas, encontro que reunir\u00e1 representantes dos clubes e sele\u00e7\u00f5es participantes, atletas, profissionais da modalidade, convidados e especialistas para discutir temas centrais para o futuro da forma\u00e7\u00e3o do futebol feminino.<\/p>\n<p>\u201cO futebol feminino vive um momento de crescimento e atrav\u00e9s de iniciativas como essa buscamos acelerar esse processo, principalmente quando reunimos grandes equipes de \u00e2mbito nacional e internacional. O projeto Estrelas j\u00e1 atua promovendo alto rendimento e forma\u00e7\u00e3o para as atletas\u201d, afirmou Anderson Rubinatto, idealizador do projeto.<\/p>\n<p>\u201cEste torneio ser\u00e1 realizado para criar um ambiente de alto rendimento e interc\u00e2mbio, fundamental para a forma\u00e7\u00e3o dessas jogadoras, \u00e9 uma oportunidade de abrir portas e fortalecer o futuro da modalidade\u201d, concluiu Rubinatto.<\/p>\n<h2><strong>Programa\u00e7\u00e3o (hor\u00e1rios de Bras\u00edlia):<\/strong><\/h2>\n<p><strong>23 de setembro (quarta-feira)<\/strong><br \/>\n16h \u2013 Flamengo x Sele\u00e7\u00e3o do Paraguai<br \/>\n19h30 \u2013 S\u00e3o Paulo x Real Madrid<\/p>\n<p><strong>26 de setembro (s\u00e1bado)<\/strong><br \/>\n16h \u2013 Disputa de 3\u00ba lugar<br \/>\n19h30 \u2013 Final<\/p>\n<div class=\"dugout-video dugout-embed-eyJrZXkiOiIiLCJwIjoiZ2F6ZXRhZXNwb3J0aXZhIiwicGwiOiI0a2hoSjVCWCJ9\"><\/div>\n<p><script type=\"text\/javascript\" src=\"https:\/\/embed.onefootball.com\/inline\/gazetaesportiva.js\"><\/script><\/p>\n<p>O post <a href=\"https:\/\/www.gazetaesportiva.com\/futebol-feminino\/sub-20-do-sao-paulo-feminino-participara-de-torneio-com-real-madrid-e-flamengo\/\">Sub-20 do S\u00e3o Paulo feminino participar\u00e1 de torneio com Real Madrid e Flamengo<\/a> apareceu primeiro em <a href=\"https:\/\/www.gazetaesportiva.com\">Gazeta Esportiva<\/a>.<\/p>\n","protected":false},"excerpt":{"rendered":"<p>O S\u00e3o Paulo ir\u00e1 participar, entre os dias 23 e 26 de setembro, do Torneio Internacional Estrelas de<\/p>\n","protected":false},"author":1,"featured_media":11617,"comment_status":"open","ping_status":"open","sticky":false,"template":"","format":"standard","meta":{"footnotes":""},"categories":[71],"tags":[],"class_list":["post-11616","post","type-post","status-publish","format-standard","has-post-thumbnail","hentry","category-esportes-news"],"_links":{"self":[{"href":"https:\/\/portalbahianoticia.com.br\/index.php?rest_route=\/wp\/v2\/posts\/11616","targetHints":{"allow":["GET"]}}],"collection":[{"href":"https:\/\/portalbahianoticia.com.br\/index.php?rest_route=\/wp\/v2\/posts"}],"about":[{"href":"https:\/\/portalbahianoticia.com.br\/index.php?rest_route=\/wp\/v2\/types\/post"}],"author":[{"embeddable":true,"href":"https:\/\/portalbahianoticia.com.br\/index.php?rest_route=\/wp\/v2\/users\/1"}],"replies":[{"embeddable":true,"href":"https:\/\/portalbahianoticia.com.br\/index.php?rest_route=%2Fwp%2Fv2%2Fcomments&post=11616"}],"version-history":[{"count":0,"href":"https:\/\/portalbahianoticia.com.br\/index.php?rest_route=\/wp\/v2\/posts\/11616\/revisions"}],"wp:featuredmedia":[{"embeddable":true,"href":"https:\/\/portalbahianoticia.com.br\/index.php?rest_route=\/wp\/v2\/media\/11617"}],"wp:attachment":[{"href":"https:\/\/portalbahianoticia.com.br\/index.php?rest_route=%2Fwp%2Fv2%2Fmedia&parent=11616"}],"wp:term":[{"taxonomy":"category","embeddable":true,"href":"https:\/\/portalbahianoticia.com.br\/index.php?rest_route=%2Fwp%2Fv2%2Fcategories&post=11616"},{"taxonomy":"post_tag","embeddable":true,"href":"https:\/\/portalbahianoticia.com.br\/index.php?rest_route=%2Fwp%2Fv2%2Ftags&post=11616"}],"curies":[{"name":"wp","href":"https:\/\/api.w.org\/{rel}","templated":true}]}}