{"id":11612,"date":"2026-08-31T23:13:26","date_gmt":"2026-09-01T02:13:26","guid":{"rendered":"https:\/\/portalbahianoticia.com.br\/?p=11612"},"modified":"2026-08-31T23:13:26","modified_gmt":"2026-09-01T02:13:26","slug":"hansi-flick-exalta-gabriel-jesus-e-celebra-chegada-do-brasileiro-ao-barcelona","status":"publish","type":"post","link":"https:\/\/portalbahianoticia.com.br\/?p=11612","title":{"rendered":"Hansi Flick exalta Gabriel Jesus e celebra chegada do brasileiro ao Barcelona"},"content":{"rendered":"<p>O t\u00e9cnico do <a href=\"https:\/\/www.gazetaesportiva.com\/times\/barcelona\/\">Barcelona<\/a>, Hansi Flick, disse nesta segunda-feira que o brasileiro Gabriel Jesus, que est\u00e1 perto de deixar o <a href=\"https:\/\/www.gazetaesportiva.com\/times\/arsenal\/\">Arsenal<\/a> e assinar com o clube catal\u00e3o, \u00e9 um \u201catacante top\u201d.<\/p>\n<p>Gabriel, de 29 anos, acompanhou a vit\u00f3ria do Bar\u00e7a sobre o Rayo Vallecano por 5 a 2 pelo Campeonato Espanhol no Camp Nou, antes de oficializar sua transfer\u00eancia.<\/p>\n<p>\u201cPara mim, ele \u00e9 um atacante top e, com certeza, vai ser muito importante para n\u00f3s. Ele pode agregar muito \u00e0 equipe e estou muito feliz por ele estar aqui\u201d, declarou Flick \u00e0 <em>DAZN<\/em> ap\u00f3s a partida.<\/p>\n<p><strong>Veja tamb\u00e9m:<\/strong><br \/>\n<strong><a href=\"https:\/\/www.gazetaesportiva.com\/todas-as-noticias\/\">Todas as not\u00edcias da Gazeta Esportiva<\/a><\/strong><br \/>\n<strong><a href=\"https:\/\/www.youtube.com\/channel\/UCcndglQZmXnYjgE_Grqt5yg\">Canal da Gazeta Esportiva no YouTube<\/a><\/strong><br \/>\n<strong><a href=\"https:\/\/www.instagram.com\/gazetaesportiva\/\">Siga a Gazeta Esportiva no Instagram<\/a><br \/>\n<\/strong><strong><a href=\"https:\/\/whatsapp.com\/channel\/0029Va9JQFL3WHTguJNfam3U\">Participe do canal da Gazeta Esportiva no WhatsApp<\/a><\/strong><\/p>\n<p>Gabriel Jesus seria a alternativa a Julian \u00c1lvarez, atacante argentino por quem o Bar\u00e7a fez uma proposta que foi recusada pelo Atl\u00e9tico de Madrid.<\/p>\n<p>A diretoria \u2018blaugrana\u2019 precisou ir ao mercado em busca de um atacante para repor as sa\u00eddas de Robert Lewandowski e Ferran Torres.<\/p>\n<p>Neste in\u00edcio de temporada, Flick vem escalando como centroavante o brasileiro Raphinha, que marcou cinco gols nos tr\u00eas primeiros jogos da LaLiga.<\/p>\n<blockquote class=\"twitter-tweet\">\n<p dir=\"ltr\" lang=\"pt\"><img decoding=\"async\" src=\"https:\/\/s.w.org\/images\/core\/emoji\/17.0.2\/72x72\/1f60e.png\" alt=\"\ud83d\ude0e\" class=\"wp-smiley\" style=\"height: 1em; max-height: 1em;\" \/> FINAAAL: Miss\u00e3o cumprida! <img decoding=\"async\" src=\"https:\/\/s.w.org\/images\/core\/emoji\/17.0.2\/72x72\/1f44a.png\" alt=\"\ud83d\udc4a\" class=\"wp-smiley\" style=\"height: 1em; max-height: 1em;\" \/><a href=\"https:\/\/x.com\/hashtag\/Bar%C3%A7aRayo?src=hash&#038;ref_src=twsrc%5Etfw\">#Bar\u00e7aRayo<\/a> <a href=\"https:\/\/t.co\/pXhkNaMvIe\">pic.twitter.com\/pXhkNaMvIe<\/a><\/p>\n<p>\u2014 FC Barcelona (@fcbarcelona_br) <a href=\"https:\/\/x.com\/fcbarcelona_br\/status\/2094538309754126715?ref_src=twsrc%5Etfw\">August 31, 2026<\/a><\/p>\n<\/blockquote>\n<p><script async src=\"https:\/\/platform.x.com\/widgets.js\" charset=\"utf-8\"><\/script><\/p>\n<p>Gabriel Jesus, que teria mais um ano de contrato com o Arsenal, perdeu espa\u00e7o nos \u00faltimos meses no time londrino, ficando atr\u00e1s do alem\u00e3o Kai Havertz e do sueco Viktor Gy\u00f6keres na prefer\u00eancia do t\u00e9cnico Mikel Arteta para o ataque.<\/p>\n<p>Segundo a imprensa espanhola, o brasileiro chegaria ao Barcelona por 10 milh\u00f5es de euros (R$ 60 milh\u00f5es na cota\u00e7\u00e3o atual) mais vari\u00e1veis.<\/p>\n<div class=\"dugout-video dugout-embed-eyJrZXkiOiIiLCJwIjoiZ2F6ZXRhZXNwb3J0aXZhIiwicGwiOiI0a2hoSjVCWCJ9\"><\/div>\n<p><script type=\"text\/javascript\" src=\"https:\/\/embed.onefootball.com\/inline\/gazetaesportiva.js\"><\/script><\/p>\n<p><strong>*Por AFP<\/strong><\/p>\n<p>O post <a href=\"https:\/\/www.gazetaesportiva.com\/times\/barcelona\/hansi-flick-exalta-gabriel-jesus-e-celebra-chegada-do-brasileiro-ao-barcelona\/\">Hansi Flick exalta Gabriel Jesus e celebra chegada do brasileiro ao Barcelona<\/a> apareceu primeiro em <a href=\"https:\/\/www.gazetaesportiva.com\">Gazeta Esportiva<\/a>.<\/p>\n","protected":false},"excerpt":{"rendered":"<p>O t\u00e9cnico do Barcelona, Hansi Flick, disse nesta segunda-feira que o brasileiro Gabriel Jesus, que est\u00e1 perto de<\/p>\n","protected":false},"author":1,"featured_media":11613,"comment_status":"open","ping_status":"open","sticky":false,"template":"","format":"standard","meta":{"footnotes":""},"categories":[71],"tags":[],"class_list":["post-11612","post","type-post","status-publish","format-standard","has-post-thumbnail","hentry","category-esportes-news"],"_links":{"self":[{"href":"https:\/\/portalbahianoticia.com.br\/index.php?rest_route=\/wp\/v2\/posts\/11612","targetHints":{"allow":["GET"]}}],"collection":[{"href":"https:\/\/portalbahianoticia.com.br\/index.php?rest_route=\/wp\/v2\/posts"}],"about":[{"href":"https:\/\/portalbahianoticia.com.br\/index.php?rest_route=\/wp\/v2\/types\/post"}],"author":[{"embeddable":true,"href":"https:\/\/portalbahianoticia.com.br\/index.php?rest_route=\/wp\/v2\/users\/1"}],"replies":[{"embeddable":true,"href":"https:\/\/portalbahianoticia.com.br\/index.php?rest_route=%2Fwp%2Fv2%2Fcomments&post=11612"}],"version-history":[{"count":0,"href":"https:\/\/portalbahianoticia.com.br\/index.php?rest_route=\/wp\/v2\/posts\/11612\/revisions"}],"wp:featuredmedia":[{"embeddable":true,"href":"https:\/\/portalbahianoticia.com.br\/index.php?rest_route=\/wp\/v2\/media\/11613"}],"wp:attachment":[{"href":"https:\/\/portalbahianoticia.com.br\/index.php?rest_route=%2Fwp%2Fv2%2Fmedia&parent=11612"}],"wp:term":[{"taxonomy":"category","embeddable":true,"href":"https:\/\/portalbahianoticia.com.br\/index.php?rest_route=%2Fwp%2Fv2%2Fcategories&post=11612"},{"taxonomy":"post_tag","embeddable":true,"href":"https:\/\/portalbahianoticia.com.br\/index.php?rest_route=%2Fwp%2Fv2%2Ftags&post=11612"}],"curies":[{"name":"wp","href":"https:\/\/api.w.org\/{rel}","templated":true}]}}