{"id":11606,"date":"2026-08-31T23:13:29","date_gmt":"2026-09-01T02:13:29","guid":{"rendered":"https:\/\/portalbahianoticia.com.br\/?p=11606"},"modified":"2026-08-31T23:13:29","modified_gmt":"2026-09-01T02:13:29","slug":"comercial-bate-sao-bernardo-e-larga-na-frente-pelo-playoff-da-copa-paulista","status":"publish","type":"post","link":"https:\/\/portalbahianoticia.com.br\/?p=11606","title":{"rendered":"Comercial bate S\u00e3o Bernardo e larga na frente pelo playoff da Copa Paulista"},"content":{"rendered":"<p><span style=\"font-weight: 400;\">Nesta segunda-feira, o <a href=\"https:\/\/www.gazetaesportiva.com\/times\/comercial-sp\/\">Comercial<\/a> venceu o S\u00e3o Bernardo por 2 a 0, pelo jogo de ida do playoff da <a href=\"https:\/\/www.gazetaesportiva.com\/campeonatos\/copa-paulista\/\">Copa Paulista<\/a>, no Est\u00e1dio Dr. Francisco de Palma Travassos.<\/span><\/p>\n<p><strong>Veja tamb\u00e9m:<\/strong><br \/>\n<strong><a href=\"https:\/\/www.gazetaesportiva.com\/todas-as-noticias\/\">Todas as not\u00edcias da Gazeta Esportiva<\/a><\/strong><br \/>\n<strong><a href=\"https:\/\/www.youtube.com\/channel\/UCcndglQZmXnYjgE_Grqt5yg\">Canal da Gazeta Esportiva no YouTube<\/a><\/strong><br \/>\n<strong><a href=\"https:\/\/www.instagram.com\/gazetaesportiva\/\">Siga a Gazeta Esportiva no Instagram<\/a><br \/>\n<\/strong><strong><a href=\"https:\/\/whatsapp.com\/channel\/0029Va9JQFL3WHTguJNfam3U\">Participe do canal da Gazeta Esportiva no WhatsApp<\/a>\u00a0<\/strong><\/p>\n<h2><b>Classifica\u00e7\u00e3o \u00e0 vista<\/b><\/h2>\n<p><span style=\"font-weight: 400;\">Com a vit\u00f3ria, o Comercial pode perder por at\u00e9 um gol de diferen\u00e7a no jogo de volta para garantir vaga nas quartas de final. A segunda partida ocorre neste s\u00e1bado, no Est\u00e1dio Distrital do Inamar, \u00e0s 15h (de Bras\u00edlia).<\/span><\/p>\n<h2><b><img decoding=\"async\" src=\"https:\/\/s.w.org\/images\/core\/emoji\/17.0.2\/72x72\/1f4cb.png\" alt=\"\ud83d\udccb\" class=\"wp-smiley\" style=\"height: 1em; max-height: 1em;\" \/> Resumo do jogo\u00a0<\/b><\/h2>\n<h3><span style=\"font-weight: 400;\"><img decoding=\"async\" src=\"https:\/\/s.w.org\/images\/core\/emoji\/17.0.2\/72x72\/26aa.png\" alt=\"\u26aa\" class=\"wp-smiley\" style=\"height: 1em; max-height: 1em;\" \/><\/span><span style=\"font-weight: 400;\"><img decoding=\"async\" src=\"https:\/\/s.w.org\/images\/core\/emoji\/17.0.2\/72x72\/26ab.png\" alt=\"\u26ab\" class=\"wp-smiley\" style=\"height: 1em; max-height: 1em;\" \/><strong>COMERCIAL<\/strong> <strong>2<\/strong><\/span><b>\u00a0X 0 S\u00c3O BERNARDO<\/b><span style=\"font-weight: 400;\"><img decoding=\"async\" src=\"https:\/\/s.w.org\/images\/core\/emoji\/17.0.2\/72x72\/26ab.png\" alt=\"\u26ab\" class=\"wp-smiley\" style=\"height: 1em; max-height: 1em;\" \/><img decoding=\"async\" src=\"https:\/\/s.w.org\/images\/core\/emoji\/17.0.2\/72x72\/26aa.png\" alt=\"\u26aa\" class=\"wp-smiley\" style=\"height: 1em; max-height: 1em;\" \/><\/span><\/h3>\n<p><span style=\"font-weight: 400;\"><img decoding=\"async\" src=\"https:\/\/s.w.org\/images\/core\/emoji\/17.0.2\/72x72\/1f3c6.png\" alt=\"\ud83c\udfc6\" class=\"wp-smiley\" style=\"height: 1em; max-height: 1em;\" \/> <\/span><b>Competi\u00e7\u00e3o:<\/b><span style=\"font-weight: 400;\"> Copa Paulista \u2013 Playoffs (ida)<br \/>\n<\/span><span style=\"font-weight: 400;\"><img decoding=\"async\" src=\"https:\/\/s.w.org\/images\/core\/emoji\/17.0.2\/72x72\/1f3df.png\" alt=\"\ud83c\udfdf\" class=\"wp-smiley\" style=\"height: 1em; max-height: 1em;\" \/> <b>Local:<\/b> Est\u00e1dio Dr. Francisco de Palma Travassos, em Ribeir\u00e3o Preto (SP)<br \/>\n<img decoding=\"async\" src=\"https:\/\/s.w.org\/images\/core\/emoji\/17.0.2\/72x72\/1f4c5.png\" alt=\"\ud83d\udcc5\" class=\"wp-smiley\" style=\"height: 1em; max-height: 1em;\" \/> <b>Data:<\/b> 31 de agosto de 2026 (segunda-feira)<br \/>\n<\/span><span style=\"font-weight: 400;\"><img decoding=\"async\" src=\"https:\/\/s.w.org\/images\/core\/emoji\/17.0.2\/72x72\/23f0.png\" alt=\"\u23f0\" class=\"wp-smiley\" style=\"height: 1em; max-height: 1em;\" \/> <\/span><b>Hor\u00e1rio:<\/b><span style=\"font-weight: 400;\"> 18h (de Bras\u00edlia)<\/span><\/p>\n<p><b>Gols<\/b><\/p>\n<ul>\n<li style=\"font-weight: 400;\" aria-level=\"1\"><span style=\"font-weight: 400;\"><img decoding=\"async\" src=\"https:\/\/s.w.org\/images\/core\/emoji\/17.0.2\/72x72\/26bd.png\" alt=\"\u26bd\" class=\"wp-smiley\" style=\"height: 1em; max-height: 1em;\" \/>Filipinho, aos 18\u2032 do 1\u00baT (Comercial)<\/span><\/li>\n<li><span style=\"font-weight: 400;\"><img decoding=\"async\" src=\"https:\/\/s.w.org\/images\/core\/emoji\/17.0.2\/72x72\/26bd.png\" alt=\"\u26bd\" class=\"wp-smiley\" style=\"height: 1em; max-height: 1em;\" \/>Filipinho, aos 43\u2032 do 2\u00baT (Comercial)<\/span><\/li>\n<\/ul>\n<h2><b>Como foi o jogo\u00a0<\/b><\/h2>\n<p>Aos 18 minutos de jogo, o Comercial abriu o placar. O goleiro Igor Alexandre, pressionado na sa\u00edda de bola, errou o passe e entregou nos p\u00e9s de Filipinho, que invadiu a \u00e1rea e finalizou no canto.<\/p>\n<p>Na segunda etapa, o S\u00e3o Bernardo pouco fez para reverter o resultado. O Comercial, por sua vez, ampliou aos 43 minutos. Filipinho recebeu lan\u00e7amento na entrada da \u00e1rea e bateu cruzado para aumentar a vantagem da equipe de Ribeir\u00e3o Preto.<\/p>\n<h2><b>Jogo de volta<\/b><\/h2>\n<p><span style=\"font-weight: 400;\"><img decoding=\"async\" src=\"https:\/\/s.w.org\/images\/core\/emoji\/17.0.2\/72x72\/2694.png\" alt=\"\u2694\" class=\"wp-smiley\" style=\"height: 1em; max-height: 1em;\" \/> <\/span><b>Jogo: S\u00e3o Bernardo x Comercial<\/b><br \/>\n<span style=\"font-weight: 400;\"><img decoding=\"async\" src=\"https:\/\/s.w.org\/images\/core\/emoji\/17.0.2\/72x72\/1f3c6.png\" alt=\"\ud83c\udfc6\" class=\"wp-smiley\" style=\"height: 1em; max-height: 1em;\" \/> <\/span><b>Competi\u00e7\u00e3o:<\/b><span style=\"font-weight: 400;\"> Copa Paulista \u2013 Playoffs (volta)<\/span><br \/>\n<span style=\"font-weight: 400;\"><img decoding=\"async\" src=\"https:\/\/s.w.org\/images\/core\/emoji\/17.0.2\/72x72\/1f4c5.png\" alt=\"\ud83d\udcc5\" class=\"wp-smiley\" style=\"height: 1em; max-height: 1em;\" \/> <\/span><b>Data:<\/b><span style=\"font-weight: 400;\"> 5 de setembro de 2026 (s\u00e1bado)<\/span><br \/>\n<span style=\"font-weight: 400;\"><img decoding=\"async\" src=\"https:\/\/s.w.org\/images\/core\/emoji\/17.0.2\/72x72\/23f0.png\" alt=\"\u23f0\" class=\"wp-smiley\" style=\"height: 1em; max-height: 1em;\" \/> <\/span><b>Hor\u00e1rio:<\/b><span style=\"font-weight: 400;\"> 15h (de Bras\u00edlia)<\/span><br \/>\n<span style=\"font-weight: 400;\"><img decoding=\"async\" src=\"https:\/\/s.w.org\/images\/core\/emoji\/17.0.2\/72x72\/1f3df.png\" alt=\"\ud83c\udfdf\" class=\"wp-smiley\" style=\"height: 1em; max-height: 1em;\" \/> <\/span><b>Local:<\/b> E<span style=\"font-weight: 400;\">st\u00e1dio Distrital do Inamar, em Diadema (SP)<\/span><\/p>\n<h2>Veja outro resultado desta segunda pela Copa Paulista:<\/h2>\n<ul>\n<li><strong>Gr\u00eamio Prudente 4 x 0 Paulista<\/strong><\/li>\n<\/ul>\n<p><script src=\"https:\/\/embed.onefootball.com\/inline\/gazetaesportiva.js\" type=\"text\/javascript\"><\/script><\/p>\n<p>O post <a href=\"https:\/\/www.gazetaesportiva.com\/campeonatos\/copa-paulista\/comercial-bate-sao-bernardo-e-larga-na-frente-pelo-playoff-da-copa-paulista\/\">Comercial bate S\u00e3o Bernardo e larga na frente pelo playoff da Copa Paulista<\/a> apareceu primeiro em <a href=\"https:\/\/www.gazetaesportiva.com\">Gazeta Esportiva<\/a>.<\/p>\n","protected":false},"excerpt":{"rendered":"<p>Nesta segunda-feira, o Comercial venceu o S\u00e3o Bernardo por 2 a 0, pelo jogo de ida do playoff<\/p>\n","protected":false},"author":1,"featured_media":11607,"comment_status":"open","ping_status":"open","sticky":false,"template":"","format":"standard","meta":{"footnotes":""},"categories":[71],"tags":[],"class_list":["post-11606","post","type-post","status-publish","format-standard","has-post-thumbnail","hentry","category-esportes-news"],"_links":{"self":[{"href":"https:\/\/portalbahianoticia.com.br\/index.php?rest_route=\/wp\/v2\/posts\/11606","targetHints":{"allow":["GET"]}}],"collection":[{"href":"https:\/\/portalbahianoticia.com.br\/index.php?rest_route=\/wp\/v2\/posts"}],"about":[{"href":"https:\/\/portalbahianoticia.com.br\/index.php?rest_route=\/wp\/v2\/types\/post"}],"author":[{"embeddable":true,"href":"https:\/\/portalbahianoticia.com.br\/index.php?rest_route=\/wp\/v2\/users\/1"}],"replies":[{"embeddable":true,"href":"https:\/\/portalbahianoticia.com.br\/index.php?rest_route=%2Fwp%2Fv2%2Fcomments&post=11606"}],"version-history":[{"count":0,"href":"https:\/\/portalbahianoticia.com.br\/index.php?rest_route=\/wp\/v2\/posts\/11606\/revisions"}],"wp:featuredmedia":[{"embeddable":true,"href":"https:\/\/portalbahianoticia.com.br\/index.php?rest_route=\/wp\/v2\/media\/11607"}],"wp:attachment":[{"href":"https:\/\/portalbahianoticia.com.br\/index.php?rest_route=%2Fwp%2Fv2%2Fmedia&parent=11606"}],"wp:term":[{"taxonomy":"category","embeddable":true,"href":"https:\/\/portalbahianoticia.com.br\/index.php?rest_route=%2Fwp%2Fv2%2Fcategories&post=11606"},{"taxonomy":"post_tag","embeddable":true,"href":"https:\/\/portalbahianoticia.com.br\/index.php?rest_route=%2Fwp%2Fv2%2Ftags&post=11606"}],"curies":[{"name":"wp","href":"https:\/\/api.w.org\/{rel}","templated":true}]}}