{"id":11604,"date":"2026-08-31T23:13:30","date_gmt":"2026-09-01T02:13:30","guid":{"rendered":"https:\/\/portalbahianoticia.com.br\/?p=11604"},"modified":"2026-08-31T23:13:30","modified_gmt":"2026-09-01T02:13:30","slug":"coritiba-bate-remo-com-gol-no-fim-e-fica-mais-perto-do-g5-do-brasileiro","status":"publish","type":"post","link":"https:\/\/portalbahianoticia.com.br\/?p=11604","title":{"rendered":"Coritiba bate Remo com gol no fim e fica mais perto do G5 do Brasileiro"},"content":{"rendered":"<p><span style=\"font-weight: 400;\">Nesta segunda-feira, no Mangueir\u00e3o, o Coritiba venceu o Remo por 3 a 2 em confronto v\u00e1lido pela 25\u00aa rodada do Campeonato Brasileiro. Z\u00e9 Ricardo e Yago Pikachu fizeram os gols do Remo, enquanto Z\u00e9 Welison (contra), Fabinho e Pedro Rocha marcaram para os visitantes.<\/span><\/p>\n<p><strong>Veja tamb\u00e9m:<\/strong><br \/>\n<strong><a href=\"https:\/\/www.gazetaesportiva.com\/todas-as-noticias\/\">Todas as not\u00edcias da Gazeta Esportiva<\/a><\/strong><br \/>\n<strong><a href=\"https:\/\/www.youtube.com\/channel\/UCcndglQZmXnYjgE_Grqt5yg\">Canal da Gazeta Esportiva no YouTube<\/a><\/strong><br \/>\n<strong><a href=\"https:\/\/www.instagram.com\/gazetaesportiva\/\">Siga a Gazeta Esportiva no Instagram<\/a><br \/>\n<\/strong><strong><a href=\"https:\/\/whatsapp.com\/channel\/0029Va9JQFL3WHTguJNfam3U\">Participe do canal da Gazeta Esportiva no WhatsApp<\/a>\u00a0<\/strong><\/p>\n<h2><b>Situa\u00e7\u00e3o da tabela<\/b><\/h2>\n<p><span style=\"font-weight: 400;\">Com o resultado, o Coritiba chega a 37 pontos, sobe para o s\u00e9timo lugar e fica a tr\u00eas pontos do Bahia, que abre o G5. Por outro lado, o Remo perde a chance de sair da zona de rebaixamento e segue na 19\u00aa coloca\u00e7\u00e3o do campeonato, com 23 pontos<\/span><\/p>\n<blockquote class=\"twitter-tweet\">\n<p dir=\"ltr\" lang=\"pt\"><img decoding=\"async\" src=\"https:\/\/s.w.org\/images\/core\/emoji\/17.0.2\/72x72\/1f551.png\" alt=\"\ud83d\udd51\" class=\"wp-smiley\" style=\"height: 1em; max-height: 1em;\" \/> 2T | <img decoding=\"async\" src=\"https:\/\/s.w.org\/images\/core\/emoji\/17.0.2\/72x72\/26bd.png\" alt=\"\u26bd\" class=\"wp-smiley\" style=\"height: 1em; max-height: 1em;\" \/> 48\u2019 | ELA N\u00c3O FALHA: \u00c9 A LEI DO EX!<\/p>\n<p>GOOOOOOOOOOOOOL DO PEDRO ROCHA! <img decoding=\"async\" src=\"https:\/\/s.w.org\/images\/core\/emoji\/17.0.2\/72x72\/1f1f3-1f1ec.png\" alt=\"\ud83c\uddf3\ud83c\uddec\" class=\"wp-smiley\" style=\"height: 1em; max-height: 1em;\" \/><a href=\"https:\/\/x.com\/hashtag\/REMxCFC?src=hash&#038;ref_src=twsrc%5Etfw\">#REMxCFC<\/a> <a href=\"https:\/\/x.com\/hashtag\/CoxaNoBrasileiro?src=hash&#038;ref_src=twsrc%5Etfw\">#CoxaNoBrasileiro<\/a> | 2\u20e3x3\u20e3 <a href=\"https:\/\/t.co\/rW29I8fp6X\">pic.twitter.com\/rW29I8fp6X<\/a><\/p>\n<p>\u2014 Coritiba (@Coritiba) <a href=\"https:\/\/x.com\/Coritiba\/status\/2094590072041382381?ref_src=twsrc%5Etfw\">September 1, 2026<\/a><\/p>\n<\/blockquote>\n<p><script async src=\"https:\/\/platform.x.com\/widgets.js\" charset=\"utf-8\"><\/script><\/p>\n<h2><b><img decoding=\"async\" src=\"https:\/\/s.w.org\/images\/core\/emoji\/17.0.2\/72x72\/1f4cb.png\" alt=\"\ud83d\udccb\" class=\"wp-smiley\" style=\"height: 1em; max-height: 1em;\" \/> Resumo do jogo\u00a0<\/b><\/h2>\n<h3><span style=\"font-weight: 400;\"><img decoding=\"async\" src=\"https:\/\/s.w.org\/images\/core\/emoji\/17.0.2\/72x72\/1f535.png\" alt=\"\ud83d\udd35\" class=\"wp-smiley\" style=\"height: 1em; max-height: 1em;\" \/><img decoding=\"async\" src=\"https:\/\/s.w.org\/images\/core\/emoji\/17.0.2\/72x72\/1f535.png\" alt=\"\ud83d\udd35\" class=\"wp-smiley\" style=\"height: 1em; max-height: 1em;\" \/> <strong>REMO<\/strong><strong style=\"font-weight: 400;\"> 2\u00a0<\/strong><\/span><b>X 3 CORITIBA <img decoding=\"async\" src=\"https:\/\/s.w.org\/images\/core\/emoji\/17.0.2\/72x72\/1f7e2.png\" alt=\"\ud83d\udfe2\" class=\"wp-smiley\" style=\"height: 1em; max-height: 1em;\" \/><img decoding=\"async\" src=\"https:\/\/s.w.org\/images\/core\/emoji\/17.0.2\/72x72\/26aa.png\" alt=\"\u26aa\" class=\"wp-smiley\" style=\"height: 1em; max-height: 1em;\" \/><\/b><\/h3>\n<p><span style=\"font-weight: 400;\"><img decoding=\"async\" src=\"https:\/\/s.w.org\/images\/core\/emoji\/17.0.2\/72x72\/1f3c6.png\" alt=\"\ud83c\udfc6\" class=\"wp-smiley\" style=\"height: 1em; max-height: 1em;\" \/> <\/span><b>Competi\u00e7\u00e3o:<\/b><span style=\"font-weight: 400;\"> Campeonato Brasileiro \u2013 25\u00aa rodada<\/span><span style=\"font-weight: 400;\"><br \/>\n<\/span><span style=\"font-weight: 400;\"><img decoding=\"async\" src=\"https:\/\/s.w.org\/images\/core\/emoji\/17.0.2\/72x72\/1f3df.png\" alt=\"\ud83c\udfdf\" class=\"wp-smiley\" style=\"height: 1em; max-height: 1em;\" \/> <\/span><b>Local:<\/b><span style=\"font-weight: 400;\"> Mangueir\u00e3o, em Bel\u00e9m (PA)<\/span><span style=\"font-weight: 400;\"><br \/>\n<\/span><span style=\"font-weight: 400;\"><img decoding=\"async\" src=\"https:\/\/s.w.org\/images\/core\/emoji\/17.0.2\/72x72\/1f4c5.png\" alt=\"\ud83d\udcc5\" class=\"wp-smiley\" style=\"height: 1em; max-height: 1em;\" \/> <\/span><b>Data:<\/b><span style=\"font-weight: 400;\"> 31 de agosto de 2026 (segunda-feira)<\/span><span style=\"font-weight: 400;\"><br \/>\n<\/span><span style=\"font-weight: 400;\"><img decoding=\"async\" src=\"https:\/\/s.w.org\/images\/core\/emoji\/17.0.2\/72x72\/23f0.png\" alt=\"\u23f0\" class=\"wp-smiley\" style=\"height: 1em; max-height: 1em;\" \/> <\/span><b>Hor\u00e1rio: <\/b>20h<span style=\"font-weight: 400;\">\u00a0(de Bras\u00edlia)<\/span><br \/>\n<span style=\"font-weight: 400;\"><img decoding=\"async\" src=\"https:\/\/s.w.org\/images\/core\/emoji\/17.0.2\/72x72\/1f7e8.png\" alt=\"\ud83d\udfe8\" class=\"wp-smiley\" style=\"height: 1em; max-height: 1em;\" \/> <\/span><b>Cart\u00f5es Amarelos: <\/b>Gabriel Taliari, Z\u00e9 Welison e Marllon (Remo); Tiago C\u00f3ser (Coritiba).<br \/>\n<span style=\"font-weight: 400;\"><img decoding=\"async\" src=\"https:\/\/s.w.org\/images\/core\/emoji\/17.0.2\/72x72\/1f7e5.png\" alt=\"\ud83d\udfe5\" class=\"wp-smiley\" style=\"height: 1em; max-height: 1em;\" \/> <\/span><b>Cart\u00f5es vermelhos:<\/b><span style=\"font-weight: 400;\"> Nenhum.<\/span><\/p>\n<h3>Gols<\/h3>\n<ul>\n<li><img decoding=\"async\" src=\"https:\/\/s.w.org\/images\/core\/emoji\/17.0.2\/72x72\/26bd.png\" alt=\"\u26bd\" class=\"wp-smiley\" style=\"height: 1em; max-height: 1em;\" \/> Z\u00e9 Welison (contra), aos 2\u2032 do 2\u00baT (Coritiba)<\/li>\n<li><img decoding=\"async\" src=\"https:\/\/s.w.org\/images\/core\/emoji\/17.0.2\/72x72\/26bd.png\" alt=\"\u26bd\" class=\"wp-smiley\" style=\"height: 1em; max-height: 1em;\" \/> Z\u00e9 Ricardo, aos 16\u2032 do 2\u00baT (Remo)<\/li>\n<li><img decoding=\"async\" src=\"https:\/\/s.w.org\/images\/core\/emoji\/17.0.2\/72x72\/26bd.png\" alt=\"\u26bd\" class=\"wp-smiley\" style=\"height: 1em; max-height: 1em;\" \/> Yago Pikachu, aos 19\u2032 do 2\u00baT (Remo)<\/li>\n<li><img decoding=\"async\" src=\"https:\/\/s.w.org\/images\/core\/emoji\/17.0.2\/72x72\/26bd.png\" alt=\"\u26bd\" class=\"wp-smiley\" style=\"height: 1em; max-height: 1em;\" \/> Fabinho, aos 31\u2032 do 2\u00baT (Coritiba)<\/li>\n<li><img decoding=\"async\" src=\"https:\/\/s.w.org\/images\/core\/emoji\/17.0.2\/72x72\/26bd.png\" alt=\"\u26bd\" class=\"wp-smiley\" style=\"height: 1em; max-height: 1em;\" \/> Pedro Rocha, aos 47\u2032 do 2\u00baT (Coritiba)<\/li>\n<\/ul>\n<h3><b>Arbitragem<\/b><\/h3>\n<ul>\n<li><strong>\u00c1rbitra:<\/strong> Daiane Muniz (SP);<\/li>\n<li><strong>Assistentes:<\/strong> Leila Naiara Moreira da Cruz (DF) e Maira Mastella Moreira (RS);<\/li>\n<li><strong>VAR:<\/strong> Alexandre Vargas Tavares de Jesus (RJ);<\/li>\n<\/ul>\n<h3><strong>Remo<\/strong><\/h3>\n<p>Marcelo Rangel; Marcelinho, Marllon, Tchamba e Marlon; Z\u00e9 Welison (Vitor Bueno), Leonel Picco (David Braga) e Z\u00e9 Ricardo; Yago Pikachu (Alef Manga), Galeano (Gabriel Poveda) e Gabriel Taliari.<br \/>\n<strong>T\u00e9cnico:<\/strong> L\u00e9o Cond\u00e9<\/p>\n<h3><strong>Coritiba<\/strong><\/h3>\n<p>Pedro Morisco; JP Chermont, Tiago C\u00f3ser, Jacy (Rodrigo Moledo) e Bruno Melo; Vitor Gon\u00e7alves (Vini Paulista), Sebasti\u00e1n G\u00f3mez e Fernando Sobral (Felipe Jonatan); Breno Lopes (Fabinho), Pedro Rocha e Lavega (Paulo Roberto).<br \/>\n<strong>T\u00e9cnico:<\/strong> Fernando Seabra<\/p>\n<h2><b>Como foi o jogo\u00a0<\/b><\/h2>\n<p>Depois de um primeiro tempo controlado pelo Remo, foi o Coritiba quem abriu o placar na segunda etapa. Aos dois minutos, ap\u00f3s cobran\u00e7a de escanteio, Z\u00e9 Welison tentou afastar na primeira trave mas desviou contra a pr\u00f3pria meta.<\/p>\n<p>Aos 15, Z\u00e9 Ricardo recebeu pela direita, invadiu a \u00e1rea, cortou dois marcadores e soltou uma bomba, que chegou a tocar no travess\u00e3o antes de entrar, para marcar um gola\u00e7o. Tr\u00eas minutos depois, JP Chermont derrubou Gabriel Taliari na \u00e1rea e a \u00e1rbitra marcou p\u00eanalti. Na cobran\u00e7a, Marcelo Rangel defendeu o chute de Yago Pikachu, mas viu o meia do Remo marcar no rebote.<\/p>\n<p>Aos 31, Paulo Roberto recebeu na \u00e1rea pelo lado esquerdo e tocou rasteiro para Fabinho empurrar para o fundo das redes e empatar novamente. J\u00e1 nos acr\u00e9scimos, aos 47, Sebasti\u00e1n G\u00f3mez recebeu na intermedi\u00e1ria em jogada de contra ataque e abriu pela direita para Pedro Rocha chegar finalizando e virar a partida.<\/p>\n<h2>Pr\u00f3ximas partidas<\/h2>\n<p><strong>Remo<\/strong><\/p>\n<p><strong>Jogo:<\/strong> Remo x Flamengo<br \/>\n<strong>Competi\u00e7\u00e3o:<\/strong> Brasileir\u00e3o S\u00e9rie A \u2013 26\u00aa rodada<br \/>\n<strong>Data e hor\u00e1rio:<\/strong> 6\/9 (domingo), \u00e0s 16h (de Bras\u00edlia)<br \/>\n<strong>Local:<\/strong> Est\u00e1dio do Mangueir\u00e3o, em Bel\u00e9m (PA)<\/p>\n<p><strong>Coritiba<\/strong><\/p>\n<p><strong>Jogo:<\/strong> Coritiba x Mirassol<br \/>\n<strong>Competi\u00e7\u00e3o:<\/strong> Brasileir\u00e3o S\u00e9rie A \u2013 26\u00aa rodada<br \/>\n<strong>Data e hor\u00e1rio:<\/strong> 6\/9 (domingo), \u00e0s 11h (de Bras\u00edlia)<br \/>\n<strong>Local:<\/strong> Est\u00e1dio Couto Pereira, em Curitiba (PR)<\/p>\n<div class=\"dugout-video dugout-embed-eyJrZXkiOiIiLCJwIjoiZ2F6ZXRhZXNwb3J0aXZhIiwicGwiOiI0a2hoSjVCWCJ9\"><\/div>\n<p><script src=\"https:\/\/embed.onefootball.com\/inline\/gazetaesportiva.js\" type=\"text\/javascript\"><\/script><\/p>\n<p>O post <a href=\"https:\/\/www.gazetaesportiva.com\/futebol\/remo-x-coritiba-brasileirao-2026\/\">Coritiba bate Remo com gol no fim e fica mais perto do G5 do Brasileiro<\/a> apareceu primeiro em <a href=\"https:\/\/www.gazetaesportiva.com\">Gazeta Esportiva<\/a>.<\/p>\n","protected":false},"excerpt":{"rendered":"<p>Nesta segunda-feira, no Mangueir\u00e3o, o Coritiba venceu o Remo por 3 a 2 em confronto v\u00e1lido pela 25\u00aa<\/p>\n","protected":false},"author":1,"featured_media":11605,"comment_status":"open","ping_status":"open","sticky":false,"template":"","format":"standard","meta":{"footnotes":""},"categories":[71],"tags":[],"class_list":["post-11604","post","type-post","status-publish","format-standard","has-post-thumbnail","hentry","category-esportes-news"],"_links":{"self":[{"href":"https:\/\/portalbahianoticia.com.br\/index.php?rest_route=\/wp\/v2\/posts\/11604","targetHints":{"allow":["GET"]}}],"collection":[{"href":"https:\/\/portalbahianoticia.com.br\/index.php?rest_route=\/wp\/v2\/posts"}],"about":[{"href":"https:\/\/portalbahianoticia.com.br\/index.php?rest_route=\/wp\/v2\/types\/post"}],"author":[{"embeddable":true,"href":"https:\/\/portalbahianoticia.com.br\/index.php?rest_route=\/wp\/v2\/users\/1"}],"replies":[{"embeddable":true,"href":"https:\/\/portalbahianoticia.com.br\/index.php?rest_route=%2Fwp%2Fv2%2Fcomments&post=11604"}],"version-history":[{"count":0,"href":"https:\/\/portalbahianoticia.com.br\/index.php?rest_route=\/wp\/v2\/posts\/11604\/revisions"}],"wp:featuredmedia":[{"embeddable":true,"href":"https:\/\/portalbahianoticia.com.br\/index.php?rest_route=\/wp\/v2\/media\/11605"}],"wp:attachment":[{"href":"https:\/\/portalbahianoticia.com.br\/index.php?rest_route=%2Fwp%2Fv2%2Fmedia&parent=11604"}],"wp:term":[{"taxonomy":"category","embeddable":true,"href":"https:\/\/portalbahianoticia.com.br\/index.php?rest_route=%2Fwp%2Fv2%2Fcategories&post=11604"},{"taxonomy":"post_tag","embeddable":true,"href":"https:\/\/portalbahianoticia.com.br\/index.php?rest_route=%2Fwp%2Fv2%2Ftags&post=11604"}],"curies":[{"name":"wp","href":"https:\/\/api.w.org\/{rel}","templated":true}]}}