{"id":11600,"date":"2026-08-31T23:13:32","date_gmt":"2026-09-01T02:13:32","guid":{"rendered":"https:\/\/portalbahianoticia.com.br\/?p=11600"},"modified":"2026-08-31T23:13:32","modified_gmt":"2026-09-01T02:13:32","slug":"fabinho-comemora-vitoria-e-valoriza-forca-do-elenco-do-coritiba","status":"publish","type":"post","link":"https:\/\/portalbahianoticia.com.br\/?p=11600","title":{"rendered":"Fabinho comemora vit\u00f3ria e valoriza for\u00e7a do elenco do Coritiba"},"content":{"rendered":"<p>Ap\u00f3s a <a href=\"https:\/\/www.gazetaesportiva.com\/futebol\/remo-x-coritiba-brasileirao-2026\/\">vit\u00f3ria do Coritiba por 3 a 2 sobre o Remo<\/a>, nesta segunda-feira, no Mangueir\u00e3o, pela 25\u00aa rodada do Campeonato Brasileiro, Fabinho comemorou o resultado conquistado fora de casa e valorizou a for\u00e7a do elenco alviverde. O atacante saiu do banco de reservas para marcar o segundo gol do Coxa na partida.<\/p>\n<blockquote class=\"twitter-tweet\">\n<p dir=\"ltr\" lang=\"pt\">Paulo Roberto <img decoding=\"async\" src=\"https:\/\/s.w.org\/images\/core\/emoji\/17.0.2\/72x72\/27a1.png\" alt=\"\u27a1\" class=\"wp-smiley\" style=\"height: 1em; max-height: 1em;\" \/> Fabinho <img decoding=\"async\" src=\"https:\/\/s.w.org\/images\/core\/emoji\/17.0.2\/72x72\/27a1.png\" alt=\"\u27a1\" class=\"wp-smiley\" style=\"height: 1em; max-height: 1em;\" \/> Gol!<\/p>\n<p>Meu camisa 28 n\u00e3o perdoou e marcou o segundo com a camisa do Verd\u00e3o \u2013 e o segundo da noite!<\/p>\n<p><img decoding=\"async\" src=\"https:\/\/s.w.org\/images\/core\/emoji\/17.0.2\/72x72\/1f3a5.png\" alt=\"\ud83c\udfa5\" class=\"wp-smiley\" style=\"height: 1em; max-height: 1em;\" \/> Gabriel Th\u00e1 | Coritiba <a href=\"https:\/\/x.com\/hashtag\/REMxCFC?src=hash&#038;ref_src=twsrc%5Etfw\">#REMxCFC<\/a> <a href=\"https:\/\/x.com\/hashtag\/CoxaNoBrasileiro?src=hash&#038;ref_src=twsrc%5Etfw\">#CoxaNoBrasileiro<\/a> <a href=\"https:\/\/t.co\/5l2DPEDubE\">pic.twitter.com\/5l2DPEDubE<\/a><\/p>\n<p>\u2014 Coritiba (@Coritiba) <a href=\"https:\/\/x.com\/Coritiba\/status\/2094596461170180492?ref_src=twsrc%5Etfw\">September 1, 2026<\/a><\/p>\n<\/blockquote>\n<p><script async src=\"https:\/\/platform.x.com\/widgets.js\" charset=\"utf-8\"><\/script><\/p>\n<h2>Grupo unido<\/h2>\n<p>\u201cS\u00f3 tenho que agradecer a Deus pelo gol e pela vit\u00f3ria aqui hoje. Sab\u00edamos que seria um jogo muito dif\u00edcil. Eles estavam jogando pela vida deles na tabela e t\u00eam uma equipe muito qualificada\u201d, afirmou ao <em>Premiere<\/em>.<\/p>\n<p>Fabinho tamb\u00e9m enfatizou a import\u00e2ncia de todo o elenco coritibano, destacando a contribui\u00e7\u00e3o dos jogadores que entram durante as partidas.<\/p>\n<p>\u201cIsso mostra o quanto a gente trabalha e a for\u00e7a do grupo. Quem come\u00e7a jogando e quem entra no segundo tempo tamb\u00e9m. A gente fica muito feliz porque trabalha todos os dias para momentos como esse. Todo mundo que est\u00e1 aqui tem potencial e qualidade. Trabalhando, as coisas v\u00e3o acontecer. \u00c9 continuar firme para seguir conquistando os resultados\u201d, disse.<\/p>\n<h2>Situa\u00e7\u00e3o da tabela<\/h2>\n<p>Com a vit\u00f3ria, o Coritiba chegou aos 37 pontos e subiu para a s\u00e9tima coloca\u00e7\u00e3o do Campeonato Brasileiro, ficando pr\u00f3ximo do grupo de classifica\u00e7\u00e3o para competi\u00e7\u00f5es continentais.<\/p>\n<p><strong>Veja tamb\u00e9m:<\/strong><br \/>\n<strong><a href=\"https:\/\/www.gazetaesportiva.com\/todas-as-noticias\/\">Todas as not\u00edcias da Gazeta Esportiva<\/a><\/strong><br \/>\n<strong><a href=\"https:\/\/www.youtube.com\/channel\/UCcndglQZmXnYjgE_Grqt5yg\">Canal da Gazeta Esportiva no YouTube<\/a><\/strong><br \/>\n<strong><a href=\"https:\/\/www.instagram.com\/gazetaesportiva\/\">Siga a Gazeta Esportiva no Instagram<\/a><br \/>\n<\/strong><strong><a href=\"https:\/\/whatsapp.com\/channel\/0029Va9JQFL3WHTguJNfam3U\">Participe do canal da Gazeta Esportiva no WhatsApp<\/a>\u00a0<\/strong><\/p>\n<h2><strong>Pr\u00f3ximo jogo<\/strong><\/h2>\n<p><strong>Jogo:<\/strong> Coritiba x Mirassol<br \/>\n<strong>Competi\u00e7\u00e3o:<\/strong> Brasileir\u00e3o S\u00e9rie A \u2013 26\u00aa rodada<br \/>\n<strong>Data e hor\u00e1rio:<\/strong> 6\/9 (domingo), \u00e0s 11h (de Bras\u00edlia)<br \/>\n<strong>Local:<\/strong> Est\u00e1dio Couto Pereira, em Curitiba (PR)<\/p>\n<div class=\"dugout-video dugout-embed-eyJrZXkiOiIiLCJwIjoiZ2F6ZXRhZXNwb3J0aXZhIiwicGwiOiI0a2hoSjVCWCJ9\"><\/div>\n<p><script src=\"https:\/\/embed.onefootball.com\/inline\/gazetaesportiva.js\" type=\"text\/javascript\"><\/script><\/p>\n<p>O post <a href=\"https:\/\/www.gazetaesportiva.com\/campeonatos\/fabinho-comemora-vitoria-e-valoriza-forca-do-elenco-do-coritiba\/\">Fabinho comemora vit\u00f3ria e valoriza for\u00e7a do elenco do Coritiba<\/a> apareceu primeiro em <a href=\"https:\/\/www.gazetaesportiva.com\">Gazeta Esportiva<\/a>.<\/p>\n","protected":false},"excerpt":{"rendered":"<p>Ap\u00f3s a vit\u00f3ria do Coritiba por 3 a 2 sobre o Remo, nesta segunda-feira, no Mangueir\u00e3o, pela 25\u00aa<\/p>\n","protected":false},"author":1,"featured_media":11601,"comment_status":"open","ping_status":"open","sticky":false,"template":"","format":"standard","meta":{"footnotes":""},"categories":[71],"tags":[],"class_list":["post-11600","post","type-post","status-publish","format-standard","has-post-thumbnail","hentry","category-esportes-news"],"_links":{"self":[{"href":"https:\/\/portalbahianoticia.com.br\/index.php?rest_route=\/wp\/v2\/posts\/11600","targetHints":{"allow":["GET"]}}],"collection":[{"href":"https:\/\/portalbahianoticia.com.br\/index.php?rest_route=\/wp\/v2\/posts"}],"about":[{"href":"https:\/\/portalbahianoticia.com.br\/index.php?rest_route=\/wp\/v2\/types\/post"}],"author":[{"embeddable":true,"href":"https:\/\/portalbahianoticia.com.br\/index.php?rest_route=\/wp\/v2\/users\/1"}],"replies":[{"embeddable":true,"href":"https:\/\/portalbahianoticia.com.br\/index.php?rest_route=%2Fwp%2Fv2%2Fcomments&post=11600"}],"version-history":[{"count":0,"href":"https:\/\/portalbahianoticia.com.br\/index.php?rest_route=\/wp\/v2\/posts\/11600\/revisions"}],"wp:featuredmedia":[{"embeddable":true,"href":"https:\/\/portalbahianoticia.com.br\/index.php?rest_route=\/wp\/v2\/media\/11601"}],"wp:attachment":[{"href":"https:\/\/portalbahianoticia.com.br\/index.php?rest_route=%2Fwp%2Fv2%2Fmedia&parent=11600"}],"wp:term":[{"taxonomy":"category","embeddable":true,"href":"https:\/\/portalbahianoticia.com.br\/index.php?rest_route=%2Fwp%2Fv2%2Fcategories&post=11600"},{"taxonomy":"post_tag","embeddable":true,"href":"https:\/\/portalbahianoticia.com.br\/index.php?rest_route=%2Fwp%2Fv2%2Ftags&post=11600"}],"curies":[{"name":"wp","href":"https:\/\/api.w.org\/{rel}","templated":true}]}}