{"id":11598,"date":"2026-08-31T23:13:33","date_gmt":"2026-09-01T02:13:33","guid":{"rendered":"https:\/\/portalbahianoticia.com.br\/?p=11598"},"modified":"2026-08-31T23:13:33","modified_gmt":"2026-09-01T02:13:33","slug":"ze-ricardo-lamenta-derrota-do-remo-para-o-coritiba-mas-mantem-esperancas-contra-o-rebaixamento","status":"publish","type":"post","link":"https:\/\/portalbahianoticia.com.br\/?p=11598","title":{"rendered":"Z\u00e9 Ricardo lamenta derrota do Remo para o Coritiba, mas mant\u00e9m esperan\u00e7as contra o rebaixamento"},"content":{"rendered":"<p>Nesta segunda-feira, o Remo foi derrotado pelo Coritiba, de virada, por 3 a 2, pela 25\u00aa rodada do Brasileir\u00e3o, no Est\u00e1dio do Mangueir\u00e3o, em Bel\u00e9m (PA). Ap\u00f3s a partida, o meio-campista da equipe paraense, Z\u00e9 Zicardo, lamentou o novo resultado negativo, mas disse ter esperan\u00e7a de escapar do rebaixamento.<\/p>\n<p>\u201cMuito frustrante. A gente comandou o jogo todo, comandamos as a\u00e7\u00f5es, tomamos um gol na bola parada, conseguimos virar o jogo. A\u00ed em um \u2018desligue\u2019, tomamos um empate e depois tomamos uma virada no contra-ataque.\u201d, analisou.<\/p>\n<p>\u201cClaro que d\u00e1 pra livrar. Depende da gente, temos muita chance ainda. Hoje era um jogo crucial, n\u00e3o conseguimos o resultado, agora \u00e9 levantar a cabe\u00e7a e vencer o pr\u00f3ximo jogo.\u201d, declarou.<\/p>\n<p><strong>Veja tamb\u00e9m:<\/strong><br \/>\n<strong><a href=\"https:\/\/www.gazetaesportiva.com\/todas-as-noticias\/\">Todas as not\u00edcias da Gazeta Esportiva<\/a><\/strong><br \/>\n<strong><a href=\"https:\/\/www.youtube.com\/channel\/UCcndglQZmXnYjgE_Grqt5yg\">Canal da Gazeta Esportiva no YouTube<\/a><\/strong><br \/>\n<strong><a href=\"https:\/\/www.instagram.com\/gazetaesportiva\/\">Siga a Gazeta Esportiva no Instagram<\/a><br \/>\n<\/strong><strong><a href=\"https:\/\/whatsapp.com\/channel\/0029Va9JQFL3WHTguJNfam3U\">Participe do canal da Gazeta Esportiva no WhatsApp<\/a>\u00a0<\/strong><\/p>\n<h2>Situa\u00e7\u00e3o delicada<\/h2>\n<p>Com a derrota, o Remo perdeu a chance de sair da zona de rebaixamento e segue na 19\u00aa coloca\u00e7\u00e3o do campeonato, com 23 pontos. O time tamb\u00e9m chegou a cinco jogos sem vencer no Brasileiro.<\/p>\n<h2>Pr\u00f3ximo jogo<\/h2>\n<p><span style=\"font-weight: 400;\"><img decoding=\"async\" src=\"https:\/\/s.w.org\/images\/core\/emoji\/17.0.2\/72x72\/2694.png\" alt=\"\u2694\" class=\"wp-smiley\" style=\"height: 1em; max-height: 1em;\" \/> <\/span><b>Jogo: <\/b><span style=\"font-weight: 400;\">Remo x Flamengo<\/span><br \/>\n<span style=\"font-weight: 400;\"><img decoding=\"async\" src=\"https:\/\/s.w.org\/images\/core\/emoji\/17.0.2\/72x72\/1f3c6.png\" alt=\"\ud83c\udfc6\" class=\"wp-smiley\" style=\"height: 1em; max-height: 1em;\" \/> <\/span><b>Competi\u00e7\u00e3o:<\/b><span style=\"font-weight: 400;\"> Brasileir\u00e3o S\u00e9rie A \u2013 Rodada 26<\/span><br \/>\n<span style=\"font-weight: 400;\"><img decoding=\"async\" src=\"https:\/\/s.w.org\/images\/core\/emoji\/17.0.2\/72x72\/1f4c5.png\" alt=\"\ud83d\udcc5\" class=\"wp-smiley\" style=\"height: 1em; max-height: 1em;\" \/> <\/span><b>Data:<\/b><span style=\"font-weight: 400;\"> 6 de setembro de 2026 (domingo)<\/span><br \/>\n<span style=\"font-weight: 400;\"><img decoding=\"async\" src=\"https:\/\/s.w.org\/images\/core\/emoji\/17.0.2\/72x72\/23f0.png\" alt=\"\u23f0\" class=\"wp-smiley\" style=\"height: 1em; max-height: 1em;\" \/> <\/span><b>Hor\u00e1rio:<\/b><span style=\"font-weight: 400;\"> 16h (de Bras\u00edlia)<\/span><br \/>\n<span style=\"font-weight: 400;\"><img decoding=\"async\" src=\"https:\/\/s.w.org\/images\/core\/emoji\/17.0.2\/72x72\/1f3df.png\" alt=\"\ud83c\udfdf\" class=\"wp-smiley\" style=\"height: 1em; max-height: 1em;\" \/> <\/span><b>Local:<\/b><span style=\"font-weight: 400;\"> Est\u00e1dio do Mangueir\u00e3o, Bel\u00e9m (PA)<\/span><\/p>\n<div class=\"dugout-video dugout-embed-eyJrZXkiOiIiLCJwIjoiZ2F6ZXRhZXNwb3J0aXZhIiwicGwiOiI0a2hoSjVCWCJ9\"><\/div>\n<p><script type=\"text\/javascript\" src=\"https:\/\/embed.onefootball.com\/inline\/gazetaesportiva.js\"><\/script><\/p>\n<p>O post <a href=\"https:\/\/www.gazetaesportiva.com\/times\/remo-pa\/remo-derrota-coritiba-ze-zicardo-acredita-permanencia\/\">Z\u00e9 Ricardo lamenta derrota do Remo para o Coritiba, mas mant\u00e9m esperan\u00e7as contra o rebaixamento<\/a> apareceu primeiro em <a href=\"https:\/\/www.gazetaesportiva.com\">Gazeta Esportiva<\/a>.<\/p>\n","protected":false},"excerpt":{"rendered":"<p>Nesta segunda-feira, o Remo foi derrotado pelo Coritiba, de virada, por 3 a 2, pela 25\u00aa rodada do<\/p>\n","protected":false},"author":1,"featured_media":11599,"comment_status":"open","ping_status":"open","sticky":false,"template":"","format":"standard","meta":{"footnotes":""},"categories":[71],"tags":[],"class_list":["post-11598","post","type-post","status-publish","format-standard","has-post-thumbnail","hentry","category-esportes-news"],"_links":{"self":[{"href":"https:\/\/portalbahianoticia.com.br\/index.php?rest_route=\/wp\/v2\/posts\/11598","targetHints":{"allow":["GET"]}}],"collection":[{"href":"https:\/\/portalbahianoticia.com.br\/index.php?rest_route=\/wp\/v2\/posts"}],"about":[{"href":"https:\/\/portalbahianoticia.com.br\/index.php?rest_route=\/wp\/v2\/types\/post"}],"author":[{"embeddable":true,"href":"https:\/\/portalbahianoticia.com.br\/index.php?rest_route=\/wp\/v2\/users\/1"}],"replies":[{"embeddable":true,"href":"https:\/\/portalbahianoticia.com.br\/index.php?rest_route=%2Fwp%2Fv2%2Fcomments&post=11598"}],"version-history":[{"count":0,"href":"https:\/\/portalbahianoticia.com.br\/index.php?rest_route=\/wp\/v2\/posts\/11598\/revisions"}],"wp:featuredmedia":[{"embeddable":true,"href":"https:\/\/portalbahianoticia.com.br\/index.php?rest_route=\/wp\/v2\/media\/11599"}],"wp:attachment":[{"href":"https:\/\/portalbahianoticia.com.br\/index.php?rest_route=%2Fwp%2Fv2%2Fmedia&parent=11598"}],"wp:term":[{"taxonomy":"category","embeddable":true,"href":"https:\/\/portalbahianoticia.com.br\/index.php?rest_route=%2Fwp%2Fv2%2Fcategories&post=11598"},{"taxonomy":"post_tag","embeddable":true,"href":"https:\/\/portalbahianoticia.com.br\/index.php?rest_route=%2Fwp%2Fv2%2Ftags&post=11598"}],"curies":[{"name":"wp","href":"https:\/\/api.w.org\/{rel}","templated":true}]}}