{"id":11596,"date":"2026-08-31T23:13:24","date_gmt":"2026-09-01T02:13:24","guid":{"rendered":"https:\/\/portalbahianoticia.com.br\/?p=11596"},"modified":"2026-08-31T23:13:24","modified_gmt":"2026-09-01T02:13:24","slug":"portarias-preveem-acoes-de-enfrentamento-a-violencia-contra-mulheres","status":"publish","type":"post","link":"https:\/\/portalbahianoticia.com.br\/?p=11596","title":{"rendered":"Portarias preveem a\u00e7\u00f5es de enfrentamento \u00e0 viol\u00eancia contra mulheres"},"content":{"rendered":"<p>No encerramento da agenda do Agosto Lil\u00e1s, nesta segunda-feira (31), os <strong>minist\u00e9rios da Justi\u00e7a e das Mulheres<\/strong> assinaram duas portarias que preveem a\u00e7\u00f5es de enfrentamento \u00e0 viol\u00eancia contra as mulheres.<img decoding=\"async\" src=\"https:\/\/agenciabrasil.ebc.com.br\/ebc.png?id=1701148&#038;o=rss\"><img decoding=\"async\" src=\"https:\/\/agenciabrasil.ebc.com.br\/ebc.gif?id=1701148&#038;o=rss\"><\/p>\n<p>O ministro da Justi\u00e7a e Seguran\u00e7a P\u00fablica, <strong>Wellington Lima<\/strong>, destacou que a viol\u00eancia contra as mulheres n\u00e3o pode ser enfrentada por uma institui\u00e7\u00e3o de forma isolada e que a articula\u00e7\u00e3o conjunta entre os dois minist\u00e9rios envolve uma <strong>capacita\u00e7\u00e3o humanizada<\/strong> de sete mil profissionais em todas as capitais e em 79 cidades do interior.<\/p>\n<blockquote>\n<p>&#8220;Destinada aos profissionais das pol\u00edcias civis e militares, das pol\u00edcias penais, dos corpos de bombeiros, das guardas municipais e das per\u00edcias oficiais. Isso \u00e9 muito importante, porque estamos falando justamente de quem est\u00e1 todos os dias nas ruas, nas delegacias e nos servi\u00e7os p\u00fablicos atendendo \u00e0 popula\u00e7\u00e3o e, muitas vezes, sendo o primeiro contato de uma mulher com o Estado.&#8221;<\/p>\n<\/blockquote>\n<h3>Planos de combate<\/h3>\n<p>A primeira portaria assinada regulamenta o procedimento de an\u00e1lise da aprova\u00e7\u00e3o dos planos estaduais e do plano distrital de combate \u00e0 viol\u00eancia contra a mulher. <strong>O documento foca no planejamento e na execu\u00e7\u00e3o das pol\u00edticas de enfrentamento da viol\u00eancia contra mulheres e meninas em todo o pa\u00eds<\/strong>, por meio de uma aplica\u00e7\u00e3o mais transparente e r\u00e1pida dos recursos do Fundo Nacional de Seguran\u00e7a P\u00fablica.<\/p>\n<h3>Protocolo nacional<\/h3>\n<p>A segunda portaria assinada na cerim\u00f4nia institui um grupo de trabalho interministerial para elaborar um <strong>protocolo nacional de atendimento \u00e0s mulheres v\u00edtimas de viol\u00eancia sexual<\/strong>. O grupo conta com representantes dos minist\u00e9rios da Justi\u00e7a e Seguran\u00e7a P\u00fablica, das Mulheres e da Sa\u00fade, al\u00e9m de conselhos de chefes das pol\u00edcias e da ONU Mulheres.<\/p>\n<p>A ministra das Mulheres, <strong>M\u00e1rcia Lopes<\/strong>, citou o n\u00famero de 731 feminic\u00eddios no pa\u00eds neste ano e destacou que, em compara\u00e7\u00e3o com o trimestre passado, houve uma redu\u00e7\u00e3o de cerca de 15% nos casos. Ela falou sobre o compromisso das portarias de trazer mais agilidade na regulamenta\u00e7\u00e3o dos procedimentos:<\/p>\n<blockquote>\n<p>\u201cQue \u00e9 o fortalecimento da rede de aten\u00e7\u00e3o, de prote\u00e7\u00e3o, de atendimento \u00e0s mulheres; que \u00e9 a responsabiliza\u00e7\u00e3o dos agressores e das suas institui\u00e7\u00f5es; e que \u00e9 a mudan\u00e7a de cultura. Essa \u00e9 uma luta que n\u00e3o \u00e9 s\u00f3 do nosso comit\u00ea, dos ministros e ministras, mas que \u00e9 de cada um, seja das administra\u00e7\u00f5es p\u00fablicas federal, estadual e municipal.\u201d<\/p>\n<\/blockquote>\n<p>No evento, tamb\u00e9m foi lan\u00e7ada uma revista que celebra os 20 anos da Lei Maria da Penha.<\/p>\n<p>  <span class=\"hms hms-format-m-ss\">2:44<\/span><\/p>\n","protected":false},"excerpt":{"rendered":"<p>No encerramento da agenda do Agosto Lil\u00e1s, nesta segunda-feira (31), os minist\u00e9rios da Justi\u00e7a e das Mulheres assinaram<\/p>\n","protected":false},"author":218,"featured_media":11597,"comment_status":"open","ping_status":"open","sticky":false,"template":"","format":"standard","meta":{"footnotes":""},"categories":[39],"tags":[],"class_list":["post-11596","post","type-post","status-publish","format-standard","has-post-thumbnail","hentry","category-direitos-humanos"],"_links":{"self":[{"href":"https:\/\/portalbahianoticia.com.br\/index.php?rest_route=\/wp\/v2\/posts\/11596","targetHints":{"allow":["GET"]}}],"collection":[{"href":"https:\/\/portalbahianoticia.com.br\/index.php?rest_route=\/wp\/v2\/posts"}],"about":[{"href":"https:\/\/portalbahianoticia.com.br\/index.php?rest_route=\/wp\/v2\/types\/post"}],"author":[{"embeddable":true,"href":"https:\/\/portalbahianoticia.com.br\/index.php?rest_route=\/wp\/v2\/users\/218"}],"replies":[{"embeddable":true,"href":"https:\/\/portalbahianoticia.com.br\/index.php?rest_route=%2Fwp%2Fv2%2Fcomments&post=11596"}],"version-history":[{"count":0,"href":"https:\/\/portalbahianoticia.com.br\/index.php?rest_route=\/wp\/v2\/posts\/11596\/revisions"}],"wp:featuredmedia":[{"embeddable":true,"href":"https:\/\/portalbahianoticia.com.br\/index.php?rest_route=\/wp\/v2\/media\/11597"}],"wp:attachment":[{"href":"https:\/\/portalbahianoticia.com.br\/index.php?rest_route=%2Fwp%2Fv2%2Fmedia&parent=11596"}],"wp:term":[{"taxonomy":"category","embeddable":true,"href":"https:\/\/portalbahianoticia.com.br\/index.php?rest_route=%2Fwp%2Fv2%2Fcategories&post=11596"},{"taxonomy":"post_tag","embeddable":true,"href":"https:\/\/portalbahianoticia.com.br\/index.php?rest_route=%2Fwp%2Fv2%2Ftags&post=11596"}],"curies":[{"name":"wp","href":"https:\/\/api.w.org\/{rel}","templated":true}]}}