{"id":11578,"date":"2026-08-31T23:12:56","date_gmt":"2026-09-01T02:12:56","guid":{"rendered":"https:\/\/portalbahianoticia.com.br\/?p=11578"},"modified":"2026-08-31T23:12:56","modified_gmt":"2026-09-01T02:12:56","slug":"met-gala-altera-tema-e-nao-homenageia-john-galliano-em-seu-proximo-evento","status":"publish","type":"post","link":"https:\/\/portalbahianoticia.com.br\/?p=11578","title":{"rendered":"Met Gala altera tema e n\u00e3o homenageia John Galliano em seu pr\u00f3ximo evento"},"content":{"rendered":"<p> O Met Gala, previsto para 2027, cancelou a homenagem a John Galliano, ap\u00f3s reflex\u00f5es sobre suas controv\u00e9rsias racistas. A decis\u00e3o marca uma virada significativa na abordagem do evento sobre responsabilidade e reconhecimento no mundo da moda. <\/p>\n","protected":false},"excerpt":{"rendered":"<p>O Met Gala, previsto para 2027, cancelou a homenagem a John Galliano, ap\u00f3s reflex\u00f5es sobre suas controv\u00e9rsias racistas.<\/p>\n","protected":false},"author":67,"featured_media":11579,"comment_status":"open","ping_status":"open","sticky":false,"template":"","format":"standard","meta":{"footnotes":""},"categories":[34],"tags":[],"class_list":["post-11578","post","type-post","status-publish","format-standard","has-post-thumbnail","hentry","category-holofote"],"_links":{"self":[{"href":"https:\/\/portalbahianoticia.com.br\/index.php?rest_route=\/wp\/v2\/posts\/11578","targetHints":{"allow":["GET"]}}],"collection":[{"href":"https:\/\/portalbahianoticia.com.br\/index.php?rest_route=\/wp\/v2\/posts"}],"about":[{"href":"https:\/\/portalbahianoticia.com.br\/index.php?rest_route=\/wp\/v2\/types\/post"}],"author":[{"embeddable":true,"href":"https:\/\/portalbahianoticia.com.br\/index.php?rest_route=\/wp\/v2\/users\/67"}],"replies":[{"embeddable":true,"href":"https:\/\/portalbahianoticia.com.br\/index.php?rest_route=%2Fwp%2Fv2%2Fcomments&post=11578"}],"version-history":[{"count":0,"href":"https:\/\/portalbahianoticia.com.br\/index.php?rest_route=\/wp\/v2\/posts\/11578\/revisions"}],"wp:featuredmedia":[{"embeddable":true,"href":"https:\/\/portalbahianoticia.com.br\/index.php?rest_route=\/wp\/v2\/media\/11579"}],"wp:attachment":[{"href":"https:\/\/portalbahianoticia.com.br\/index.php?rest_route=%2Fwp%2Fv2%2Fmedia&parent=11578"}],"wp:term":[{"taxonomy":"category","embeddable":true,"href":"https:\/\/portalbahianoticia.com.br\/index.php?rest_route=%2Fwp%2Fv2%2Fcategories&post=11578"},{"taxonomy":"post_tag","embeddable":true,"href":"https:\/\/portalbahianoticia.com.br\/index.php?rest_route=%2Fwp%2Fv2%2Ftags&post=11578"}],"curies":[{"name":"wp","href":"https:\/\/api.w.org\/{rel}","templated":true}]}}