{"id":11574,"date":"2026-08-31T23:12:38","date_gmt":"2026-09-01T02:12:38","guid":{"rendered":"https:\/\/portalbahianoticia.com.br\/?p=11574"},"modified":"2026-08-31T23:12:38","modified_gmt":"2026-09-01T02:12:38","slug":"candidatos-a-presidencia-da-republica-cumprem-agenda-de-campanha","status":"publish","type":"post","link":"https:\/\/portalbahianoticia.com.br\/?p=11574","title":{"rendered":"Candidatos \u00e0 Presid\u00eancia da Rep\u00fablica cumprem agenda de campanha"},"content":{"rendered":"<p>A maioria dos candidatos \u00e0 Presid\u00eancia da Rep\u00fablica cumpriu agenda no estado de S\u00e3o Paulo e na regi\u00e3o Sul do pa\u00eds nesta segunda-feira (31). Emprego e seguran\u00e7a p\u00fablica foram os temas mais destacados nos atos de campanha.<img decoding=\"async\" src=\"https:\/\/agenciabrasil.ebc.com.br\/ebc.png?id=1701154&#038;o=rss\"><img decoding=\"async\" src=\"https:\/\/agenciabrasil.ebc.com.br\/ebc.gif?id=1701154&#038;o=rss\"><\/p>\n<p><strong>Ronaldo Caiado, do PSD<\/strong>, participou de sabatina na r\u00e1dio Jovem Pan, na capital paulista. Durante a entrevista, ele defendeu que as fac\u00e7\u00f5es criminosas que atuam no Brasil sejam classificadas como grupos de terrorismo dom\u00e9stico. Na avalia\u00e7\u00e3o do governador, a mudan\u00e7a permitiria ampliar a atua\u00e7\u00e3o das for\u00e7as de seguran\u00e7a no combate ao narcotr\u00e1fico sem a necessidade de recorrer \u00e0s opera\u00e7\u00f5es de Garantia da Lei e da Ordem, a GLO. Caiado explicou como a medida funcionaria no seu programa de governo:<\/p>\n<blockquote>\n<p>&#8220;O primeiro que eu disse \u00e9 a caracteriza\u00e7\u00e3o de todas as fac\u00e7\u00f5es como terrorismo dom\u00e9stico, para que a gente possa usar todas as for\u00e7as sem ter que acionar a GLO nem nada. Aquilo passa a ser uma caracteriza\u00e7\u00e3o como tal. Todas as for\u00e7as de seguran\u00e7a est\u00e3o habilitadas para fazer o combate ao narcotr\u00e1fico&#8221;.<\/p>\n<\/blockquote>\n<p>Atualmente, a Lei Antiterrorismo considera terrorismo a pr\u00e1tica de atos motivados por xenofobia, discrimina\u00e7\u00e3o ou preconceito de ra\u00e7a, cor, etnia ou religi\u00e3o, desde que tenham como objetivo provocar terror social ou generalizado. A legisla\u00e7\u00e3o tamb\u00e9m prev\u00ea puni\u00e7\u00e3o para quem promove, constitui, integra ou presta aux\u00edlio a organiza\u00e7\u00e3o terrorista.<\/p>\n<p>Na sequ\u00eancia, o candidato se reuniu com a diretoria da Anfavea, a Associa\u00e7\u00e3o Nacional dos Fabricantes de Ve\u00edculos Automotores, e encerrou a agenda da manh\u00e3 em encontro com o Sindicato da Ind\u00fastria da Constru\u00e7\u00e3o Civil do Estado de S\u00e3o Paulo.<\/p>\n<p><strong>Renan Santos, do Miss\u00e3o<\/strong>, cumpriu dois compromissos de campanha pela manh\u00e3 em S\u00e3o Paulo, antes da decis\u00e3o do Tribunal Superior Eleitoral (TSE) que suspendeu sua campanha.<\/p>\n<p>Em entrevista ao jornal Gazeta do Povo, o candidato defendeu a retomada do programa nuclear brasileiro como instrumento de dissuas\u00e3o e soberania nacional. No programa Estad\u00e3o Entrevista \u2013 Presidenci\u00e1veis, falou sobre seguran\u00e7a p\u00fablica e rebateu cr\u00edticas de que o modelo do presidente de El Salvador, Nayib Bukele, desrespeita Direitos Humanos. Renan Santos afirmou que a taxa de admissibilidade do habeas corpus no pa\u00eds centro-americano \u00e9 de 2% e que, no Brasil, a taxa \u00e9 de 3% no Supremo Tribunal Federal (STF).<\/p>\n<p>Em Curitiba, <strong>Augusto Cury, do Avante<\/strong>, se reuniu com a equipe do Sebrae Paran\u00e1 para tratar de propostas voltadas ao empreendedorismo e \u00e0 capacita\u00e7\u00e3o de pequenos neg\u00f3cios. O compromisso que o candidato cumpriria \u00e0 tarde em Florian\u00f3polis, com a Associa\u00e7\u00e3o Catarinense de Tecnologia e um jantar com empres\u00e1rios, foi cancelado depois que fortes chuvas e queda de granizo atingiram Santa Catarina, levando ao menos cinco munic\u00edpios do estado a decretar situa\u00e7\u00e3o de emerg\u00eancia.<\/p>\n<p>Ainda em Curitiba, <strong>Romeu Zema, do Novo<\/strong>, se reuniu com moradores do bairro Santa C\u00e2ndida para debater o tema da corrup\u00e7\u00e3o.<\/p>\n<p>Em Porto Alegre, <strong>Hertz Dias, do PSTU<\/strong>, teve uma extensa agenda, que come\u00e7ou \u00e0s 7h30 da manh\u00e3, com panfletagem e di\u00e1logo com trabalhadores dos Correios. Na sequ\u00eancia, participou de caminhada pelo centro da capital ga\u00facha e visitou o campus do Vale da Universidade Federal do Rio Grande do Sul, onde dialogou com estudantes sobre educa\u00e7\u00e3o p\u00fablica e ci\u00eancia e tecnologia. \u00c0 tarde, se reuniu com sindicalistas para debater direitos trabalhistas e redu\u00e7\u00e3o da jornada, e fez panfletagem no Hospital de Cl\u00ednicas em defesa do fortalecimento do SUS.<\/p>\n<p>Ainda no Rio Grande do Sul, a candidata <strong>Clariana Bar\u00e3o, do Democracia Crist\u00e3<\/strong>, concedeu entrevista \u00e0 R\u00e1dio Pinel na noite desta segunda-feira.<\/p>\n<p><strong>Fl\u00e1vio Bolsonaro, do PL<\/strong>, n\u00e3o teve compromissos p\u00fablicos e dedicou o dia \u00e0 grava\u00e7\u00e3o de programas para o hor\u00e1rio eleitoral.<\/p>\n<p><strong>Lula, do PT<\/strong>, n\u00e3o teve agenda de campanha nesta segunda-feira.<\/p>\n<p><strong>Wilson Grassi, do Democrata<\/strong>, teve reuni\u00e3o de alinhamento com o comit\u00ea de campanha pela manh\u00e3 e gravou v\u00eddeos\u00a0\u00e0 tarde.<\/p>\n<p><strong>Pablo Mar\u00e7al, do PRTB<\/strong>, segue com a agenda suspensa por decis\u00e3o da Justi\u00e7a Eleitoral.<\/p>\n<p><strong>Edmilson Costa, do PCB; Samara Martins, do UP; e Rui Costa Pimenta, do PCO<\/strong>, n\u00e3o divulgaram agenda de campanha para esta segunda-feira.<\/p>\n<p>  <span class=\"hms hms-format-m-ss\">4:40<\/span><\/p>\n","protected":false},"excerpt":{"rendered":"<p>A maioria dos candidatos \u00e0 Presid\u00eancia da Rep\u00fablica cumpriu agenda no estado de S\u00e3o Paulo e na regi\u00e3o<\/p>\n","protected":false},"author":1,"featured_media":11575,"comment_status":"open","ping_status":"open","sticky":false,"template":"","format":"standard","meta":{"footnotes":""},"categories":[55],"tags":[],"class_list":["post-11574","post","type-post","status-publish","format-standard","has-post-thumbnail","hentry","category-politica"],"_links":{"self":[{"href":"https:\/\/portalbahianoticia.com.br\/index.php?rest_route=\/wp\/v2\/posts\/11574","targetHints":{"allow":["GET"]}}],"collection":[{"href":"https:\/\/portalbahianoticia.com.br\/index.php?rest_route=\/wp\/v2\/posts"}],"about":[{"href":"https:\/\/portalbahianoticia.com.br\/index.php?rest_route=\/wp\/v2\/types\/post"}],"author":[{"embeddable":true,"href":"https:\/\/portalbahianoticia.com.br\/index.php?rest_route=\/wp\/v2\/users\/1"}],"replies":[{"embeddable":true,"href":"https:\/\/portalbahianoticia.com.br\/index.php?rest_route=%2Fwp%2Fv2%2Fcomments&post=11574"}],"version-history":[{"count":0,"href":"https:\/\/portalbahianoticia.com.br\/index.php?rest_route=\/wp\/v2\/posts\/11574\/revisions"}],"wp:featuredmedia":[{"embeddable":true,"href":"https:\/\/portalbahianoticia.com.br\/index.php?rest_route=\/wp\/v2\/media\/11575"}],"wp:attachment":[{"href":"https:\/\/portalbahianoticia.com.br\/index.php?rest_route=%2Fwp%2Fv2%2Fmedia&parent=11574"}],"wp:term":[{"taxonomy":"category","embeddable":true,"href":"https:\/\/portalbahianoticia.com.br\/index.php?rest_route=%2Fwp%2Fv2%2Fcategories&post=11574"},{"taxonomy":"post_tag","embeddable":true,"href":"https:\/\/portalbahianoticia.com.br\/index.php?rest_route=%2Fwp%2Fv2%2Ftags&post=11574"}],"curies":[{"name":"wp","href":"https:\/\/api.w.org\/{rel}","templated":true}]}}