{"id":11566,"date":"2026-08-31T23:11:56","date_gmt":"2026-09-01T02:11:56","guid":{"rendered":"https:\/\/portalbahianoticia.com.br\/?p=11566"},"modified":"2026-08-31T23:11:56","modified_gmt":"2026-09-01T02:11:56","slug":"bolsa-familia-nao-tera-reajuste-previsto-no-orcamento-de-2027","status":"publish","type":"post","link":"https:\/\/portalbahianoticia.com.br\/?p=11566","title":{"rendered":"Bolsa Fam\u00edlia n\u00e3o ter\u00e1 reajuste previsto no Or\u00e7amento de 2027"},"content":{"rendered":"<\/p>\n<p><a class=\"\" href=\"https:\/\/agenciabrasil.ebc.com.br\/economia\/noticia\/2026-08\/bolsa-familia-nao-tera-reajuste-previsto-no-orcamento-de-2027\"><br \/>\n                    <img decoding=\"async\" src=\"https:\/\/cdn.jsdelivr.net\/gh\/sergiosdlima\/assets-ebc@1.0.0\/abr\/assets\/images\/logo-agenciabrasil.svg\" alt=\"Logo Ag\u00eancia Brasil\"><br \/>\n\t\t\t\t<\/a><\/p>\n<p><strong>Enviada nesta segunda-feira (31) ao Congresso Nacional, a proposta de Or\u00e7amento para 2027 n\u00e3o prev\u00ea reajuste nos valores do Bolsa Fam\u00edlia.<\/strong> O projeto reserva R$ 157,1 bilh\u00f5es para o programa social, valor inferior aos R$ 158,6 bilh\u00f5es previstos para 2026 e aos R$ 167,2 bilh\u00f5es destinados em 2025.<img decoding=\"async\" src=\"https:\/\/agenciabrasil.ebc.com.br\/ebc.png?id=1701142&#038;o=rss\"><img decoding=\"async\" src=\"https:\/\/agenciabrasil.ebc.com.br\/ebc.gif?id=1701142&#038;o=rss\"><\/p>\n<p><strong>Com a proposta, o benef\u00edcio m\u00ednimo permanece em R$ 600 por fam\u00edlia. <\/strong>O congelamento ocorre em meio ao esfor\u00e7o da equipe econ\u00f4mica para conter o crescimento das despesas obrigat\u00f3rias e transfere ao Congresso a discuss\u00e3o sobre uma eventual corre\u00e7\u00e3o dos valores durante a tramita\u00e7\u00e3o do Or\u00e7amento.<\/p>\n<h2>Benef\u00edcio congelado<\/h2>\n<\/p>\n<h3>Not\u00edcias relacionadas:<\/h3>\n<ul>\n<li><a href=\"https:\/\/agenciabrasil.ebc.com.br\/economia\/noticia\/2026-08\/orcamento-de-2027-tem-estimativa-de-superavit-de-r-834-bilhoes\">Or\u00e7amento de 2027 tem estimativa de super\u00e1vit de R$ 83,4 bilh\u00f5es.<\/a><\/li>\n<li><a href=\"https:\/\/agenciabrasil.ebc.com.br\/economia\/noticia\/2026-08\/orcamento-de-2027-reserva-r-448-bilhoes-para-emendas-impositivas\">Or\u00e7amento de 2027 reserva R$ 44,8 bilh\u00f5es para emendas impositivas.<\/a><\/li>\n<\/ul>\n<p><strong>O Bolsa Fam\u00edlia n\u00e3o tem reajuste desde seu relan\u00e7amento, em mar\u00e7o de 2023.<\/strong><\/p>\n<p>A legisla\u00e7\u00e3o do programa prev\u00ea que os valores podem ser corrigidos em um intervalo de at\u00e9 dois anos. Na interpreta\u00e7\u00e3o do governo, por\u00e9m, a regra autoriza a revis\u00e3o, mas n\u00e3o determina que ela seja obrigat\u00f3ria.<\/p>\n<p>Al\u00e9m do benef\u00edcio m\u00ednimo de R$ 600, o programa prev\u00ea pagamentos adicionais conforme a composi\u00e7\u00e3o da fam\u00edlia. Existem benef\u00edcios extras de R$ 150 por crian\u00e7a de at\u00e9 6 anos, de R$ 50 por gestante, de R$ 50 por jovem de 7 a 18 anos incompletos e de R$ 50 por beb\u00ea de at\u00e9 6 meses.<\/p>\n<p>Os adicionais s\u00e3o cumulativos, de acordo com as caracter\u00edsticas de cada fam\u00edlia.<\/p>\n<h2>Quem recebe<\/h2>\n<p><strong>Para ter direito ao Bolsa Fam\u00edlia, a renda mensal por pessoa da fam\u00edlia deve ser at\u00e9 R$ 218. Tamb\u00e9m \u00e9 necess\u00e1rio manter o Cadastro \u00danico atualizado e cumprir as condicionalidades previstas nas \u00e1reas de sa\u00fade e educa\u00e7\u00e3o.<\/strong><\/p>\n<p>Em agosto, o programa alcan\u00e7ou cerca de 19,3 milh\u00f5es de fam\u00edlias. No mesmo per\u00edodo de 2025, eram aproximadamente 19,2 milh\u00f5es de fam\u00edlias atendidas.<\/p>\n<p>O n\u00famero de benefici\u00e1rios, portanto, permanece pr\u00f3ximo ao registrado no ano anterior, apesar da redu\u00e7\u00e3o na previs\u00e3o or\u00e7ament\u00e1ria para 2027.<\/p>\n<h2>Press\u00e3o no Congresso<\/h2>\n<p>A decis\u00e3o de manter os valores sem corre\u00e7\u00e3o ocorre em um cen\u00e1rio de maior press\u00e3o sobre as contas p\u00fablicas. O governo prev\u00ea redu\u00e7\u00e3o nominal dos recursos destinados ao programa, enquanto tenta limitar o avan\u00e7o das despesas obrigat\u00f3rias.<\/p>\n<p>Durante a tramita\u00e7\u00e3o do projeto no Congresso, parlamentares poder\u00e3o discutir altera\u00e7\u00f5es na previs\u00e3o or\u00e7ament\u00e1ria e pressionar por uma eventual recomposi\u00e7\u00e3o dos benef\u00edcios.<\/p>\n","protected":false},"excerpt":{"rendered":"<p>Enviada nesta segunda-feira (31) ao Congresso Nacional, a proposta de Or\u00e7amento para 2027 n\u00e3o prev\u00ea reajuste nos valores<\/p>\n","protected":false},"author":1,"featured_media":11567,"comment_status":"open","ping_status":"open","sticky":false,"template":"","format":"standard","meta":{"footnotes":""},"categories":[27],"tags":[],"class_list":["post-11566","post","type-post","status-publish","format-standard","has-post-thumbnail","hentry","category-ultimas-noticias"],"_links":{"self":[{"href":"https:\/\/portalbahianoticia.com.br\/index.php?rest_route=\/wp\/v2\/posts\/11566","targetHints":{"allow":["GET"]}}],"collection":[{"href":"https:\/\/portalbahianoticia.com.br\/index.php?rest_route=\/wp\/v2\/posts"}],"about":[{"href":"https:\/\/portalbahianoticia.com.br\/index.php?rest_route=\/wp\/v2\/types\/post"}],"author":[{"embeddable":true,"href":"https:\/\/portalbahianoticia.com.br\/index.php?rest_route=\/wp\/v2\/users\/1"}],"replies":[{"embeddable":true,"href":"https:\/\/portalbahianoticia.com.br\/index.php?rest_route=%2Fwp%2Fv2%2Fcomments&post=11566"}],"version-history":[{"count":0,"href":"https:\/\/portalbahianoticia.com.br\/index.php?rest_route=\/wp\/v2\/posts\/11566\/revisions"}],"wp:featuredmedia":[{"embeddable":true,"href":"https:\/\/portalbahianoticia.com.br\/index.php?rest_route=\/wp\/v2\/media\/11567"}],"wp:attachment":[{"href":"https:\/\/portalbahianoticia.com.br\/index.php?rest_route=%2Fwp%2Fv2%2Fmedia&parent=11566"}],"wp:term":[{"taxonomy":"category","embeddable":true,"href":"https:\/\/portalbahianoticia.com.br\/index.php?rest_route=%2Fwp%2Fv2%2Fcategories&post=11566"},{"taxonomy":"post_tag","embeddable":true,"href":"https:\/\/portalbahianoticia.com.br\/index.php?rest_route=%2Fwp%2Fv2%2Ftags&post=11566"}],"curies":[{"name":"wp","href":"https:\/\/api.w.org\/{rel}","templated":true}]}}