{"id":11552,"date":"2026-08-31T19:13:09","date_gmt":"2026-08-31T22:13:09","guid":{"rendered":"https:\/\/portalbahianoticia.com.br\/?p=11552"},"modified":"2026-08-31T19:13:09","modified_gmt":"2026-08-31T22:13:09","slug":"santos-procura-cebolinha-mas-ve-conversas-esfriarem-por-desejo-do-atacante","status":"publish","type":"post","link":"https:\/\/portalbahianoticia.com.br\/?p=11552","title":{"rendered":"Santos procura Cebolinha, mas v\u00ea conversas esfriarem por desejo do atacante"},"content":{"rendered":"<p>O <strong><a href=\"https:\/\/www.gazetaesportiva.com\/times\/santos\/\">Santos<\/a> <\/strong>demonstrou interesse na contrata\u00e7\u00e3o de Everton Cebolinha, atacante de 30 anos que pertence ao <strong><a href=\"https:\/\/www.gazetaesportiva.com\/times\/flamengo\/\">Flamengo<\/a><\/strong>. A <strong>Gazeta Esportiva<\/strong> apurou que o Peixe procurou o jogador, mas, neste momento, uma negocia\u00e7\u00e3o para lev\u00e1-lo \u00e0 Vila Belmiro \u00e9 considerada dif\u00edcil.<\/p>\n<p>Isso porque Cebolinha n\u00e3o tem como prioridade permanecer no futebol brasileiro. O atacante busca uma oportunidade no exterior e pretende dar prefer\u00eancia \u00e0s propostas de outros mercados antes de avaliar uma eventual transfer\u00eancia para um clube do pa\u00eds.<\/p>\n<p><strong>Veja tamb\u00e9m:<\/strong><br \/>\n<strong><a href=\"https:\/\/www.gazetaesportiva.com\/todas-as-noticias\/\">Todas as not\u00edcias da Gazeta Esportiva<\/a><\/strong><br \/>\n<strong><a href=\"https:\/\/www.youtube.com\/channel\/UCcndglQZmXnYjgE_Grqt5yg\">Canal da Gazeta Esportiva no YouTube<\/a><\/strong><br \/>\n<strong><a href=\"https:\/\/www.instagram.com\/gazetaesportiva\/\">Siga a Gazeta Esportiva no Instagram<\/a><br \/>\n<\/strong><strong><a href=\"https:\/\/whatsapp.com\/channel\/0029Va9JQFL3WHTguJNfam3U\">Participe do canal da Gazeta Esportiva no WhatsApp<\/a><\/strong><\/p>\n<p>A procura do Santos existiu, mas, diante da posi\u00e7\u00e3o adotada pelo jogador, as conversas n\u00e3o evolu\u00edram para uma negocia\u00e7\u00e3o mais avan\u00e7ada. O Alvinegro Praiano acompanha o mercado em busca de refor\u00e7os para o elenco comandado por Cuca.<\/p>\n<h2>Cebolinha busca sa\u00edda do Flamengo<\/h2>\n<p>O futuro do atacante no Flamengo est\u00e1 indefinido. Cebolinha possui contrato com o clube carioca at\u00e9 o fim de 2026 e pode deixar o Rubro-Negro nesta janela de transfer\u00eancias.<\/p>\n<p>A prefer\u00eancia pelo exterior j\u00e1 fez o jogador avaliar possibilidades fora do Brasil. Nas \u00faltimas semanas, o Krasnodar, da R\u00fassia, chegou a aparecer como um poss\u00edvel destino, mas a transfer\u00eancia n\u00e3o foi concretizada.<\/p>\n<div id=\"attachment_3847861\" style=\"width: 3028px\" class=\"wp-caption alignnone\"><img loading=\"lazy\" decoding=\"async\" aria-describedby=\"caption-attachment-3847861\" class=\"wp-image-3847861 size-full\" src=\"https:\/\/static.gazetaesportiva.com\/uploads\/2026\/08\/55219687541_4994c823c6_4k.webp\" alt=\"\" width=\"3018\" height=\"1982\" srcset=\"https:\/\/static.gazetaesportiva.com\/uploads\/2026\/08\/55219687541_4994c823c6_4k.webp 3018w, https:\/\/static.gazetaesportiva.com\/uploads\/2026\/08\/55219687541_4994c823c6_4k-360x236.webp 360w, https:\/\/static.gazetaesportiva.com\/uploads\/2026\/08\/55219687541_4994c823c6_4k-1024x672.webp 1024w, https:\/\/static.gazetaesportiva.com\/uploads\/2026\/08\/55219687541_4994c823c6_4k-768x504.webp 768w, https:\/\/static.gazetaesportiva.com\/uploads\/2026\/08\/55219687541_4994c823c6_4k-1536x1009.webp 1536w, https:\/\/static.gazetaesportiva.com\/uploads\/2026\/08\/55219687541_4994c823c6_4k-2048x1345.webp 2048w, https:\/\/static.gazetaesportiva.com\/uploads\/2026\/08\/55219687541_4994c823c6_4k-150x99.webp 150w\" sizes=\"auto, (max-width: 3018px) 100vw, 3018px\" \/><\/p>\n<p id=\"caption-attachment-3847861\" class=\"wp-caption-text\">(Foto: Gilvan de Souza\/Flamengo)<\/p>\n<\/div>\n<p>Cebolinha est\u00e1 no Flamengo desde 2022, quando retornou ao futebol brasileiro depois de defender o Benfica, de Portugal. Antes da experi\u00eancia europeia, o atacante ganhou destaque pelo Gr\u00eamio, clube pelo qual foi revelado e conquistou, entre outros t\u00edtulos, a Libertadores de 2017.<\/p>\n<p>O jogador tamb\u00e9m acumulou convoca\u00e7\u00f5es para a Sele\u00e7\u00e3o Brasileira e fez parte do elenco campe\u00e3o da Copa Am\u00e9rica de 2019.<\/p>\n<h2>Santos se movimenta no mercado<\/h2>\n<p>A procura por Cebolinha ocorre em um momento de movimenta\u00e7\u00e3o do Santos no mercado. Depois de resolver o transfer ban que impedia o registro de novos jogadores, o clube passou a buscar alternativas para fortalecer o elenco na reta final da janela. Nesta segunda-feira, <strong><a href=\"https:\/\/www.gazetaesportiva.com\/times\/santos\/arthur-melo-santos-contratacao-reforco\/\">o time paulista anunciou a contrata\u00e7\u00e3o de Arthur<\/a><\/strong>, ex-Gr\u00eamio e Barcelona.<\/p>\n<blockquote class=\"twitter-tweet\">\n<p dir=\"ltr\" lang=\"pt\">O terno est\u00e1 alinhado e o Manto Sagrado combinou perfeitamente. Vai pra cima deles, Arthur! <img decoding=\"async\" src=\"https:\/\/s.w.org\/images\/core\/emoji\/17.0.2\/72x72\/26aa.png\" alt=\"\u26aa\" class=\"wp-smiley\" style=\"height: 1em; max-height: 1em;\" \/><img decoding=\"async\" src=\"https:\/\/s.w.org\/images\/core\/emoji\/17.0.2\/72x72\/26ab.png\" alt=\"\u26ab\" class=\"wp-smiley\" style=\"height: 1em; max-height: 1em;\" \/> <a href=\"https:\/\/t.co\/OxwXEepNVE\">pic.twitter.com\/OxwXEepNVE<\/a><\/p>\n<p>\u2014 Santos FC (@SantosFC) <a href=\"https:\/\/x.com\/SantosFC\/status\/2094479593193296177?ref_src=twsrc%5Etfw\">August 31, 2026<\/a><\/p>\n<\/blockquote>\n<p><script async src=\"https:\/\/platform.x.com\/widgets.js\" charset=\"utf-8\"><\/script><br \/>\n<strong><a href=\"https:\/\/www.gazetaesportiva.com\/times\/santos\/emerson-palmieri-santos-negociacao-retorno\/\">O Peixe tamb\u00e9m abriu negocia\u00e7\u00e3o para tentar repatriar Emerson Palmieri<\/a><\/strong>, lateral-esquerdo revelado pelo clube e atualmente no Olympique de Marseille. A diretoria trabalha para encontrar oportunidades que sejam compat\u00edveis com a situa\u00e7\u00e3o financeira santista.<\/p>\n<p>Outro nome na pauta \u00e9 o de Rodinei, lateral-direito que atualmente defende o Olympiacos, da Gr\u00e9cia. A <strong>Gazeta Esportiva<\/strong> apurou que o Santos <strong><a href=\"https:\/\/www.gazetaesportiva.com\/times\/santos\/santos-negocia-com-rodinei-e-aguarda-liberacao-do-olympiacos\/\">negocia a contrata\u00e7\u00e3o do ex-Flamengo e est\u00e1 otimista<\/a><\/strong>, principalmente pelo desejo do jogador de retornar ao futebol brasileiro. O Peixe, por\u00e9m, ainda precisa chegar a um acordo com Evangelos Marinakis, dono do clube grego, que fez exig\u00eancias para liberar o atleta.<\/p>\n<p>No caso de Cebolinha, por\u00e9m, o desejo do atacante de buscar uma transfer\u00eancia para fora do Brasil dificulta um avan\u00e7o do Santos neste momento.<\/p>\n<p>O post <a href=\"https:\/\/www.gazetaesportiva.com\/times\/santos\/santos-cebolinha-flamengo-negociacao-esfria\/\">Santos procura Cebolinha, mas v\u00ea conversas esfriarem por desejo do atacante<\/a> apareceu primeiro em <a href=\"https:\/\/www.gazetaesportiva.com\">Gazeta Esportiva<\/a>.<\/p>\n","protected":false},"excerpt":{"rendered":"<p>O Santos demonstrou interesse na contrata\u00e7\u00e3o de Everton Cebolinha, atacante de 30 anos que pertence ao Flamengo. A<\/p>\n","protected":false},"author":1,"featured_media":11553,"comment_status":"open","ping_status":"open","sticky":false,"template":"","format":"standard","meta":{"footnotes":""},"categories":[71],"tags":[],"class_list":["post-11552","post","type-post","status-publish","format-standard","has-post-thumbnail","hentry","category-esportes-news"],"_links":{"self":[{"href":"https:\/\/portalbahianoticia.com.br\/index.php?rest_route=\/wp\/v2\/posts\/11552","targetHints":{"allow":["GET"]}}],"collection":[{"href":"https:\/\/portalbahianoticia.com.br\/index.php?rest_route=\/wp\/v2\/posts"}],"about":[{"href":"https:\/\/portalbahianoticia.com.br\/index.php?rest_route=\/wp\/v2\/types\/post"}],"author":[{"embeddable":true,"href":"https:\/\/portalbahianoticia.com.br\/index.php?rest_route=\/wp\/v2\/users\/1"}],"replies":[{"embeddable":true,"href":"https:\/\/portalbahianoticia.com.br\/index.php?rest_route=%2Fwp%2Fv2%2Fcomments&post=11552"}],"version-history":[{"count":0,"href":"https:\/\/portalbahianoticia.com.br\/index.php?rest_route=\/wp\/v2\/posts\/11552\/revisions"}],"wp:featuredmedia":[{"embeddable":true,"href":"https:\/\/portalbahianoticia.com.br\/index.php?rest_route=\/wp\/v2\/media\/11553"}],"wp:attachment":[{"href":"https:\/\/portalbahianoticia.com.br\/index.php?rest_route=%2Fwp%2Fv2%2Fmedia&parent=11552"}],"wp:term":[{"taxonomy":"category","embeddable":true,"href":"https:\/\/portalbahianoticia.com.br\/index.php?rest_route=%2Fwp%2Fv2%2Fcategories&post=11552"},{"taxonomy":"post_tag","embeddable":true,"href":"https:\/\/portalbahianoticia.com.br\/index.php?rest_route=%2Fwp%2Fv2%2Ftags&post=11552"}],"curies":[{"name":"wp","href":"https:\/\/api.w.org\/{rel}","templated":true}]}}