{"id":11548,"date":"2026-08-31T19:13:11","date_gmt":"2026-08-31T22:13:11","guid":{"rendered":"https:\/\/portalbahianoticia.com.br\/?p=11548"},"modified":"2026-08-31T19:13:11","modified_gmt":"2026-08-31T22:13:11","slug":"justica-determina-fim-de-direito-vitalicio-no-conselho-do-corinthians","status":"publish","type":"post","link":"https:\/\/portalbahianoticia.com.br\/?p=11548","title":{"rendered":"Justi\u00e7a determina fim de direito vital\u00edcio no Conselho do Corinthians"},"content":{"rendered":"<p>A Justi\u00e7a de S\u00e3o Paulo declarou nulas as regras do estatuto do <strong><a href=\"https:\/\/www.gazetaesportiva.com\/times\/corinthians\/\">Corinthians<\/a><\/strong> que garantem cargos vital\u00edcios no Conselho Deliberativo e estabelecem uma car\u00eancia de cinco anos para que s\u00f3cios possam votar e ser votados no clube. A decis\u00e3o foi proferida nesta segunda-feira pelo juiz Guilherme Augusto de Oliveira Barna, da 4\u00aa Vara C\u00edvel do Foro Regional do Tatuap\u00e9.<\/p>\n<p>A a\u00e7\u00e3o foi movida pelo conselheiro Peterson Ruan Aiello do Couto Ramos e pelo s\u00f3cio Caio C\u00e9sar Domingues de Almeida contra o Corinthians. A senten\u00e7a julgou procedentes os pedidos apresentados pelos autores.<\/p>\n<p>Na pr\u00e1tica, a decis\u00e3o acaba com a condi\u00e7\u00e3o vital\u00edcia prevista atualmente para 100 integrantes do Conselho Deliberativo. Os atuais ocupantes dessas cadeiras dever\u00e3o ser equiparados aos demais conselheiros, ficando sujeitos a mandato, elei\u00e7\u00f5es peri\u00f3dicas e \u00e0 escolha da Assembleia Geral.<\/p>\n<blockquote class=\"twitter-tweet\">\n<p dir=\"ltr\" lang=\"pt\">O <a href=\"https:\/\/x.com\/hashtag\/Pr%C3%B3ximoJogoDoTim%C3%A3o?src=hash&#038;ref_src=twsrc%5Etfw\">#Pr\u00f3ximoJogoDoTim\u00e3o<\/a> ser\u00e1 contra a Chapecoense, pelo Campeonato Brasileiro. <img decoding=\"async\" src=\"https:\/\/s.w.org\/images\/core\/emoji\/17.0.2\/72x72\/1f51c.png\" alt=\"\ud83d\udd1c\" class=\"wp-smiley\" style=\"height: 1em; max-height: 1em;\" \/><a href=\"https:\/\/x.com\/hashtag\/VaiCorinthians?src=hash&#038;ref_src=twsrc%5Etfw\">#VaiCorinthians<\/a> <a href=\"https:\/\/t.co\/OyoqJGJGF5\">pic.twitter.com\/OyoqJGJGF5<\/a><\/p>\n<p>\u2014 Corinthians (@Corinthians) <a href=\"https:\/\/x.com\/Corinthians\/status\/2094470270773846419?ref_src=twsrc%5Etfw\">August 31, 2026<\/a><\/p>\n<\/blockquote>\n<p><script async src=\"https:\/\/platform.x.com\/widgets.js\" charset=\"utf-8\"><\/script><\/p>\n<h2>Fim da exig\u00eancia de cinco anos<\/h2>\n<p><strong>A senten\u00e7a tamb\u00e9m declarou a nulidade da exig\u00eancia de cinco anos de associa\u00e7\u00e3o para que titulares de t\u00edtulos patrimoniais possam exercer os direitos de votar e serem votados.<\/strong> O entendimento \u00e9 de que associados adimplentes e no pleno exerc\u00edcio de seus direitos estatut\u00e1rios devem ter assegurada a participa\u00e7\u00e3o nas Assembleias Gerais.<\/p>\n<h2>Mudan\u00e7as n\u00e3o s\u00e3o imediatas<\/h2>\n<p>Apesar da decis\u00e3o favor\u00e1vel aos autores da a\u00e7\u00e3o, as regras atuais do Corinthians permanecem v\u00e1lidas neste momento. Isso porque a pr\u00f3pria senten\u00e7a foi submetida a efeito suspensivo autom\u00e1tico.<\/p>\n<p>O juiz determinou que os efeitos executivos da decis\u00e3o permane\u00e7am suspensos at\u00e9 o tr\u00e2nsito em julgado do processo ou at\u00e9 que uma inst\u00e2ncia superior determine o contr\u00e1rio. Desta forma, os conselheiros vital\u00edcios n\u00e3o perdem imediatamente essa condi\u00e7\u00e3o, assim como a regra dos cinco anos n\u00e3o deixa de valer de imediato.<\/p>\n<p>A eventual contesta\u00e7\u00e3o da senten\u00e7a depender\u00e1 agora do Corinthians. Como o clube \u00e9 o r\u00e9u na a\u00e7\u00e3o, caber\u00e1 \u00e0 atual gest\u00e3o, presidida por Osmar Stabile, decidir se apresentar\u00e1 recurso ao Tribunal de Justi\u00e7a de S\u00e3o Paulo. Caso o Corinthians n\u00e3o recorra, a decis\u00e3o poder\u00e1 se tornar definitiva ap\u00f3s o encerramento do prazo recursal, fazendo com que as determina\u00e7\u00f5es da senten\u00e7a passem a produzir seus efeitos.<\/p>\n<h2>Por que a Justi\u00e7a derrubou os vital\u00edcios?<\/h2>\n<p>Na fundamenta\u00e7\u00e3o, o magistrado entendeu que a exist\u00eancia de 100 cadeiras permanentes no Conselho Deliberativo, sem elei\u00e7\u00f5es peri\u00f3dicas, contraria princ\u00edpios previstos na<strong> Lei Geral do Esporte<\/strong>.<\/p>\n<p>Segundo a senten\u00e7a, reservar um ter\u00e7o das cadeiras do \u00f3rg\u00e3o a membros permanentes cria um grupo imune ao controle eleitoral e com poder relevante nas decis\u00f5es internas. O juiz cita os princ\u00edpios de gest\u00e3o democr\u00e1tica, temporalidade dos mandatos e altern\u00e2ncia no exerc\u00edcio do poder.<\/p>\n<p><strong>Veja tamb\u00e9m:<\/strong><br \/>\n<strong><a href=\"https:\/\/www.gazetaesportiva.com\/todas-as-noticias\/\">Todas as not\u00edcias da Gazeta Esportiva<\/a><\/strong><br \/>\n<strong><a href=\"https:\/\/www.youtube.com\/channel\/UCcndglQZmXnYjgE_Grqt5yg\">Canal da Gazeta Esportiva no YouTube<\/a><\/strong><br \/>\n<strong><a href=\"https:\/\/www.instagram.com\/gazetaesportiva\/\">Siga a Gazeta Esportiva no Instagram<\/a><br \/>\n<\/strong><strong><a href=\"https:\/\/whatsapp.com\/channel\/0029Va9JQFL3WHTguJNfam3U\">Participe do canal da Gazeta Esportiva no WhatsApp<\/a><\/strong><\/p>\n<p>O Conselho Deliberativo possui atribui\u00e7\u00f5es importantes dentro da estrutura corintiana, incluindo decis\u00f5es sobre quest\u00f5es or\u00e7ament\u00e1rias e institucionais. Na avalia\u00e7\u00e3o do magistrado, a manuten\u00e7\u00e3o de cargos perp\u00e9tuos em um \u00f3rg\u00e3o com esse peso \u00e9 incompat\u00edvel com as normas aplic\u00e1veis \u00e0s entidades esportivas.<\/p>\n<p>Em rela\u00e7\u00e3o \u00e0 car\u00eancia de cinco anos, a senten\u00e7a considerou a restri\u00e7\u00e3o excessiva. O entendimento \u00e9 de que a regra amplia de maneira injustificada as limita\u00e7\u00f5es aos direitos pol\u00edticos dos associados que j\u00e1 integram regularmente o quadro social e cumprem suas obriga\u00e7\u00f5es com o clube.<\/p>\n<h3>Corinthians defendia autonomia para estabelecer regras<\/h3>\n<p>Durante o processo, o Corinthians sustentou que tanto a categoria dos conselheiros vital\u00edcios quanto o prazo para exerc\u00edcio dos direitos pol\u00edticos s\u00e3o escolhas hist\u00f3ricas previstas em seu estatuto e respaldadas pela autonomia das entidades esportivas.<\/p>\n<div class=\"dugout-video dugout-embed-eyJrZXkiOiIiLCJwIjoiZ2F6ZXRhZXNwb3J0aXZhIiwicGwiOiI0a2hoSjVCWCJ9\"><\/div>\n<p><script type=\"text\/javascript\" src=\"https:\/\/embed.onefootball.com\/inline\/gazetaesportiva.js\"><\/script><br \/>\nO juiz, entretanto, considerou que essa autonomia n\u00e3o \u00e9 absoluta e deve respeitar as normas de ordem p\u00fablica previstas na legisla\u00e7\u00e3o. A senten\u00e7a cita, entre outros dispositivos, o C\u00f3digo Civil e a Lei Geral do Esporte para fundamentar a decis\u00e3o.<\/p>\n<p>Com a senten\u00e7a desta segunda-feira, a Justi\u00e7a deu raz\u00e3o aos autores da a\u00e7\u00e3o em primeira inst\u00e2ncia. O futuro das duas regras, por\u00e9m, ainda depender\u00e1 do andamento do processo e de eventuais recursos do Corinthians.<\/p>\n<p>O post <a href=\"https:\/\/www.gazetaesportiva.com\/times\/corinthians\/justica-fim-cargos-vitalicios-corinthians\/\">Justi\u00e7a determina fim de direito vital\u00edcio no Conselho do Corinthians<\/a> apareceu primeiro em <a href=\"https:\/\/www.gazetaesportiva.com\">Gazeta Esportiva<\/a>.<\/p>\n","protected":false},"excerpt":{"rendered":"<p>A Justi\u00e7a de S\u00e3o Paulo declarou nulas as regras do estatuto do Corinthians que garantem cargos vital\u00edcios no<\/p>\n","protected":false},"author":1,"featured_media":11549,"comment_status":"open","ping_status":"open","sticky":false,"template":"","format":"standard","meta":{"footnotes":""},"categories":[71],"tags":[],"class_list":["post-11548","post","type-post","status-publish","format-standard","has-post-thumbnail","hentry","category-esportes-news"],"_links":{"self":[{"href":"https:\/\/portalbahianoticia.com.br\/index.php?rest_route=\/wp\/v2\/posts\/11548","targetHints":{"allow":["GET"]}}],"collection":[{"href":"https:\/\/portalbahianoticia.com.br\/index.php?rest_route=\/wp\/v2\/posts"}],"about":[{"href":"https:\/\/portalbahianoticia.com.br\/index.php?rest_route=\/wp\/v2\/types\/post"}],"author":[{"embeddable":true,"href":"https:\/\/portalbahianoticia.com.br\/index.php?rest_route=\/wp\/v2\/users\/1"}],"replies":[{"embeddable":true,"href":"https:\/\/portalbahianoticia.com.br\/index.php?rest_route=%2Fwp%2Fv2%2Fcomments&post=11548"}],"version-history":[{"count":0,"href":"https:\/\/portalbahianoticia.com.br\/index.php?rest_route=\/wp\/v2\/posts\/11548\/revisions"}],"wp:featuredmedia":[{"embeddable":true,"href":"https:\/\/portalbahianoticia.com.br\/index.php?rest_route=\/wp\/v2\/media\/11549"}],"wp:attachment":[{"href":"https:\/\/portalbahianoticia.com.br\/index.php?rest_route=%2Fwp%2Fv2%2Fmedia&parent=11548"}],"wp:term":[{"taxonomy":"category","embeddable":true,"href":"https:\/\/portalbahianoticia.com.br\/index.php?rest_route=%2Fwp%2Fv2%2Fcategories&post=11548"},{"taxonomy":"post_tag","embeddable":true,"href":"https:\/\/portalbahianoticia.com.br\/index.php?rest_route=%2Fwp%2Fv2%2Ftags&post=11548"}],"curies":[{"name":"wp","href":"https:\/\/api.w.org\/{rel}","templated":true}]}}