{"id":11542,"date":"2026-08-31T19:13:14","date_gmt":"2026-08-31T22:13:14","guid":{"rendered":"https:\/\/portalbahianoticia.com.br\/?p=11542"},"modified":"2026-08-31T19:13:14","modified_gmt":"2026-08-31T22:13:14","slug":"apos-quatro-meses-afastado-alcaraz-estreia-com-vitoria-no-us-open","status":"publish","type":"post","link":"https:\/\/portalbahianoticia.com.br\/?p=11542","title":{"rendered":"Ap\u00f3s quatro meses afastado, Alcaraz estreia com vit\u00f3ria no US Open"},"content":{"rendered":"<p>De volta \u00e0s quadras ap\u00f3s quatro meses afastado devido a uma les\u00e3o no punho direito, o tenista espanhol Carlos Alcaraz estreou no US Open nesta segunda-feira com uma vit\u00f3ria tranquila sobre o russo Roman Safiullin.<\/p>\n<p><strong>Veja tamb\u00e9m:<\/strong><br \/>\n<strong><a href=\"https:\/\/www.gazetaesportiva.com\/todas-as-noticias\/\">Todas as not\u00edcias da Gazeta Esportiva<\/a><\/strong><br \/>\n<strong><a href=\"https:\/\/www.youtube.com\/channel\/UCcndglQZmXnYjgE_Grqt5yg\">Canal da Gazeta Esportiva no YouTube<\/a><\/strong><br \/>\n<strong><a href=\"https:\/\/www.instagram.com\/gazetaesportiva\/\">Siga a Gazeta Esportiva no Instagram<\/a><br \/>\n<\/strong><strong><a href=\"https:\/\/whatsapp.com\/channel\/0029Va9JQFL3WHTguJNfam3U\">Participe do canal da Gazeta Esportiva no WhatsApp<\/a><\/strong><\/p>\n<p>Alcaraz, atual n\u00famero 3 do mundo, fechou o jogo em 3 sets a 0, com um triplo 6-4, em duas horas e 21 minutos.<\/p>\n<p>O espanhol de 23 anos exibiu bom preparo f\u00edsico e disparou alguns bons golpes ap\u00f3s 139 dias sem disputar um jogo de simples.<\/p>\n<blockquote class=\"twitter-tweet\">\n<p dir=\"ltr\" lang=\"es\">Let us reintroduce Carlos Alcaraz. <a href=\"https:\/\/t.co\/NGeTiKxdbl\">pic.twitter.com\/NGeTiKxdbl<\/a><\/p>\n<p>\u2014 US Open Tennis (@usopen) <a href=\"https:\/\/x.com\/usopen\/status\/2094514555095314645?ref_src=twsrc%5Etfw\">August 31, 2026<\/a><\/p>\n<\/blockquote>\n<p><script async src=\"https:\/\/platform.x.com\/widgets.js\" charset=\"utf-8\"><\/script><\/p>\n<p>\u201cEstou muito feliz com o meu n\u00edvel neste primeiro jogo oficial em mais de quatro meses\u201d, disse Alcaraz ap\u00f3s a vit\u00f3ria. \u201cEstou orgulhoso, mas preciso de mais jogos, entrar de novo no ritmo dos torneios, e tenho certeza de que continuarei melhorando\u201d.<\/p>\n<p>\u201cO que me deixa mais orgulhoso \u00e9 que, mentalmente, consegui lidar com o nervosismo, as d\u00favidas na minha cabe\u00e7a, e seguir adiante\u201d, afirmou.<\/p>\n<p>Alcaraz, que vai enfrentar na segunda rodada o portugu\u00eas Jaime Faria, busca se tornar o primeiro jogador a defender o t\u00edtulo do US Open com sucesso desde Roger Federer, campe\u00e3o por cinco anos consecutivos entre 2004 e 2008.<\/p>\n<div class=\"dugout-video dugout-embed-eyJrZXkiOiIiLCJwIjoiZ2F6ZXRhZXNwb3J0aXZhIiwicGwiOiI0a2hoSjVCWCJ9\"><\/div>\n<p><script type=\"text\/javascript\" src=\"https:\/\/embed.onefootball.com\/inline\/gazetaesportiva.js\"><\/script><\/p>\n<p><strong>*Por AFP<\/strong><\/p>\n<p>O post <a href=\"https:\/\/www.gazetaesportiva.com\/mais-esportes\/tenis\/apos-quatro-meses-afastado-alcaraz-estreia-com-vitoria-no-us-open\/\">Ap\u00f3s quatro meses afastado, Alcaraz estreia com vit\u00f3ria no US Open<\/a> apareceu primeiro em <a href=\"https:\/\/www.gazetaesportiva.com\">Gazeta Esportiva<\/a>.<\/p>\n","protected":false},"excerpt":{"rendered":"<p>De volta \u00e0s quadras ap\u00f3s quatro meses afastado devido a uma les\u00e3o no punho direito, o tenista espanhol<\/p>\n","protected":false},"author":1,"featured_media":11543,"comment_status":"open","ping_status":"open","sticky":false,"template":"","format":"standard","meta":{"footnotes":""},"categories":[71],"tags":[],"class_list":["post-11542","post","type-post","status-publish","format-standard","has-post-thumbnail","hentry","category-esportes-news"],"_links":{"self":[{"href":"https:\/\/portalbahianoticia.com.br\/index.php?rest_route=\/wp\/v2\/posts\/11542","targetHints":{"allow":["GET"]}}],"collection":[{"href":"https:\/\/portalbahianoticia.com.br\/index.php?rest_route=\/wp\/v2\/posts"}],"about":[{"href":"https:\/\/portalbahianoticia.com.br\/index.php?rest_route=\/wp\/v2\/types\/post"}],"author":[{"embeddable":true,"href":"https:\/\/portalbahianoticia.com.br\/index.php?rest_route=\/wp\/v2\/users\/1"}],"replies":[{"embeddable":true,"href":"https:\/\/portalbahianoticia.com.br\/index.php?rest_route=%2Fwp%2Fv2%2Fcomments&post=11542"}],"version-history":[{"count":0,"href":"https:\/\/portalbahianoticia.com.br\/index.php?rest_route=\/wp\/v2\/posts\/11542\/revisions"}],"wp:featuredmedia":[{"embeddable":true,"href":"https:\/\/portalbahianoticia.com.br\/index.php?rest_route=\/wp\/v2\/media\/11543"}],"wp:attachment":[{"href":"https:\/\/portalbahianoticia.com.br\/index.php?rest_route=%2Fwp%2Fv2%2Fmedia&parent=11542"}],"wp:term":[{"taxonomy":"category","embeddable":true,"href":"https:\/\/portalbahianoticia.com.br\/index.php?rest_route=%2Fwp%2Fv2%2Fcategories&post=11542"},{"taxonomy":"post_tag","embeddable":true,"href":"https:\/\/portalbahianoticia.com.br\/index.php?rest_route=%2Fwp%2Fv2%2Ftags&post=11542"}],"curies":[{"name":"wp","href":"https:\/\/api.w.org\/{rel}","templated":true}]}}