{"id":11538,"date":"2026-08-31T19:13:16","date_gmt":"2026-08-31T22:13:16","guid":{"rendered":"https:\/\/portalbahianoticia.com.br\/?p=11538"},"modified":"2026-08-31T19:13:16","modified_gmt":"2026-08-31T22:13:16","slug":"dorival-aceita-pedido-e-idolo-do-sao-paulo-acompanhara-semana-de-treinos","status":"publish","type":"post","link":"https:\/\/portalbahianoticia.com.br\/?p=11538","title":{"rendered":"Dorival aceita pedido, e \u00eddolo do S\u00e3o Paulo acompanhar\u00e1 semana de treinos"},"content":{"rendered":"<p>O <strong><a href=\"https:\/\/www.gazetaesportiva.com\/times\/sao-paulo\/\">S\u00e3o Paulo<\/a><\/strong> receber\u00e1 uma presen\u00e7a especial no SuperCT, na Barra Funda, nesta semana. \u00cddolo tricolor, o ex-jogador Hernanes ir\u00e1 acompanhar as atividades do elenco profissional, que se prepara para enfrentar o Atl\u00e9tico-MG pelo <strong><a href=\"https:\/\/www.gazetaesportiva.com\/campeonatos\/brasileiro-serie-a\/\">Campeonato Brasileiro<\/a><\/strong>.<\/p>\n<p>O pedido foi feito pelo pr\u00f3prio ex-atleta ao t\u00e9cnico Dorival J\u00fanior. O \u2018Profeta\u2019 Hernanes vem realizando cursos e estudos voltados \u00e0 \u00e1rea esportiva. A ideia, portanto, \u00e9 que o ex-meia possa ter contato com o dia do departamento de futebol e da comiss\u00e3o t\u00e9cnica tricolor.<\/p>\n<p>A informa\u00e7\u00e3o foi divulgada inicialmente pelo <em>UOL<\/em> e confirmada pela <strong>Gazeta Esportiva<\/strong>.<\/p>\n<div id=\"attachment_3847941\" style=\"width: 1034px\" class=\"wp-caption aligncenter\"><img loading=\"lazy\" decoding=\"async\" aria-describedby=\"caption-attachment-3847941\" class=\"wp-image-3847941 size-large\" src=\"https:\/\/static.gazetaesportiva.com\/uploads\/2026\/08\/51218518632_e53d91169f_o-1024x718.webp\" alt=\"\" width=\"1024\" height=\"718\" srcset=\"https:\/\/static.gazetaesportiva.com\/uploads\/2026\/08\/51218518632_e53d91169f_o-1024x718.webp 1024w, https:\/\/static.gazetaesportiva.com\/uploads\/2026\/08\/51218518632_e53d91169f_o-360x252.webp 360w, https:\/\/static.gazetaesportiva.com\/uploads\/2026\/08\/51218518632_e53d91169f_o-768x538.webp 768w, https:\/\/static.gazetaesportiva.com\/uploads\/2026\/08\/51218518632_e53d91169f_o-1536x1077.webp 1536w, https:\/\/static.gazetaesportiva.com\/uploads\/2026\/08\/51218518632_e53d91169f_o-150x105.webp 150w, https:\/\/static.gazetaesportiva.com\/uploads\/2026\/08\/51218518632_e53d91169f_o.webp 2000w\" sizes=\"auto, (max-width: 1024px) 100vw, 1024px\" \/><\/p>\n<p id=\"caption-attachment-3847941\" class=\"wp-caption-text\">(Foto: Rubens Chiri\/S\u00e3o Paulo FC)<\/p>\n<\/div>\n<p>Hernanes, que reside atulamente na It\u00e1lia, vir\u00e1 ao Brasil para acompanhar os treinos do S\u00e3o Paulo. O elenco s\u00e3o-paulino se reapresenta nesta ter\u00e7a-feira para iniciar a prepara\u00e7\u00e3o para o duelo contra o Atl\u00e9tico-MG. O ex-jogador deve desembarcar no Brasil nesta ter\u00e7a-feira e acompanhar as atividades at\u00e9 quinta.<\/p>\n<p>A presen\u00e7a do \u00eddolo tricolor no CT foi autorizada por Dorival J\u00fanior e tamb\u00e9m pela diretoria, representada nas figuras do presidente Harry Massis e do diretor de futebol Rafinha.<\/p>\n<p>O S\u00e3o Paulo tem o costume de receber ex-jogadores e figuras p\u00fablicas para visitas e acompanhamentos no CT da Barra Funda. A parceria com Hernanes, portanto, n\u00e3o atrapalha o planejamento do clube tricolor para a semana livre.<\/p>\n<p>Hernanes, inclusive, j\u00e1 visitou o SuperCT da Barra Funda em 2023, um ano ap\u00f3s anunciar a aposentadoria. \u00c0 \u00e9poca, Dorival J\u00fanior tamb\u00e9m era o comandante tricolor;.<\/p>\n<h2><strong>Hernanes pelo S\u00e3o Paulo<\/strong><\/h2>\n<p>Hernanes foi revelado nas categorias de base e fez hist\u00f3ria no S\u00e3o Paulo. Ap\u00f3s retornar de empr\u00e9stimo do Santo Andr\u00e9, foi parte essencial dos times que conquistaram os Brasileiros de 2007 e 2008, sendo eleito o melhor jogador da edi\u00e7\u00e3o de 2008.<\/p>\n<p>Ap\u00f3s se destacar no Tricolor e nas Ol\u00edmpiadas de Pequim pela Sele\u00e7\u00e3o Brasileira, o \u2018Profeta\u2019 deixou o futebol brasileiro em 2010 para construir uma trajet\u00f3ria em clubes tradicionais da It\u00e1lia, como Lazio, Inter de Mil\u00e3o e Juventus. Em alta no time de Roma, o ex-meia foi convocado para defender a Canarinho na Copa do Mundo de 2014.<\/p>\n<p>Depois de somar mais experi\u00eancia no futebol italiano, Hernanes rumou ao futebol chin\u00eas e defendeu o Hebei Fortune. Seis meses depois em 2017, ele retornou ao S\u00e3o Paulo por empr\u00e9stimo e foi decisivo para ajudar a equipe na luta contra o rebaixamento, com nove gols e tr\u00eas assist\u00eancias em 19 partidas.<\/p>\n<p>Ap\u00f3s liderar a rea\u00e7\u00e3o do S\u00e3o Paulo, o camisa 15 retornou \u00e0 China no in\u00edcio de 2018. No entanto, um ano depois, estava de volta ao S\u00e3o Paulo para sua quarta passagem. A conquista do Campeonato Paulista de 2021 coroou o retorno do \u00eddolo, que se despediu do clube em julho daquele mesmo ano. O Profeta deu adeus ao Tricolor com 330 jogos, 56 gols e tr\u00eas t\u00edtulos, e se aposentou em maio do ano seguinte.<\/p>\n<blockquote class=\"twitter-tweet\">\n<p dir=\"ltr\" lang=\"pt\">Nesta ter\u00e7a-feira (1), o Sub-17 do S\u00e3o Paulo enfrenta o Fortaleza, \u00e0s 15h, no CT Ribamar Bezerra, em Maracana\u00fa (CE), pela 14\u00aa rodada do Campeonato Brasileiro.<\/p>\n<p>Saiba mais > <a href=\"https:\/\/t.co\/cnExx4pXGv\">https:\/\/t.co\/cnExx4pXGv<\/a><\/p>\n<p><img decoding=\"async\" src=\"https:\/\/s.w.org\/images\/core\/emoji\/17.0.2\/72x72\/1f4f8.png\" alt=\"\ud83d\udcf8\" class=\"wp-smiley\" style=\"height: 1em; max-height: 1em;\" \/> Victor Wajnsztejn \/ S\u00e3o Paulo FC<a href=\"https:\/\/x.com\/hashtag\/MadeInCotia?src=hash&#038;ref_src=twsrc%5Etfw\">#MadeInCotia<\/a><a href=\"https:\/\/x.com\/hashtag\/VamosS%C3%A3oPaulo?src=hash&#038;ref_src=twsrc%5Etfw\">#VamosS\u00e3oPaulo<\/a> <img decoding=\"async\" src=\"https:\/\/s.w.org\/images\/core\/emoji\/17.0.2\/72x72\/1f1fe-1f1ea.png\" alt=\"\ud83c\uddfe\ud83c\uddea\" class=\"wp-smiley\" style=\"height: 1em; max-height: 1em;\" \/> <a href=\"https:\/\/t.co\/4n1XypRX1t\">pic.twitter.com\/4n1XypRX1t<\/a><\/p>\n<p>\u2014 S\u00e3o Paulo FC (@SaoPauloFC) <a href=\"https:\/\/x.com\/SaoPauloFC\/status\/2094524797862506847?ref_src=twsrc%5Etfw\">August 31, 2026<\/a><\/p>\n<\/blockquote>\n<p><script async src=\"https:\/\/platform.x.com\/widgets.js\" charset=\"utf-8\"><\/script><\/p>\n<h2><strong>Pr\u00f3ximos jogos do S\u00e3o Paulo<\/strong><\/h2>\n<p><strong>S\u00e3o Paulo x Atl\u00e9tico-MG<\/strong>\u00a0(26\u00aa rodada do Campeonato Brasileiro)<br \/>\nData e hor\u00e1rio: 05\/09 (s\u00e1bado), \u00e0s 18h30 (de Bras\u00edlia)<br \/>\nLocal: Morumbis, em S\u00e3o Paulo (SP)<\/p>\n<p><strong>Boca Juniors x S\u00e3o Paulo<\/strong>\u00a0(jogo de ida das quartas de final da Copa Sul-Americana)<br \/>\nData e hor\u00e1rio: 08\/09 (ter\u00e7a-feira), \u00e0s 21h30 (de Bras\u00edlia)<br \/>\nLocal: La Bombonera, em Buenos Aires (ARG)<\/p>\n<div class=\"dugout-video dugout-embed-eyJrZXkiOiIiLCJwIjoiZ2F6ZXRhZXNwb3J0aXZhIiwicGwiOiI0a2hoSjVCWCJ9\"><\/div>\n<p><script type=\"text\/javascript\" src=\"https:\/\/embed.onefootball.com\/inline\/gazetaesportiva.js\"><\/script><\/p>\n<p>O post <a href=\"https:\/\/www.gazetaesportiva.com\/times\/sao-paulo\/idolo-sao-paulo-treinos-dorival\/\">Dorival aceita pedido, e \u00eddolo do S\u00e3o Paulo acompanhar\u00e1 semana de treinos<\/a> apareceu primeiro em <a href=\"https:\/\/www.gazetaesportiva.com\">Gazeta Esportiva<\/a>.<\/p>\n","protected":false},"excerpt":{"rendered":"<p>O S\u00e3o Paulo receber\u00e1 uma presen\u00e7a especial no SuperCT, na Barra Funda, nesta semana. \u00cddolo tricolor, o ex-jogador<\/p>\n","protected":false},"author":1,"featured_media":11539,"comment_status":"open","ping_status":"open","sticky":false,"template":"","format":"standard","meta":{"footnotes":""},"categories":[71],"tags":[],"class_list":["post-11538","post","type-post","status-publish","format-standard","has-post-thumbnail","hentry","category-esportes-news"],"_links":{"self":[{"href":"https:\/\/portalbahianoticia.com.br\/index.php?rest_route=\/wp\/v2\/posts\/11538","targetHints":{"allow":["GET"]}}],"collection":[{"href":"https:\/\/portalbahianoticia.com.br\/index.php?rest_route=\/wp\/v2\/posts"}],"about":[{"href":"https:\/\/portalbahianoticia.com.br\/index.php?rest_route=\/wp\/v2\/types\/post"}],"author":[{"embeddable":true,"href":"https:\/\/portalbahianoticia.com.br\/index.php?rest_route=\/wp\/v2\/users\/1"}],"replies":[{"embeddable":true,"href":"https:\/\/portalbahianoticia.com.br\/index.php?rest_route=%2Fwp%2Fv2%2Fcomments&post=11538"}],"version-history":[{"count":0,"href":"https:\/\/portalbahianoticia.com.br\/index.php?rest_route=\/wp\/v2\/posts\/11538\/revisions"}],"wp:featuredmedia":[{"embeddable":true,"href":"https:\/\/portalbahianoticia.com.br\/index.php?rest_route=\/wp\/v2\/media\/11539"}],"wp:attachment":[{"href":"https:\/\/portalbahianoticia.com.br\/index.php?rest_route=%2Fwp%2Fv2%2Fmedia&parent=11538"}],"wp:term":[{"taxonomy":"category","embeddable":true,"href":"https:\/\/portalbahianoticia.com.br\/index.php?rest_route=%2Fwp%2Fv2%2Fcategories&post=11538"},{"taxonomy":"post_tag","embeddable":true,"href":"https:\/\/portalbahianoticia.com.br\/index.php?rest_route=%2Fwp%2Fv2%2Ftags&post=11538"}],"curies":[{"name":"wp","href":"https:\/\/api.w.org\/{rel}","templated":true}]}}