{"id":11534,"date":"2026-08-31T19:13:18","date_gmt":"2026-08-31T22:13:18","guid":{"rendered":"https:\/\/portalbahianoticia.com.br\/?p=11534"},"modified":"2026-08-31T19:13:18","modified_gmt":"2026-08-31T22:13:18","slug":"palmeiras-anuncia-venda-de-ingressos-para-quartas-da-libertadores","status":"publish","type":"post","link":"https:\/\/portalbahianoticia.com.br\/?p=11534","title":{"rendered":"Palmeiras anuncia venda de ingressos para quartas da Libertadores"},"content":{"rendered":"<p>O Palmeiras j\u00e1 definiu os detalhes para a comercializa\u00e7\u00e3o dos ingressos do confronto com a LDU, pelo jogo de ida das quartas de final da Copa Libertadores. As equipes se enfrentam na pr\u00f3xima quarta-feira, \u00e0s 19h (de Bras\u00edlia), no Nubank Parque, em S\u00e3o Paulo.<\/p>\n<p>A venda ter\u00e1 in\u00edcio de forma exclusiva para os s\u00f3cios-torcedores Avanti, que poder\u00e3o adquirir as entradas a partir desta ter\u00e7a-feira. O per\u00edodo de prioridade ser\u00e1 seguido pela abertura da comercializa\u00e7\u00e3o ao p\u00fablico geral.<\/p>\n<p>Para quem n\u00e3o participa do programa, os valores dos ingressos variam conforme o setor escolhido do est\u00e1dio. As entradas mais baratas s\u00e3o destinadas \u00e0 Geral Norte, enquanto os setores centrais possuem os pre\u00e7os mais elevados.<\/p>\n<p>Veja tamb\u00e9m:<br \/>\n<a href=\"https:\/\/www.gazetaesportiva.com\/todas-as-noticias\/\">Todas as not\u00edcias da Gazeta Esportiva<\/a><br \/>\n<strong><a href=\"https:\/\/www.youtube.com\/channel\/UCcndglQZmXnYjgE_Grqt5yg\">Canal da Gazeta Esportiva no YouTube<\/a><\/strong><br \/>\n<strong><a href=\"https:\/\/www.instagram.com\/gazetaesportiva\/\">Siga a Gazeta Esportiva no Instagram<\/a><br \/>\n<\/strong><strong><a href=\"https:\/\/whatsapp.com\/channel\/0029Va9JQFL3WHTguJNfam3U\">Participe do canal da Gazeta Esportiva no WhatsApp<\/a><\/strong><\/p>\n<h3>Confira os valores para o p\u00fablico geral:<\/h3>\n<p><strong>Geral Norte<\/strong>: R$ 100 (inteira) | R$ 50 (meia-entrada)<br \/>\n<strong>Gol Norte<\/strong>: R$ 220 (inteira) | R$ 110 (meia-entrada)<br \/>\n<strong>Gol Sul:<\/strong> R$ 340 (inteira) | R$ 170 (meia-entrada)<br \/>\n<strong>Central Leste:<\/strong> R$ 400 (inteira) | R$ 200 (meia-entrada)<br \/>\n<strong>Central Oeste<\/strong>: R$ 420 (inteira) | R$ 210 (meia-entrada)<br \/>\n<strong>Superior Norte<\/strong>: R$ 280 (inteira) | R$ 140 (meia-entrada)<br \/>\n<strong>Superior Sul:<\/strong> R$ 280 (inteira) | R$ 140 (meia-entrada)<br \/>\n<strong>Superior Leste:<\/strong> R$ 300 (inteira) | R$ 150 (meia-entrada)<br \/>\n<strong>Superior Oeste:<\/strong> R$ 300 (inteira) | R$ 150 (meia-entrada)<\/p>\n<h2>Palmeiras na Libertadores<\/h2>\n<p>Para chegar \u00e0s quartas da Copa Libertadores, o Palmeiras precisou passar pelo Cerro Porte\u00f1o na fase anterior. No jogo de ida, as equipes ficaram no empate por 1 a 1 no Nubank Parque, mas na volta o Verd\u00e3o conseguiu sair com triunfo por 1 a 0 fora de casa, com gol de Gustavo G\u00f3mez e avan\u00e7ou.<\/p>\n<div class=\"dugout-video dugout-embed-eyJrZXkiOiIiLCJwIjoiZ2F6ZXRhZXNwb3J0aXZhIiwicGwiOiI0a2hoSjVCWCJ9\"><\/div>\n<p><script type=\"text\/javascript\" src=\"https:\/\/embed.onefootball.com\/inline\/gazetaesportiva.js\"><\/script><\/p>\n<p>O post <a href=\"https:\/\/www.gazetaesportiva.com\/times\/palmeiras\/palmeiras-anuncia-venda-de-ingressos-para-quartas-da-libertadores\/\">Palmeiras anuncia venda de ingressos para quartas da Libertadores<\/a> apareceu primeiro em <a href=\"https:\/\/www.gazetaesportiva.com\">Gazeta Esportiva<\/a>.<\/p>\n","protected":false},"excerpt":{"rendered":"<p>O Palmeiras j\u00e1 definiu os detalhes para a comercializa\u00e7\u00e3o dos ingressos do confronto com a LDU, pelo jogo<\/p>\n","protected":false},"author":1,"featured_media":11535,"comment_status":"open","ping_status":"open","sticky":false,"template":"","format":"standard","meta":{"footnotes":""},"categories":[71],"tags":[],"class_list":["post-11534","post","type-post","status-publish","format-standard","has-post-thumbnail","hentry","category-esportes-news"],"_links":{"self":[{"href":"https:\/\/portalbahianoticia.com.br\/index.php?rest_route=\/wp\/v2\/posts\/11534","targetHints":{"allow":["GET"]}}],"collection":[{"href":"https:\/\/portalbahianoticia.com.br\/index.php?rest_route=\/wp\/v2\/posts"}],"about":[{"href":"https:\/\/portalbahianoticia.com.br\/index.php?rest_route=\/wp\/v2\/types\/post"}],"author":[{"embeddable":true,"href":"https:\/\/portalbahianoticia.com.br\/index.php?rest_route=\/wp\/v2\/users\/1"}],"replies":[{"embeddable":true,"href":"https:\/\/portalbahianoticia.com.br\/index.php?rest_route=%2Fwp%2Fv2%2Fcomments&post=11534"}],"version-history":[{"count":0,"href":"https:\/\/portalbahianoticia.com.br\/index.php?rest_route=\/wp\/v2\/posts\/11534\/revisions"}],"wp:featuredmedia":[{"embeddable":true,"href":"https:\/\/portalbahianoticia.com.br\/index.php?rest_route=\/wp\/v2\/media\/11535"}],"wp:attachment":[{"href":"https:\/\/portalbahianoticia.com.br\/index.php?rest_route=%2Fwp%2Fv2%2Fmedia&parent=11534"}],"wp:term":[{"taxonomy":"category","embeddable":true,"href":"https:\/\/portalbahianoticia.com.br\/index.php?rest_route=%2Fwp%2Fv2%2Fcategories&post=11534"},{"taxonomy":"post_tag","embeddable":true,"href":"https:\/\/portalbahianoticia.com.br\/index.php?rest_route=%2Fwp%2Fv2%2Ftags&post=11534"}],"curies":[{"name":"wp","href":"https:\/\/api.w.org\/{rel}","templated":true}]}}