{"id":11532,"date":"2026-08-31T19:13:19","date_gmt":"2026-08-31T22:13:19","guid":{"rendered":"https:\/\/portalbahianoticia.com.br\/?p=11532"},"modified":"2026-08-31T19:13:19","modified_gmt":"2026-08-31T22:13:19","slug":"corinthians-divulga-detalhes-da-venda-de-ingressos-para-jogo-contra-a-chape","status":"publish","type":"post","link":"https:\/\/portalbahianoticia.com.br\/?p=11532","title":{"rendered":"Corinthians divulga detalhes da venda de ingressos para jogo contra a Chape"},"content":{"rendered":"<p>Nesta segunda-feira, o Corinthians divulgou informa\u00e7\u00f5es sobre a venda de ingressos para partida contra a Chapecoense. O duelo da 25\u00aa rodada do Campeonato Brasileiro acontece neste domingo, \u00e0s 19h30 (de Bras\u00edlia), na Neo Qu\u00edmica Arena.<\/p>\n<p>Os s\u00f3cios-torcedores ter\u00e3o descontos previstos em cada plano e prioridade na compra dos ingressos. A pr\u00e9-venda para este grupo tem in\u00edcio nesta ter\u00e7a-feira, \u00e0s 9h (de Bras\u00edlia), e ser\u00e1 dividida de acordo com a pontua\u00e7\u00e3o do rating de cada associado ao Fiel Torcedor.<\/p>\n<blockquote class=\"twitter-tweet\">\n<p dir=\"ltr\" lang=\"pt\">Ingressos: Corinthians x Chapecoense \u2013 06\/09 \u2013 Brasileir\u00e3o 2026<\/p>\n<p>Confira todos os detalhes da venda de ingressos para a partida entre Corinthians e Chapecoense, v\u00e1lida pela 26\u00aa rodada do Campeonato Brasileiro, que acontecer\u00e1 no dia 06\/09 (domingo), \u00e0s 19h30! <img decoding=\"async\" src=\"https:\/\/s.w.org\/images\/core\/emoji\/17.0.2\/72x72\/1f3df.png\" alt=\"\ud83c\udfdf\" class=\"wp-smiley\" style=\"height: 1em; max-height: 1em;\" \/><\/p>\n<p>Saiba mais <img decoding=\"async\" src=\"https:\/\/s.w.org\/images\/core\/emoji\/17.0.2\/72x72\/1f449-1f3fc.png\" alt=\"\ud83d\udc49\ud83c\udffc\" class=\"wp-smiley\" style=\"height: 1em; max-height: 1em;\" \/>\u2026 <a href=\"https:\/\/t.co\/8L3FoXUzGX\">pic.twitter.com\/8L3FoXUzGX<\/a><\/p>\n<p>\u2014 Corinthians (@Corinthians) <a href=\"https:\/\/x.com\/Corinthians\/status\/2094518568008212698?ref_src=twsrc%5Etfw\">August 31, 2026<\/a><\/p>\n<\/blockquote>\n<p><script async src=\"https:\/\/platform.x.com\/widgets.js\" charset=\"utf-8\"><\/script>Associados e donos de cadeiras cativas poder\u00e3o adquirir o bilhete a partir de ter\u00e7a, \u00e0s 9h. J\u00e1 a venda para o p\u00fablico em geral come\u00e7a na pr\u00f3xima quarta-feira, \u00e0s 15h.<\/p>\n<p>Os ingressos s\u00e3o comercializados apenas pelo site https:\/\/www.fieltorcedor.com.br, e o pre\u00e7o varia entre R$ 40 e R$ 270 (Setor Norte e Oeste Inferior Central, respectivamente).<\/p>\n<h2>Confira os pre\u00e7os para o duelo entre Corinthians e Chapecoense:<\/h2>\n<div id=\"attachment_3847962\" style=\"width: 829px\" class=\"wp-caption alignnone\"><img loading=\"lazy\" decoding=\"async\" aria-describedby=\"caption-attachment-3847962\" class=\"wp-image-3847962 size-large\" src=\"https:\/\/static.gazetaesportiva.com\/uploads\/2026\/08\/HRE5gg-XsAASpHK-819x1024.webp\" alt=\"corinthians\" width=\"819\" height=\"1024\" srcset=\"https:\/\/static.gazetaesportiva.com\/uploads\/2026\/08\/HRE5gg-XsAASpHK-819x1024.webp 819w, https:\/\/static.gazetaesportiva.com\/uploads\/2026\/08\/HRE5gg-XsAASpHK-288x360.webp 288w, https:\/\/static.gazetaesportiva.com\/uploads\/2026\/08\/HRE5gg-XsAASpHK-768x960.webp 768w, https:\/\/static.gazetaesportiva.com\/uploads\/2026\/08\/HRE5gg-XsAASpHK-150x188.webp 150w, https:\/\/static.gazetaesportiva.com\/uploads\/2026\/08\/HRE5gg-XsAASpHK.webp 1080w\" sizes=\"auto, (max-width: 819px) 100vw, 819px\" \/><\/p>\n<p id=\"caption-attachment-3847962\" class=\"wp-caption-text\">Confira os pre\u00e7os dos ingressos. (Foto: Divulga\u00e7\u00e3o \/ Corinthians)<\/p>\n<\/div>\n<p><strong>Veja tamb\u00e9m:<\/strong><br \/>\n<a href=\"https:\/\/www.gazetaesportiva.com\/todas-as-noticias\/\">Todas as not\u00edcias da Gazeta Esportiva<\/a><br \/>\n<strong><a href=\"https:\/\/www.youtube.com\/channel\/UCcndglQZmXnYjgE_Grqt5yg\">Canal da Gazeta Esportiva no YouTube<\/a><\/strong><br \/>\n<strong><a href=\"https:\/\/www.instagram.com\/gazetaesportiva\/\">Siga a Gazeta Esportiva no Instagram<\/a><br \/>\n<\/strong><strong><a href=\"https:\/\/whatsapp.com\/channel\/0029Va9JQFL3WHTguJNfam3U\">Participe do canal da Gazeta Esportiva no WhatsApp<\/a>\u00a0<\/strong><\/p>\n<div class=\"dugout-video dugout-embed-eyJrZXkiOiIiLCJwIjoiZ2F6ZXRhZXNwb3J0aXZhIiwicGwiOiI0a2hoSjVCWCJ9\"><\/div>\n<p><script type=\"text\/javascript\" src=\"https:\/\/embed.onefootball.com\/inline\/gazetaesportiva.js\"><\/script><\/p>\n<p>O post <a href=\"https:\/\/www.gazetaesportiva.com\/times\/corinthians\/corinthians-divulga-detalhes-da-venda-de-ingressos-para-jogo-contra-a-chape\/\">Corinthians divulga detalhes da venda de ingressos para jogo contra a Chape<\/a> apareceu primeiro em <a href=\"https:\/\/www.gazetaesportiva.com\">Gazeta Esportiva<\/a>.<\/p>\n","protected":false},"excerpt":{"rendered":"<p>Nesta segunda-feira, o Corinthians divulgou informa\u00e7\u00f5es sobre a venda de ingressos para partida contra a Chapecoense. O duelo<\/p>\n","protected":false},"author":1,"featured_media":11533,"comment_status":"open","ping_status":"open","sticky":false,"template":"","format":"standard","meta":{"footnotes":""},"categories":[71],"tags":[],"class_list":["post-11532","post","type-post","status-publish","format-standard","has-post-thumbnail","hentry","category-esportes-news"],"_links":{"self":[{"href":"https:\/\/portalbahianoticia.com.br\/index.php?rest_route=\/wp\/v2\/posts\/11532","targetHints":{"allow":["GET"]}}],"collection":[{"href":"https:\/\/portalbahianoticia.com.br\/index.php?rest_route=\/wp\/v2\/posts"}],"about":[{"href":"https:\/\/portalbahianoticia.com.br\/index.php?rest_route=\/wp\/v2\/types\/post"}],"author":[{"embeddable":true,"href":"https:\/\/portalbahianoticia.com.br\/index.php?rest_route=\/wp\/v2\/users\/1"}],"replies":[{"embeddable":true,"href":"https:\/\/portalbahianoticia.com.br\/index.php?rest_route=%2Fwp%2Fv2%2Fcomments&post=11532"}],"version-history":[{"count":0,"href":"https:\/\/portalbahianoticia.com.br\/index.php?rest_route=\/wp\/v2\/posts\/11532\/revisions"}],"wp:featuredmedia":[{"embeddable":true,"href":"https:\/\/portalbahianoticia.com.br\/index.php?rest_route=\/wp\/v2\/media\/11533"}],"wp:attachment":[{"href":"https:\/\/portalbahianoticia.com.br\/index.php?rest_route=%2Fwp%2Fv2%2Fmedia&parent=11532"}],"wp:term":[{"taxonomy":"category","embeddable":true,"href":"https:\/\/portalbahianoticia.com.br\/index.php?rest_route=%2Fwp%2Fv2%2Fcategories&post=11532"},{"taxonomy":"post_tag","embeddable":true,"href":"https:\/\/portalbahianoticia.com.br\/index.php?rest_route=%2Fwp%2Fv2%2Ftags&post=11532"}],"curies":[{"name":"wp","href":"https:\/\/api.w.org\/{rel}","templated":true}]}}