{"id":11530,"date":"2026-08-31T19:13:20","date_gmt":"2026-08-31T22:13:20","guid":{"rendered":"https:\/\/portalbahianoticia.com.br\/?p=11530"},"modified":"2026-08-31T19:13:20","modified_gmt":"2026-08-31T22:13:20","slug":"benfica-supera-estoril-em-casa-e-vence-a-segunda-pelo-portugues","status":"publish","type":"post","link":"https:\/\/portalbahianoticia.com.br\/?p=11530","title":{"rendered":"Benfica supera Estoril em casa e vence a segunda pelo Portugu\u00eas"},"content":{"rendered":"<p>Na tarde desta segunda-feira, o Benfica venceu o Estoril por 2 a 1, pela quarta rodada do Campeonato Portugu\u00eas, em partida disputada no Est\u00e1dio da Luz.<\/p>\n<h2>Situa\u00e7\u00e3o da tabela<\/h2>\n<p>Com duas vit\u00f3rias, o Benfica chega aos sete pontos e assume a quinta coloca\u00e7\u00e3o.\u00a0Por outro lado, o Estoril segue sem vencer e, com um ponto, est\u00e1 no no 17\u00ba lugar.<\/p>\n<p><script type=\"text\/javascript\" src=\"https:\/\/embed.onefootball.com\/inline\/gazetaesportiva.js\"><\/script><\/p>\n<h2><img decoding=\"async\" src=\"https:\/\/s.w.org\/images\/core\/emoji\/17.0.2\/72x72\/1f4cb.png\" alt=\"\ud83d\udccb\" class=\"wp-smiley\" style=\"height: 1em; max-height: 1em;\" \/> Ficha t\u00e9cnica<\/h2>\n<div>\n<p><strong><img decoding=\"async\" src=\"https:\/\/s.w.org\/images\/core\/emoji\/17.0.2\/72x72\/1f534.png\" alt=\"\ud83d\udd34\" class=\"wp-smiley\" style=\"height: 1em; max-height: 1em;\" \/><img decoding=\"async\" src=\"https:\/\/s.w.org\/images\/core\/emoji\/17.0.2\/72x72\/26aa.png\" alt=\"\u26aa\" class=\"wp-smiley\" style=\"height: 1em; max-height: 1em;\" \/>BENFICA 2 x 1 ESTORIL<img decoding=\"async\" src=\"https:\/\/s.w.org\/images\/core\/emoji\/17.0.2\/72x72\/1f535.png\" alt=\"\ud83d\udd35\" class=\"wp-smiley\" style=\"height: 1em; max-height: 1em;\" \/><img decoding=\"async\" src=\"https:\/\/s.w.org\/images\/core\/emoji\/17.0.2\/72x72\/26ab.png\" alt=\"\u26ab\" class=\"wp-smiley\" style=\"height: 1em; max-height: 1em;\" \/><\/strong><\/p>\n<\/div>\n<p><img decoding=\"async\" src=\"https:\/\/s.w.org\/images\/core\/emoji\/17.0.2\/72x72\/1f3c6.png\" alt=\"\ud83c\udfc6\" class=\"wp-smiley\" style=\"height: 1em; max-height: 1em;\" \/> Competi\u00e7\u00e3o: Campeonato Portugu\u00eas | 4\u00aa rodada<br \/>\n<img decoding=\"async\" src=\"https:\/\/s.w.org\/images\/core\/emoji\/17.0.2\/72x72\/1f3df.png\" alt=\"\ud83c\udfdf\" class=\"wp-smiley\" style=\"height: 1em; max-height: 1em;\" \/> Local: Est\u00e1dio da Luz, em Lisboa<br \/>\n<img decoding=\"async\" src=\"https:\/\/s.w.org\/images\/core\/emoji\/17.0.2\/72x72\/1f4c5.png\" alt=\"\ud83d\udcc5\" class=\"wp-smiley\" style=\"height: 1em; max-height: 1em;\" \/> Data: 31 de agosto de 2026 (segunda-feira)<br \/>\n<img decoding=\"async\" src=\"https:\/\/s.w.org\/images\/core\/emoji\/17.0.2\/72x72\/23f0.png\" alt=\"\u23f0\" class=\"wp-smiley\" style=\"height: 1em; max-height: 1em;\" \/> Hor\u00e1rio: 16h15 (de Bras\u00edlia)<\/p>\n<h2>Gols<\/h2>\n<p><img decoding=\"async\" src=\"https:\/\/s.w.org\/images\/core\/emoji\/17.0.2\/72x72\/26bd.png\" alt=\"\u26bd\" class=\"wp-smiley\" style=\"height: 1em; max-height: 1em;\" \/> Vangelis Pavlidis, aos 40\u2032 do 1\u00baT (Benfica)<br \/>\n<img decoding=\"async\" src=\"https:\/\/s.w.org\/images\/core\/emoji\/17.0.2\/72x72\/26bd.png\" alt=\"\u26bd\" class=\"wp-smiley\" style=\"height: 1em; max-height: 1em;\" \/> Cl\u00e9ment Lenglet, aos 6\u2032 do 2\u00baT (Benfica)<br \/>\n<img decoding=\"async\" src=\"https:\/\/s.w.org\/images\/core\/emoji\/17.0.2\/72x72\/26bd.png\" alt=\"\u26bd\" class=\"wp-smiley\" style=\"height: 1em; max-height: 1em;\" \/> Yanis Begraoui, aos 37\u2032 do 2\u00baT (Estoril)<\/p>\n<h2>Como foi o jogo?<\/h2>\n<p>Aos 40 minutos, Dahl teve chute travado depois de cruzamento de Prestianni e a bola sobrou nos p\u00e9s de Pavlidis. O atacante girou em cima do zagueiro Ferro e chutou no canto esquerdo do gol para marcar.<\/p>\n<p>Aos seis minutos do segundo tempo, o Benfica trocava passes no seu campo ofensivo quando o zagueiro Lenglet arriscou de muito longe e acertou o \u00e2ngulo direito do goleiro Robles.<\/p>\n<p>O Estoril diminuiu o placar aos 37 da etapa complementar. Begraoui recebeu passe de Medrano na entrada da \u00e1rea, girou e bateu no canto esquerdo do goleiro Soares.<\/p>\n<div class='fotorama' data-click='false' data-nav='thumbs' data-allowfullscreen='true'><a data-caption='\n\n<div class=\"fotorama_legenda_galeria\">Foto por PATRICIA DE MELO MOREIRA \/ AFP<\/div>\n<p>&#8216; href=&#8217;https:\/\/static.gazetaesportiva.com\/uploads\/2026\/08\/AFP__20260831__C6XX66M__v1__HighRes__FblPorLigaBenficaEstoril-1024&#215;683.webp&#8217; data-thumb=&#8217;https:\/\/static.gazetaesportiva.com\/uploads\/2026\/08\/AFP__20260831__C6XX66M__v1__HighRes__FblPorLigaBenficaEstoril-1024&#215;683.webp&#8217;><\/a><a data-caption='\n\n<div class=\"fotorama_legenda_galeria\">Foto por PATRICIA DE MELO MOREIRA \/ AFP<\/div>\n<p>&#8216; href=&#8217;https:\/\/static.gazetaesportiva.com\/uploads\/2026\/08\/AFP__20260831__C6XX66Q__v1__HighRes__FblPorLigaBenficaEstoril-1024&#215;683.webp&#8217; data-thumb=&#8217;https:\/\/static.gazetaesportiva.com\/uploads\/2026\/08\/AFP__20260831__C6XX66Q__v1__HighRes__FblPorLigaBenficaEstoril-1024&#215;683.webp&#8217;><\/a><a data-caption='\n\n<div class=\"fotorama_legenda_galeria\">Foto por PATRICIA DE MELO MOREIRA \/ AFP<\/div>\n<p>&#8216; href=&#8217;https:\/\/static.gazetaesportiva.com\/uploads\/2026\/08\/AFP__20260831__C6XW2MN__v1__HighRes__FblPorLigaBenficaEstoril-1024&#215;683.webp&#8217; data-thumb=&#8217;https:\/\/static.gazetaesportiva.com\/uploads\/2026\/08\/AFP__20260831__C6XW2MN__v1__HighRes__FblPorLigaBenficaEstoril-1024&#215;683.webp&#8217;><\/a><a data-caption='\n\n<div class=\"fotorama_legenda_galeria\">Foto por PATRICIA DE MELO MOREIRA \/ AFP<\/div>\n<p>&#8216; href=&#8217;https:\/\/static.gazetaesportiva.com\/uploads\/2026\/08\/AFP__20260831__C6XW2LJ__v1__HighRes__FblPorLigaBenficaEstoril-1024&#215;683.webp&#8217; data-thumb=&#8217;https:\/\/static.gazetaesportiva.com\/uploads\/2026\/08\/AFP__20260831__C6XW2LJ__v1__HighRes__FblPorLigaBenficaEstoril-1024&#215;683.webp&#8217;><\/a><a data-caption='\n\n<div class=\"fotorama_legenda_galeria\">Foto por PATRICIA DE MELO MOREIRA \/ AFP<\/div>\n<p>&#8216; href=&#8217;https:\/\/static.gazetaesportiva.com\/uploads\/2026\/08\/AFP__20260831__C6XW2KK__v1__HighRes__FblPorLigaBenficaEstoril-1024&#215;683.webp&#8217; data-thumb=&#8217;https:\/\/static.gazetaesportiva.com\/uploads\/2026\/08\/AFP__20260831__C6XW2KK__v1__HighRes__FblPorLigaBenficaEstoril-1024&#215;683.webp&#8217;><\/a><a data-caption='\n\n<div class=\"fotorama_legenda_galeria\">Foto por PATRICIA DE MELO MOREIRA \/ AFP<\/div>\n<p>&#8216; href=&#8217;https:\/\/static.gazetaesportiva.com\/uploads\/2026\/08\/AFP__20260831__C6XW2KP__v1__HighRes__FblPorLigaBenficaEstoril-1024&#215;683.webp&#8217; data-thumb=&#8217;https:\/\/static.gazetaesportiva.com\/uploads\/2026\/08\/AFP__20260831__C6XW2KP__v1__HighRes__FblPorLigaBenficaEstoril-1024&#215;683.webp&#8217;><\/a><a data-caption='\n\n<div class=\"fotorama_legenda_galeria\">Foto por PATRICIA DE MELO MOREIRA \/ AFP<\/div>\n<p>&#8216; href=&#8217;https:\/\/static.gazetaesportiva.com\/uploads\/2026\/08\/AFP__20260831__C6XU3YX__v1__HighRes__FblPorLigaBenficaEstoril-1024&#215;683.webp&#8217; data-thumb=&#8217;https:\/\/static.gazetaesportiva.com\/uploads\/2026\/08\/AFP__20260831__C6XU3YX__v1__HighRes__FblPorLigaBenficaEstoril-1024&#215;683.webp&#8217;><\/a><a data-caption='\n\n<div class=\"fotorama_legenda_galeria\">Foto por PATRICIA DE MELO MOREIRA \/ AFP<\/div>\n<p>&#8216; href=&#8217;https:\/\/static.gazetaesportiva.com\/uploads\/2026\/08\/AFP__20260831__C6XU3Y2__v1__HighRes__FblPorLigaBenficaEstoril-1024&#215;683.webp&#8217; data-thumb=&#8217;https:\/\/static.gazetaesportiva.com\/uploads\/2026\/08\/AFP__20260831__C6XU3Y2__v1__HighRes__FblPorLigaBenficaEstoril-1024&#215;683.webp&#8217;><\/a><a data-caption='\n\n<div class=\"fotorama_legenda_galeria\">Foto por PATRICIA DE MELO MOREIRA \/ AFP<\/div>\n<p>&#8216; href=&#8217;https:\/\/static.gazetaesportiva.com\/uploads\/2026\/08\/AFP__20260831__C6XU3XQ__v1__HighRes__FblPorLigaBenficaEstoril-1024&#215;683.webp&#8217; data-thumb=&#8217;https:\/\/static.gazetaesportiva.com\/uploads\/2026\/08\/AFP__20260831__C6XU3XQ__v1__HighRes__FblPorLigaBenficaEstoril-1024&#215;683.webp&#8217;><\/a><\/div>\n<p><\/p>\n<h2>Pr\u00f3ximos jogos<\/h2>\n<div>\n<h3><img decoding=\"async\" src=\"https:\/\/s.w.org\/images\/core\/emoji\/17.0.2\/72x72\/1f534.png\" alt=\"\ud83d\udd34\" class=\"wp-smiley\" style=\"height: 1em; max-height: 1em;\" \/><img decoding=\"async\" src=\"https:\/\/s.w.org\/images\/core\/emoji\/17.0.2\/72x72\/26aa.png\" alt=\"\u26aa\" class=\"wp-smiley\" style=\"height: 1em; max-height: 1em;\" \/>Benfica<\/h3>\n<\/div>\n<p><img decoding=\"async\" src=\"https:\/\/s.w.org\/images\/core\/emoji\/17.0.2\/72x72\/2694.png\" alt=\"\u2694\" class=\"wp-smiley\" style=\"height: 1em; max-height: 1em;\" \/> Jogo: Mar\u00edtimo x Benfica<br \/>\n<img decoding=\"async\" src=\"https:\/\/s.w.org\/images\/core\/emoji\/17.0.2\/72x72\/1f3c6.png\" alt=\"\ud83c\udfc6\" class=\"wp-smiley\" style=\"height: 1em; max-height: 1em;\" \/> Competi\u00e7\u00e3o: Campeonato Portugu\u00eas \u2013 Rodada 5<br \/>\n<img decoding=\"async\" src=\"https:\/\/s.w.org\/images\/core\/emoji\/17.0.2\/72x72\/1f4c5.png\" alt=\"\ud83d\udcc5\" class=\"wp-smiley\" style=\"height: 1em; max-height: 1em;\" \/> Data: 5 de setembro de 2026 (s\u00e1bado)<br \/>\n<img decoding=\"async\" src=\"https:\/\/s.w.org\/images\/core\/emoji\/17.0.2\/72x72\/23f0.png\" alt=\"\u23f0\" class=\"wp-smiley\" style=\"height: 1em; max-height: 1em;\" \/> Hor\u00e1rio: 14h (de Bras\u00edlia)<br \/>\n<img decoding=\"async\" src=\"https:\/\/s.w.org\/images\/core\/emoji\/17.0.2\/72x72\/1f3df.png\" alt=\"\ud83c\udfdf\" class=\"wp-smiley\" style=\"height: 1em; max-height: 1em;\" \/> Local: Est\u00e1dio Mar\u00edtimo, em Funchal<\/p>\n<div>\n<h3><img decoding=\"async\" src=\"https:\/\/s.w.org\/images\/core\/emoji\/17.0.2\/72x72\/1f535.png\" alt=\"\ud83d\udd35\" class=\"wp-smiley\" style=\"height: 1em; max-height: 1em;\" \/><img decoding=\"async\" src=\"https:\/\/s.w.org\/images\/core\/emoji\/17.0.2\/72x72\/26ab.png\" alt=\"\u26ab\" class=\"wp-smiley\" style=\"height: 1em; max-height: 1em;\" \/>Estoril<\/h3>\n<\/div>\n<p><img decoding=\"async\" src=\"https:\/\/s.w.org\/images\/core\/emoji\/17.0.2\/72x72\/2694.png\" alt=\"\u2694\" class=\"wp-smiley\" style=\"height: 1em; max-height: 1em;\" \/> Jogo: Estoril x Arouca<br \/>\n<img decoding=\"async\" src=\"https:\/\/s.w.org\/images\/core\/emoji\/17.0.2\/72x72\/1f3c6.png\" alt=\"\ud83c\udfc6\" class=\"wp-smiley\" style=\"height: 1em; max-height: 1em;\" \/> Competi\u00e7\u00e3o: Campeonato Portugu\u00eas \u2013 Rodada 5<br \/>\n<img decoding=\"async\" src=\"https:\/\/s.w.org\/images\/core\/emoji\/17.0.2\/72x72\/1f4c5.png\" alt=\"\ud83d\udcc5\" class=\"wp-smiley\" style=\"height: 1em; max-height: 1em;\" \/> Data: 7 de setembro de 2026 (segunda-feira)<br \/>\n<img decoding=\"async\" src=\"https:\/\/s.w.org\/images\/core\/emoji\/17.0.2\/72x72\/23f0.png\" alt=\"\u23f0\" class=\"wp-smiley\" style=\"height: 1em; max-height: 1em;\" \/> Hor\u00e1rio: 16h15 (de Bras\u00edlia)<br \/>\n<img decoding=\"async\" src=\"https:\/\/s.w.org\/images\/core\/emoji\/17.0.2\/72x72\/1f3df.png\" alt=\"\ud83c\udfdf\" class=\"wp-smiley\" style=\"height: 1em; max-height: 1em;\" \/> Local: Est\u00e1dio Ant\u00f4nio Coimbra da Mota, em Estoril<\/p>\n<p><strong>Veja tamb\u00e9m:<\/strong><br \/>\n<strong><a href=\"https:\/\/www.gazetaesportiva.com\/todas-as-noticias\/\">Todas as not\u00edcias da Gazeta Esportiva<\/a><\/strong><br \/>\n<strong><a href=\"https:\/\/www.youtube.com\/channel\/UCcndglQZmXnYjgE_Grqt5yg\">Canal da Gazeta Esportiva no YouTube<\/a><\/strong><br \/>\n<strong><a href=\"https:\/\/www.instagram.com\/gazetaesportiva\/\">Siga a Gazeta Esportiva no Instagram<\/a><br \/>\n<\/strong><strong><a href=\"https:\/\/whatsapp.com\/channel\/0029Va9JQFL3WHTguJNfam3U\">Participe do canal da Gazeta Esportiva no WhatsApp<\/a><\/strong><\/p>\n<p>O post <a href=\"https:\/\/www.gazetaesportiva.com\/times\/benfica\/benfica-supera-estoril-em-casa-e-vence-a-segunda-pelo-portugues\/\">Benfica supera Estoril em casa e vence a segunda pelo Portugu\u00eas<\/a> apareceu primeiro em <a href=\"https:\/\/www.gazetaesportiva.com\">Gazeta Esportiva<\/a>.<\/p>\n","protected":false},"excerpt":{"rendered":"<p>Na tarde desta segunda-feira, o Benfica venceu o Estoril por 2 a 1, pela quarta rodada do Campeonato<\/p>\n","protected":false},"author":1,"featured_media":11531,"comment_status":"open","ping_status":"open","sticky":false,"template":"","format":"standard","meta":{"footnotes":""},"categories":[71],"tags":[],"class_list":["post-11530","post","type-post","status-publish","format-standard","has-post-thumbnail","hentry","category-esportes-news"],"_links":{"self":[{"href":"https:\/\/portalbahianoticia.com.br\/index.php?rest_route=\/wp\/v2\/posts\/11530","targetHints":{"allow":["GET"]}}],"collection":[{"href":"https:\/\/portalbahianoticia.com.br\/index.php?rest_route=\/wp\/v2\/posts"}],"about":[{"href":"https:\/\/portalbahianoticia.com.br\/index.php?rest_route=\/wp\/v2\/types\/post"}],"author":[{"embeddable":true,"href":"https:\/\/portalbahianoticia.com.br\/index.php?rest_route=\/wp\/v2\/users\/1"}],"replies":[{"embeddable":true,"href":"https:\/\/portalbahianoticia.com.br\/index.php?rest_route=%2Fwp%2Fv2%2Fcomments&post=11530"}],"version-history":[{"count":0,"href":"https:\/\/portalbahianoticia.com.br\/index.php?rest_route=\/wp\/v2\/posts\/11530\/revisions"}],"wp:featuredmedia":[{"embeddable":true,"href":"https:\/\/portalbahianoticia.com.br\/index.php?rest_route=\/wp\/v2\/media\/11531"}],"wp:attachment":[{"href":"https:\/\/portalbahianoticia.com.br\/index.php?rest_route=%2Fwp%2Fv2%2Fmedia&parent=11530"}],"wp:term":[{"taxonomy":"category","embeddable":true,"href":"https:\/\/portalbahianoticia.com.br\/index.php?rest_route=%2Fwp%2Fv2%2Fcategories&post=11530"},{"taxonomy":"post_tag","embeddable":true,"href":"https:\/\/portalbahianoticia.com.br\/index.php?rest_route=%2Fwp%2Fv2%2Ftags&post=11530"}],"curies":[{"name":"wp","href":"https:\/\/api.w.org\/{rel}","templated":true}]}}