{"id":11528,"date":"2026-08-31T19:13:21","date_gmt":"2026-08-31T22:13:21","guid":{"rendered":"https:\/\/portalbahianoticia.com.br\/?p=11528"},"modified":"2026-08-31T19:13:21","modified_gmt":"2026-08-31T22:13:21","slug":"com-arthur-santos-se-reapresenta-e-inicia-preparacao-para-decisao-contra-o-palmeiras","status":"publish","type":"post","link":"https:\/\/portalbahianoticia.com.br\/?p=11528","title":{"rendered":"Com Arthur, Santos se reapresenta e inicia prepara\u00e7\u00e3o para decis\u00e3o contra o Palmeiras"},"content":{"rendered":"<p>O <strong><a href=\"https:\/\/www.gazetaesportiva.com\/times\/santos\/\">Santos<\/a><\/strong> se reapresentou nesta segunda-feira, no CT Rei Pel\u00e9, e iniciou a prepara\u00e7\u00e3o para enfrentar o Palmeiras, pela volta das quartas de final da Copa do Brasil. O Peixe vem de vit\u00f3ria por 1 a 0 sobre o Corinthians, no \u00faltimo domingo, na Neo Qu\u00edmica Arena, pelo Campeonato Brasileiro.<\/p>\n<p>A grande novidade foi a presen\u00e7a de Arthur. O jogador, que somou passagens por G\u00eamio, Barcelona e Juventus, <strong><a href=\"https:\/\/www.gazetaesportiva.com\/times\/santos\/arthur-melo-santos-contratacao-reforco\/\">foi anunciado como novo refor\u00e7o do Peixe nesta segunda-feira<\/a><\/strong>. O volante est\u00e1 no Brasil desde a \u00faltima sexta-feira e agora, oficialmente, faz parte do grupo de atletas do Santos.<\/p>\n<div class='fotorama' data-click='false' data-nav='thumbs' data-allowfullscreen='true'><a data-caption='\n\n<div class=\"fotorama_legenda_galeria\">(Foto: Raul Baretta\/ Santos FC)<\/div>\n<p>&#8216; href=&#8217;https:\/\/static.gazetaesportiva.com\/uploads\/2026\/08\/55500817174_84147e27af_3k-819&#215;1024.webp&#8217; data-thumb=&#8217;https:\/\/static.gazetaesportiva.com\/uploads\/2026\/08\/55500817174_84147e27af_3k-819&#215;1024.webp&#8217;><\/a><a data-caption='\n\n<div class=\"fotorama_legenda_galeria\">(Foto: Raul Baretta\/ Santos FC)<\/div>\n<p>&#8216; href=&#8217;https:\/\/static.gazetaesportiva.com\/uploads\/2026\/08\/55500755373_ddc7d291d4_3k-819&#215;1024.webp&#8217; data-thumb=&#8217;https:\/\/static.gazetaesportiva.com\/uploads\/2026\/08\/55500755373_ddc7d291d4_3k-819&#215;1024.webp&#8217;><\/a><a data-caption='\n\n<div class=\"fotorama_legenda_galeria\">(Foto: Raul Baretta\/ Santos FC)<\/div>\n<p>&#8216; href=&#8217;https:\/\/static.gazetaesportiva.com\/uploads\/2026\/08\/55500817849_e0ec3b5c00_3k-819&#215;1024.webp&#8217; data-thumb=&#8217;https:\/\/static.gazetaesportiva.com\/uploads\/2026\/08\/55500817849_e0ec3b5c00_3k-819&#215;1024.webp&#8217;><\/a><a data-caption='\n\n<div class=\"fotorama_legenda_galeria\">(Foto: Raul Baretta\/ Santos FC)<\/div>\n<p>&#8216; href=&#8217;https:\/\/static.gazetaesportiva.com\/uploads\/2026\/08\/55500755393_de583c0996_3k-819&#215;1024.webp&#8217; data-thumb=&#8217;https:\/\/static.gazetaesportiva.com\/uploads\/2026\/08\/55500755393_de583c0996_3k-819&#215;1024.webp&#8217;><\/a><a data-caption='\n\n<div class=\"fotorama_legenda_galeria\">(Foto: Raul Baretta\/ Santos FC)<\/div>\n<p>&#8216; href=&#8217;https:\/\/static.gazetaesportiva.com\/uploads\/2026\/08\/55500755428_360bc025ca_3k-819&#215;1024.webp&#8217; data-thumb=&#8217;https:\/\/static.gazetaesportiva.com\/uploads\/2026\/08\/55500755428_360bc025ca_3k-819&#215;1024.webp&#8217;><\/a><a data-caption='\n\n<div class=\"fotorama_legenda_galeria\">(Foto: Raul Baretta\/ Santos FC)<\/div>\n<p>&#8216; href=&#8217;https:\/\/static.gazetaesportiva.com\/uploads\/2026\/08\/55499653627_c34a9e7f68_3k-1-819&#215;1024.webp&#8217; data-thumb=&#8217;https:\/\/static.gazetaesportiva.com\/uploads\/2026\/08\/55499653627_c34a9e7f68_3k-1-819&#215;1024.webp&#8217;><\/a><a data-caption='\n\n<div class=\"fotorama_legenda_galeria\">(Foto: Raul Baretta\/ Santos FC)<\/div>\n<p>&#8216; href=&#8217;https:\/\/static.gazetaesportiva.com\/uploads\/2026\/08\/55501035345_6a1cebc3bd_3k-819&#215;1024.webp&#8217; data-thumb=&#8217;https:\/\/static.gazetaesportiva.com\/uploads\/2026\/08\/55501035345_6a1cebc3bd_3k-819&#215;1024.webp&#8217;><\/a><a data-caption='\n\n<div class=\"fotorama_legenda_galeria\">(Foto: Raul Baretta\/ Santos FC)<\/div>\n<p>&#8216; href=&#8217;https:\/\/static.gazetaesportiva.com\/uploads\/2026\/08\/55501034255_62d7d06885_3k-819&#215;1024.webp&#8217; data-thumb=&#8217;https:\/\/static.gazetaesportiva.com\/uploads\/2026\/08\/55501034255_62d7d06885_3k-819&#215;1024.webp&#8217;><\/a><a data-caption='\n\n<div class=\"fotorama_legenda_galeria\">(Foto: Raul Baretta\/ Santos FC)<\/div>\n<p>&#8216; href=&#8217;https:\/\/static.gazetaesportiva.com\/uploads\/2026\/08\/55500817984_0872a77b3e_3k-819&#215;1024.webp&#8217; data-thumb=&#8217;https:\/\/static.gazetaesportiva.com\/uploads\/2026\/08\/55500817984_0872a77b3e_3k-819&#215;1024.webp&#8217;><\/a><a data-caption='\n\n<div class=\"fotorama_legenda_galeria\">(Foto: Raul Baretta\/ Santos FC)<\/div>\n<p>&#8216; href=&#8217;https:\/\/static.gazetaesportiva.com\/uploads\/2026\/08\/55500755603_c475008d48_3k-819&#215;1024.webp&#8217; data-thumb=&#8217;https:\/\/static.gazetaesportiva.com\/uploads\/2026\/08\/55500755603_c475008d48_3k-819&#215;1024.webp&#8217;><\/a><a data-caption='\n\n<div class=\"fotorama_legenda_galeria\">(Foto: Raul Baretta\/ Santos FC)<\/div>\n<p>&#8216; href=&#8217;https:\/\/static.gazetaesportiva.com\/uploads\/2026\/08\/55500818034_931e903fd3_3k-819&#215;1024.webp&#8217; data-thumb=&#8217;https:\/\/static.gazetaesportiva.com\/uploads\/2026\/08\/55500818034_931e903fd3_3k-819&#215;1024.webp&#8217;><\/a><a data-caption='\n\n<div class=\"fotorama_legenda_galeria\">(Foto: Raul Baretta\/ Santos FC)<\/div>\n<p>&#8216; href=&#8217;https:\/\/static.gazetaesportiva.com\/uploads\/2026\/08\/55499653742_9a1ffe218a_3k-819&#215;1024.webp&#8217; data-thumb=&#8217;https:\/\/static.gazetaesportiva.com\/uploads\/2026\/08\/55499653742_9a1ffe218a_3k-819&#215;1024.webp&#8217;><\/a><a data-caption='\n\n<div class=\"fotorama_legenda_galeria\">(Foto: Raul Baretta\/ Santos FC)<\/div>\n<p>&#8216; href=&#8217;https:\/\/static.gazetaesportiva.com\/uploads\/2026\/08\/55500655096_1636db8519_3k-819&#215;1024.webp&#8217; data-thumb=&#8217;https:\/\/static.gazetaesportiva.com\/uploads\/2026\/08\/55500655096_1636db8519_3k-819&#215;1024.webp&#8217;><\/a><\/div>\n<p><\/p>\n<h2>Como foi o treino?<\/h2>\n<p>A atividade desta segunda foi dividida de acordo com a minutagem dos jogadores no cl\u00e1ssico. Os titulares contra o Corinthians realizaram apenas trabalho regenerativo, enquanto o restante do elenco foi a campo para treinamento com bola.<\/p>\n<p>O Santos ainda ter\u00e1 mais uma atividade nesta ter\u00e7a-feira antes do confronto decisivo. A equipe recebe o Palmeiras nesta quarta, \u00e0s 21h30 (de Bras\u00edlia), na Vila Belmiro, com <strong><a href=\"https:\/\/www.gazetaesportiva.com\/times\/santos\/santos-palmeiras-ingressos-esgotados-copa-do-brasil\/\">ingressos esgotados<\/a><\/strong>.<\/p>\n<blockquote class=\"twitter-tweet\">\n<p dir=\"ltr\" lang=\"pt\">O primeiro treino no CT Rei Pel\u00e9! Vai pra cima deles, Arthur! <img decoding=\"async\" src=\"https:\/\/s.w.org\/images\/core\/emoji\/17.0.2\/72x72\/26aa.png\" alt=\"\u26aa\" class=\"wp-smiley\" style=\"height: 1em; max-height: 1em;\" \/><img decoding=\"async\" src=\"https:\/\/s.w.org\/images\/core\/emoji\/17.0.2\/72x72\/26ab.png\" alt=\"\u26ab\" class=\"wp-smiley\" style=\"height: 1em; max-height: 1em;\" \/> <a href=\"https:\/\/t.co\/ZMHrpYeINI\">pic.twitter.com\/ZMHrpYeINI<\/a><\/p>\n<p>\u2014 Santos FC (@SantosFC) <a href=\"https:\/\/x.com\/SantosFC\/status\/2094534797519446254?ref_src=twsrc%5Etfw\">August 31, 2026<\/a><\/p>\n<\/blockquote>\n<p><script async src=\"https:\/\/platform.x.com\/widgets.js\" charset=\"utf-8\"><\/script><\/p>\n<h2>Santos tenta rea\u00e7\u00e3o na Copa do Brasil<\/h2>\n<p>O Peixe ter\u00e1 uma miss\u00e3o complicada para seguir vivo no torneio. No jogo de ida, disputado na casa palmeirense, o Santos perdeu por 3 a 0, com dois gols de Flaco L\u00f3pez e um de Andreas Pereira.<\/p>\n<p><strong>Veja tamb\u00e9m:<\/strong><br \/>\n<strong><a href=\"https:\/\/www.gazetaesportiva.com\/todas-as-noticias\/\">Todas as not\u00edcias da Gazeta Esportiva<\/a><\/strong><br \/>\n<strong><a href=\"https:\/\/www.youtube.com\/channel\/UCcndglQZmXnYjgE_Grqt5yg\">Canal da Gazeta Esportiva no YouTube<\/a><\/strong><br \/>\n<strong><a href=\"https:\/\/www.instagram.com\/gazetaesportiva\/\">Siga a Gazeta Esportiva no Instagram<\/a><br \/>\n<\/strong><strong><a href=\"https:\/\/whatsapp.com\/channel\/0029Va9JQFL3WHTguJNfam3U\">Participe do canal da Gazeta Esportiva no WhatsApp<\/a><\/strong><\/p>\n<p>Com isso, o time de Cuca precisa vencer por quatro ou mais gols de diferen\u00e7a para avan\u00e7ar diretamente \u00e0s semifinais. Um triunfo por exatamente tr\u00eas gols leva a decis\u00e3o da vaga para os p\u00eanaltis.<\/p>\n<p>O Santos chega para o confronto embalado pela vit\u00f3ria no cl\u00e1ssico contra o Corinthians. Christian Oliva marcou o \u00fanico gol da partida ap\u00f3s cobran\u00e7a de falta de Neymar na trave. O resultado encerrou o jejum santista em cl\u00e1ssicos na temporada e levou o clube aos 29 pontos no Campeonato Brasileiro.<\/p>\n<p>O post <a href=\"https:\/\/www.gazetaesportiva.com\/times\/santos\/santos-treino-arthur-palmeiras-copa-do-brasil\/\">Com Arthur, Santos se reapresenta e inicia prepara\u00e7\u00e3o para decis\u00e3o contra o Palmeiras<\/a> apareceu primeiro em <a href=\"https:\/\/www.gazetaesportiva.com\">Gazeta Esportiva<\/a>.<\/p>\n","protected":false},"excerpt":{"rendered":"<p>O Santos se reapresentou nesta segunda-feira, no CT Rei Pel\u00e9, e iniciou a prepara\u00e7\u00e3o para enfrentar o Palmeiras,<\/p>\n","protected":false},"author":1,"featured_media":11529,"comment_status":"open","ping_status":"open","sticky":false,"template":"","format":"standard","meta":{"footnotes":""},"categories":[71],"tags":[],"class_list":["post-11528","post","type-post","status-publish","format-standard","has-post-thumbnail","hentry","category-esportes-news"],"_links":{"self":[{"href":"https:\/\/portalbahianoticia.com.br\/index.php?rest_route=\/wp\/v2\/posts\/11528","targetHints":{"allow":["GET"]}}],"collection":[{"href":"https:\/\/portalbahianoticia.com.br\/index.php?rest_route=\/wp\/v2\/posts"}],"about":[{"href":"https:\/\/portalbahianoticia.com.br\/index.php?rest_route=\/wp\/v2\/types\/post"}],"author":[{"embeddable":true,"href":"https:\/\/portalbahianoticia.com.br\/index.php?rest_route=\/wp\/v2\/users\/1"}],"replies":[{"embeddable":true,"href":"https:\/\/portalbahianoticia.com.br\/index.php?rest_route=%2Fwp%2Fv2%2Fcomments&post=11528"}],"version-history":[{"count":0,"href":"https:\/\/portalbahianoticia.com.br\/index.php?rest_route=\/wp\/v2\/posts\/11528\/revisions"}],"wp:featuredmedia":[{"embeddable":true,"href":"https:\/\/portalbahianoticia.com.br\/index.php?rest_route=\/wp\/v2\/media\/11529"}],"wp:attachment":[{"href":"https:\/\/portalbahianoticia.com.br\/index.php?rest_route=%2Fwp%2Fv2%2Fmedia&parent=11528"}],"wp:term":[{"taxonomy":"category","embeddable":true,"href":"https:\/\/portalbahianoticia.com.br\/index.php?rest_route=%2Fwp%2Fv2%2Fcategories&post=11528"},{"taxonomy":"post_tag","embeddable":true,"href":"https:\/\/portalbahianoticia.com.br\/index.php?rest_route=%2Fwp%2Fv2%2Ftags&post=11528"}],"curies":[{"name":"wp","href":"https:\/\/api.w.org\/{rel}","templated":true}]}}