{"id":11525,"date":"2026-08-31T19:13:23","date_gmt":"2026-08-31T22:13:23","guid":{"rendered":"https:\/\/portalbahianoticia.com.br\/?p=11525"},"modified":"2026-08-31T19:13:23","modified_gmt":"2026-08-31T22:13:23","slug":"javier-milei-pede-a-fia-retorno-da-formula-1-a-argentina","status":"publish","type":"post","link":"https:\/\/portalbahianoticia.com.br\/?p=11525","title":{"rendered":"Javier Milei pede \u00e0 FIA retorno da F\u00f3rmula 1 \u00e0 Argentina"},"content":{"rendered":"<p>O presidente da Argentina, Javier Milei, defendeu o retorno da F\u00f3rmula 1 ao pa\u00eds ao discursar nesta segunda-feira (31) no Congresso Americano da Federa\u00e7\u00e3o Internacional de Automobilismo (FIA), que acontece em Buenos Aires.<\/p>\n<blockquote class=\"twitter-tweet\">\n<p dir=\"ltr\" lang=\"en\">BREAKING: Franco Colapinto extends his contract with Alpine into 2027<a href=\"https:\/\/x.com\/hashtag\/F1?src=hash&#038;ref_src=twsrc%5Etfw\">#F1<\/a> <a href=\"https:\/\/t.co\/umBd8OvwLC\">pic.twitter.com\/umBd8OvwLC<\/a><\/p>\n<p>\u2014 Formula 1 (@F1) <a href=\"https:\/\/x.com\/F1\/status\/2092931271915651267?ref_src=twsrc%5Etfw\">August 27, 2026<\/a><\/p>\n<\/blockquote>\n<p><script async src=\"https:\/\/platform.x.com\/widgets.js\" charset=\"utf-8\"><\/script><\/p>\n<h2>\u201cTodas as condi\u00e7\u00f5es\u201d<\/h2>\n<p>Milei destacou a paix\u00e3o do povo argentino pela principal categoria do automobilismo, que teve \u201carquibancadas lotadas\u201d no \u00faltimo Grande Pr\u00eamio disputado no pa\u00eds, h\u00e1 28 anos.<\/p>\n<p>\u201cA Argentina \u00e9 um pa\u00eds que ama os carros (\u2026) Temos a tradi\u00e7\u00e3o, temos os pilotos e agora estamos voltando a ter a seriedade institucional que essas categorias exigem antes de escolher um pa\u00eds\u201d, disse o presidente.<\/p>\n<p>\u201cQueremos ver [Franco] Colapinto no pa\u00eds\u201d, destacou Milei sobre o piloto argentino de 23 anos que corre pela escuderia francesa Alpine.<\/p>\n<p>A FIA n\u00e3o se manifestou at\u00e9 o momento sobre o pedido do chefe de Estado. Atualmente, a F\u00f3rmula 1 tem apenas duas etapas\u00a0na Am\u00e9rica Latina em seu calend\u00e1rio, em S\u00e3o Paulo e na Cidade do M\u00e9xico.<\/p>\n<p>A Argentina \u201ctem todas as condi\u00e7\u00f5es para voltar a receber a F\u00f3rmula 1 e o Campeonato Mundial de Rali em seu calend\u00e1rio\u201d, acrescentou Milei.<\/p>\n<h2>Reformula\u00e7\u00e3o<\/h2>\n<p>O aut\u00f3dromo Oscar y Juan G\u00e1lvez, em Buenos Aires, sediou 20 Grandes Pr\u00eamios de F\u00f3rmula 1 entre 1953 e 1998.<\/p>\n<p>Atualmente, o local passa por uma reforma cuja conclus\u00e3o est\u00e1 prevista para fevereiro do ano que vem.<\/p>\n<p>Com um investimento estimado em cerca de US$ 100 milh\u00f5es (R$ 518 milh\u00f5es na cota\u00e7\u00e3o atual), as obras incluem um aumento da capacidade de p\u00fablico para 150 mil pessoas, al\u00e9m de uma remodela\u00e7\u00e3o da pista, boxes, pontos de acesso e sistemas de seguran\u00e7a.<\/p>\n<p>O projeto inclui uma pista de 4.900 metros com 15 curvas para poss\u00edveis corridas de F\u00f3rmula 1, e uma pista de 4.300 metros com 14 curvas para eventuais provas da MotoGP, que retornar\u00e1 \u00e0 Argentina em 2027, ap\u00f3s 28 anos.<\/p>\n<p><strong>*Conte\u00fado produzido pela AFP<\/strong><\/p>\n<p><strong>Veja tamb\u00e9m:<br \/>\n<a href=\"https:\/\/www.gazetaesportiva.com\/todas-as-noticias\/\">Todas as not\u00edcias da Gazeta Esportiva<\/a><br \/>\n<a href=\"https:\/\/www.youtube.com\/channel\/UCcndglQZmXnYjgE_Grqt5yg\">Canal da Gazeta Esportiva no YouTube<\/a><br \/>\n<a href=\"https:\/\/www.instagram.com\/gazetaesportiva\/\">Siga a Gazeta Esportiva no Instagram<\/a><br \/>\n<a href=\"https:\/\/whatsapp.com\/channel\/0029Va9JQFL3WHTguJNfam3U\">Participe do canal da Gazeta Esportiva no WhatsApp<\/a><\/strong><\/p>\n<p>\u00a0<\/p>\n<p>O post <a href=\"https:\/\/www.gazetaesportiva.com\/motor\/formula-1\/javier-milei-pede-a-fia-retorno-da-formula-1-a-argentina\/\">Javier Milei pede \u00e0 FIA retorno da F\u00f3rmula 1 \u00e0 Argentina<\/a> apareceu primeiro em <a href=\"https:\/\/www.gazetaesportiva.com\">Gazeta Esportiva<\/a>.<\/p>\n","protected":false},"excerpt":{"rendered":"<p>O presidente da Argentina, Javier Milei, defendeu o retorno da F\u00f3rmula 1 ao pa\u00eds ao discursar nesta segunda-feira<\/p>\n","protected":false},"author":1,"featured_media":11526,"comment_status":"open","ping_status":"open","sticky":false,"template":"","format":"standard","meta":{"footnotes":""},"categories":[71],"tags":[],"class_list":["post-11525","post","type-post","status-publish","format-standard","has-post-thumbnail","hentry","category-esportes-news"],"_links":{"self":[{"href":"https:\/\/portalbahianoticia.com.br\/index.php?rest_route=\/wp\/v2\/posts\/11525","targetHints":{"allow":["GET"]}}],"collection":[{"href":"https:\/\/portalbahianoticia.com.br\/index.php?rest_route=\/wp\/v2\/posts"}],"about":[{"href":"https:\/\/portalbahianoticia.com.br\/index.php?rest_route=\/wp\/v2\/types\/post"}],"author":[{"embeddable":true,"href":"https:\/\/portalbahianoticia.com.br\/index.php?rest_route=\/wp\/v2\/users\/1"}],"replies":[{"embeddable":true,"href":"https:\/\/portalbahianoticia.com.br\/index.php?rest_route=%2Fwp%2Fv2%2Fcomments&post=11525"}],"version-history":[{"count":0,"href":"https:\/\/portalbahianoticia.com.br\/index.php?rest_route=\/wp\/v2\/posts\/11525\/revisions"}],"wp:featuredmedia":[{"embeddable":true,"href":"https:\/\/portalbahianoticia.com.br\/index.php?rest_route=\/wp\/v2\/media\/11526"}],"wp:attachment":[{"href":"https:\/\/portalbahianoticia.com.br\/index.php?rest_route=%2Fwp%2Fv2%2Fmedia&parent=11525"}],"wp:term":[{"taxonomy":"category","embeddable":true,"href":"https:\/\/portalbahianoticia.com.br\/index.php?rest_route=%2Fwp%2Fv2%2Fcategories&post=11525"},{"taxonomy":"post_tag","embeddable":true,"href":"https:\/\/portalbahianoticia.com.br\/index.php?rest_route=%2Fwp%2Fv2%2Ftags&post=11525"}],"curies":[{"name":"wp","href":"https:\/\/api.w.org\/{rel}","templated":true}]}}