{"id":11523,"date":"2026-08-31T19:13:24","date_gmt":"2026-08-31T22:13:24","guid":{"rendered":"https:\/\/portalbahianoticia.com.br\/?p=11523"},"modified":"2026-08-31T19:13:24","modified_gmt":"2026-08-31T22:13:24","slug":"sub-17-do-sao-paulo-cede-empate-ao-dinamo-zagreb-em-estreia-no-mundial-juvenil","status":"publish","type":"post","link":"https:\/\/portalbahianoticia.com.br\/?p=11523","title":{"rendered":"Sub-17 do S\u00e3o Paulo cede empate ao Dinamo Zagreb em estreia no Mundial Juvenil"},"content":{"rendered":"<p>O sub-17 do <a href=\"https:\/\/www.gazetaesportiva.com\/times\/sao-paulo\/\"><strong>S\u00e3o Paulo<\/strong><\/a> empatou em 2 a 2 com o GNK Dinamo Zagreb, da Cro\u00e1cia, nesta segunda-feira, no Campo Villanueva de C\u00f3rdoba, em Villanueva (Espanha), pela primeira rodada do Mundial de Clubes Juvenil. Os gols tricolores foram anotados por Brenno e Robert.<\/p>\n<p>A equipe do t\u00e9cnico Alexandre Torrezan foi a campo com: Jo\u00e3o Soato; Jo\u00e3o Bispo; Kau\u00e3 Daniel, Lucas Miranda e Luan; Kau\u00e3 Edmar, Aguilar e Robert; Davi Pena, Zabarelli e Brenno.<\/p>\n<p>Com o empate, o duelo encaminhou-se aos p\u00eanaltis. Na disputa pelo ponto extra nas penalidades, a equipe s\u00e3o-paulina foi derrotada por 3 a 2.<\/p>\n<p>O S\u00e3o Paulo volta a campo contra o Sporting, de Portugal, \u00e0s 15h (de Bras\u00edlia) desta quarta-feira, em Palma del R\u00edo. J\u00e1 no dia seguinte, encerra a primeira fase encarando o M\u00e1laga, tamb\u00e9m a partir das 15h, em Cabra.<\/p>\n<h2><strong>Os gols do jogo<\/strong><\/h2>\n<p>O S\u00e3o Paulo abriu o placar aos quatro minutos, ap\u00f3s Brenno sofrer p\u00eanalti e converter. Aos oito minutos, o advers\u00e1rio empatou, mas logo o Tricolor voltou a frente no placar com Robert, que finalizou e marcou aos 13.<\/p>\n<p>Na segunda etapa, o Dinamo Zagreb soube sair da press\u00e3o s\u00e3o-paulina e deixou tudo igual no marcador aos 38 minutos. e aos 38 empatou o placar. Na disputa pelo ponto extra nas penalidades, o S\u00e3o Paulo foi derrotada por 3 a 2.<\/p>\n<blockquote class=\"twitter-tweet\">\n<p dir=\"ltr\" lang=\"pt\"><img decoding=\"async\" src=\"https:\/\/s.w.org\/images\/core\/emoji\/17.0.2\/72x72\/1f1fe.png\" alt=\"\ud83c\uddfe\" class=\"wp-smiley\" style=\"height: 1em; max-height: 1em;\" \/><img decoding=\"async\" src=\"https:\/\/s.w.org\/images\/core\/emoji\/17.0.2\/72x72\/1f1ea-1f1ea.png\" alt=\"\ud83c\uddea\ud83c\uddea\" class=\"wp-smiley\" style=\"height: 1em; max-height: 1em;\" \/><img decoding=\"async\" src=\"https:\/\/s.w.org\/images\/core\/emoji\/17.0.2\/72x72\/1f1f8.png\" alt=\"\ud83c\uddf8\" class=\"wp-smiley\" style=\"height: 1em; max-height: 1em;\" \/> <a href=\"https:\/\/x.com\/hashtag\/MadeInCotia?src=hash&#038;ref_src=twsrc%5Etfw\">#MadeInCotia<\/a> estreia com empate no Mundial de Clubes Juvenil<\/p>\n<p>Nesta segunda-feira (31), o Sub-17 do Tricolor estreou no Mundial de Clubes Juvenil, na Espanha. Em Villanueva de C\u00f3rdoba, o S\u00e3o Paulo empatou por 2 a 2 com o GNK Dinamo Zagreb, com gols de Brenno e Robert.<\/p>\n<p>Saiba\u2026 <a href=\"https:\/\/t.co\/myOH3wSAnl\">pic.twitter.com\/myOH3wSAnl<\/a><\/p>\n<p>\u2014 S\u00e3o Paulo FC (@SaoPauloFC) <a href=\"https:\/\/x.com\/SaoPauloFC\/status\/2094538429849600232?ref_src=twsrc%5Etfw\">August 31, 2026<\/a><\/p>\n<\/blockquote>\n<p><script async src=\"https:\/\/platform.x.com\/widgets.js\" charset=\"utf-8\"><\/script><\/p>\n<p>O post <a href=\"https:\/\/www.gazetaesportiva.com\/times\/sao-paulo\/sao-paulo-sub-17-estreia-empate-mundial\/\">Sub-17 do S\u00e3o Paulo cede empate ao Dinamo Zagreb em estreia no Mundial Juvenil<\/a> apareceu primeiro em <a href=\"https:\/\/www.gazetaesportiva.com\">Gazeta Esportiva<\/a>.<\/p>\n","protected":false},"excerpt":{"rendered":"<p>O sub-17 do S\u00e3o Paulo empatou em 2 a 2 com o GNK Dinamo Zagreb, da Cro\u00e1cia, nesta<\/p>\n","protected":false},"author":1,"featured_media":11524,"comment_status":"open","ping_status":"open","sticky":false,"template":"","format":"standard","meta":{"footnotes":""},"categories":[71],"tags":[],"class_list":["post-11523","post","type-post","status-publish","format-standard","has-post-thumbnail","hentry","category-esportes-news"],"_links":{"self":[{"href":"https:\/\/portalbahianoticia.com.br\/index.php?rest_route=\/wp\/v2\/posts\/11523","targetHints":{"allow":["GET"]}}],"collection":[{"href":"https:\/\/portalbahianoticia.com.br\/index.php?rest_route=\/wp\/v2\/posts"}],"about":[{"href":"https:\/\/portalbahianoticia.com.br\/index.php?rest_route=\/wp\/v2\/types\/post"}],"author":[{"embeddable":true,"href":"https:\/\/portalbahianoticia.com.br\/index.php?rest_route=\/wp\/v2\/users\/1"}],"replies":[{"embeddable":true,"href":"https:\/\/portalbahianoticia.com.br\/index.php?rest_route=%2Fwp%2Fv2%2Fcomments&post=11523"}],"version-history":[{"count":0,"href":"https:\/\/portalbahianoticia.com.br\/index.php?rest_route=\/wp\/v2\/posts\/11523\/revisions"}],"wp:featuredmedia":[{"embeddable":true,"href":"https:\/\/portalbahianoticia.com.br\/index.php?rest_route=\/wp\/v2\/media\/11524"}],"wp:attachment":[{"href":"https:\/\/portalbahianoticia.com.br\/index.php?rest_route=%2Fwp%2Fv2%2Fmedia&parent=11523"}],"wp:term":[{"taxonomy":"category","embeddable":true,"href":"https:\/\/portalbahianoticia.com.br\/index.php?rest_route=%2Fwp%2Fv2%2Fcategories&post=11523"},{"taxonomy":"post_tag","embeddable":true,"href":"https:\/\/portalbahianoticia.com.br\/index.php?rest_route=%2Fwp%2Fv2%2Ftags&post=11523"}],"curies":[{"name":"wp","href":"https:\/\/api.w.org\/{rel}","templated":true}]}}