{"id":11521,"date":"2026-08-31T19:13:25","date_gmt":"2026-08-31T22:13:25","guid":{"rendered":"https:\/\/portalbahianoticia.com.br\/?p=11521"},"modified":"2026-08-31T19:13:25","modified_gmt":"2026-08-31T22:13:25","slug":"corinthians-ganha-dia-de-folga-apos-derrota-para-o-santos","status":"publish","type":"post","link":"https:\/\/portalbahianoticia.com.br\/?p=11521","title":{"rendered":"Corinthians ganha dia de folga ap\u00f3s derrota para o Santos"},"content":{"rendered":"<p>O elenco do <a href=\"http:\/\/gazetaesportiva.com\/times\/corinthians\"><strong>Corinthians<\/strong><\/a> ganhou a segunda-feira de folga antes de iniciar a prepara\u00e7\u00e3o para o jogo contra a Chapecoense, no pr\u00f3ximo domingo, pela 26\u00aa rodada do <strong>Campeonato Brasileiro<\/strong>. A equipe de Fernando Diniz foi liberada nesta segunda e volta aos trabalhos no CT Joaquim Grava nesta ter\u00e7a-feira.<\/p>\n<p><a href=\"https:\/\/www.gazetaesportiva.com\/campeonatos\/brasileiro-serie-a\/corinthians-x-santos-campeonato-brasileiro-30-08-2026\/\"><strong>A equipe recebeu o Santos e perdeu por 1 a 0 para o Alvinegro Praiano<\/strong><\/a>, no \u00faltimo domingo, em plena Neo Qu\u00edmica Arena. Desde a retomada do calend\u00e1rio ap\u00f3s a pausa para a Copa do Mundo, esta ser\u00e1 apenas a segunda semana do Corinthians sem compromissos oficiais.<\/p>\n<p>A \u00faltima vez que o Tim\u00e3o teve uma semana livre \u2013 al\u00e9m da pausa para a Copa do Mundo \u2013 foi justamente na semana passada, ap\u00f3s a derrota para o Coritiba. Antes disso, havia ocorrido durante a Data Fifa de mar\u00e7o, quando ficou sem jogar entre 22 de mar\u00e7o e 1\u00ba de abril.<\/p>\n<div class='fotorama' data-click='false' data-nav='thumbs' data-allowfullscreen='true'><a data-caption='\n\n<div class=\"fotorama_legenda_galeria\">(Foto: Rodrigo Coca \/ Ag. Corinthians)<\/div>\n<p>&#8216; href=&#8217;https:\/\/static.gazetaesportiva.com\/uploads\/2026\/08\/248234-963&#215;1024.webp&#8217; data-thumb=&#8217;https:\/\/static.gazetaesportiva.com\/uploads\/2026\/08\/248234-963&#215;1024.webp&#8217;><\/a><a data-caption='\n\n<div class=\"fotorama_legenda_galeria\">(Foto: Rodrigo Coca \/ Ag. Corinthians)<\/div>\n<p>&#8216; href=&#8217;https:\/\/static.gazetaesportiva.com\/uploads\/2026\/08\/248236-930&#215;1024.webp&#8217; data-thumb=&#8217;https:\/\/static.gazetaesportiva.com\/uploads\/2026\/08\/248236-930&#215;1024.webp&#8217;><\/a><a data-caption='\n\n<div class=\"fotorama_legenda_galeria\">(Foto: Divulga\u00e7\u00e3o \/ Santos)<\/div>\n<p>&#8216; href=&#8217;https:\/\/static.gazetaesportiva.com\/uploads\/2026\/08\/HQ_pM9JWMAA0rhA.webp&#8217; data-thumb=&#8217;https:\/\/static.gazetaesportiva.com\/uploads\/2026\/08\/HQ_pM9JWMAA0rhA.webp&#8217;><\/a><a data-caption='\n\n<div class=\"fotorama_legenda_galeria\">(Foto: Divulga\u00e7\u00e3o \/ Santos)<\/div>\n<p>&#8216; href=&#8217;https:\/\/static.gazetaesportiva.com\/uploads\/2026\/08\/HQ_pD96XAAAjAXU-1024&#215;650.webp&#8217; data-thumb=&#8217;https:\/\/static.gazetaesportiva.com\/uploads\/2026\/08\/HQ_pD96XAAAjAXU-1024&#215;650.webp&#8217;><\/a><a data-caption='\n\n<div class=\"fotorama_legenda_galeria\">(Foto: Rodrigo Coca \/ Ag. Corinthians)<\/div>\n<p>&#8216; href=&#8217;https:\/\/static.gazetaesportiva.com\/uploads\/2026\/08\/248232-976&#215;1024.webp&#8217; data-thumb=&#8217;https:\/\/static.gazetaesportiva.com\/uploads\/2026\/08\/248232-976&#215;1024.webp&#8217;><\/a><a data-caption='\n\n<div class=\"fotorama_legenda_galeria\">(Foto: Rodrigo Coca \/ Ag. Corinthians)<\/div>\n<p>&#8216; href=&#8217;https:\/\/static.gazetaesportiva.com\/uploads\/2026\/08\/248243-993&#215;1024.webp&#8217; data-thumb=&#8217;https:\/\/static.gazetaesportiva.com\/uploads\/2026\/08\/248243-993&#215;1024.webp&#8217;><\/a><a data-caption='\n\n<div class=\"fotorama_legenda_galeria\">(Foto: Rodrigo Coca \/ Ag. Corinthians)<\/div>\n<p>&#8216; href=&#8217;https:\/\/static.gazetaesportiva.com\/uploads\/2026\/08\/248244-898&#215;1024.webp&#8217; data-thumb=&#8217;https:\/\/static.gazetaesportiva.com\/uploads\/2026\/08\/248244-898&#215;1024.webp&#8217;><\/a><a data-caption='\n\n<div class=\"fotorama_legenda_galeria\">(Foto: Rodrigo Coca \/ Ag. Corinthians)<\/div>\n<p>&#8216; href=&#8217;https:\/\/static.gazetaesportiva.com\/uploads\/2026\/08\/248248-946&#215;1024.webp&#8217; data-thumb=&#8217;https:\/\/static.gazetaesportiva.com\/uploads\/2026\/08\/248248-946&#215;1024.webp&#8217;><\/a><\/div>\n<p><\/p>\n<p>O per\u00edodo livre ocorre ap\u00f3s a elimina\u00e7\u00e3o nas oitavas de final da Copa do Brasil para o Internacional, j\u00e1 que os jogos de volta das quartas de final est\u00e3o marcados para o meio desta semana.<\/p>\n<p>Dessa forma, com o Corinthians se reapresentando na ter\u00e7a-feira, a equipe ter\u00e1 <strong>cinco dias de prepara\u00e7\u00e3o para enfrentar a Chapecoense<\/strong>. Os dois times entram em campo neste domingo, \u00e0s 19h30 (de Bras\u00edlia), na Neo Qu\u00edmica Arena.<\/p>\n<p>Depois dessa semana livre, o Corinthians volta a encarar um calend\u00e1rio apertado, j\u00e1 que est\u00e1 vivo na Copa Libertadores. O Alvinegro encara o Estudiantes nas quartas de final do torneio continental, <strong>com jogos nos dias 9 e 16 de setembro<\/strong>.<\/p>\n<p><strong>Veja tamb\u00e9m:<\/strong><br \/>\n<a href=\"https:\/\/www.gazetaesportiva.com\/todas-as-noticias\/\">Todas as not\u00edcias da Gazeta Esportiva<\/a><br \/>\n<strong><a href=\"https:\/\/www.youtube.com\/channel\/UCcndglQZmXnYjgE_Grqt5yg\">Canal da Gazeta Esportiva no YouTube<\/a><\/strong><br \/>\n<strong><a href=\"https:\/\/www.instagram.com\/gazetaesportiva\/\">Siga a Gazeta Esportiva no Instagram<\/a><br \/>\n<\/strong><strong><a href=\"https:\/\/whatsapp.com\/channel\/0029Va9JQFL3WHTguJNfam3U\">Participe do canal da Gazeta Esportiva no WhatsApp<\/a><\/strong><\/p>\n<h2>Fase do Corinthians<\/h2>\n<p>Fora da Copa do Brasil, o Corinthians ter\u00e1 semana livre para se preparar para o jogo contra a Chapecoense. O duelo est\u00e1 agendado para o pr\u00f3ximo domingo, \u00e0s 19h30 (de Bras\u00edlia), novamente na Neo Qu\u00edmica Arena. Com a derrota no cl\u00e1ssico, o Corinthians segue na 10\u00aa posi\u00e7\u00e3o do Campeonato Brasileiro, com 32 pontos.<\/p>\n<h2>Pr\u00f3ximos jogos do Corinthians<\/h2>\n<p><strong>Jogo: Corinthians x Chapecoense<\/strong><br \/>\nCompeti\u00e7\u00e3o: Campeonato Brasileiro (26\u00aa rodada)<br \/>\nData e hora: 06\/09 (domingo), \u00e0s 19h30 (de Bras\u00edlia)<br \/>\nLocal: Neo Qu\u00edmica Arena, em S\u00e3o Paulo (SP)<\/p>\n<p><strong>Jogo: Estudiantes x Corinthians<\/strong><br \/>\nCompeti\u00e7\u00e3o: Copa Libertadores (jogo de ida das quartas de final)<br \/>\nData e hora: 09\/09 (quarta-feira), \u00e0s 21h30 (de Bras\u00edlia)<br \/>\nLocal: Est\u00e1dio Jorge Luis Hirschi, em La Plata, na Argentina<\/p>\n<div class=\"dugout-video dugout-embed-eyJrZXkiOiIiLCJwIjoiZ2F6ZXRhZXNwb3J0aXZhIiwicGwiOiI0a2hoSjVCWCJ9\"><\/div>\n<p><script type=\"text\/javascript\" src=\"https:\/\/embed.onefootball.com\/inline\/gazetaesportiva.js\"><\/script><\/p>\n<p>O post <a href=\"https:\/\/www.gazetaesportiva.com\/times\/corinthians\/corinthians-ganha-dia-de-folga-apos-derrota-para-o-santos\/\">Corinthians ganha dia de folga ap\u00f3s derrota para o Santos<\/a> apareceu primeiro em <a href=\"https:\/\/www.gazetaesportiva.com\">Gazeta Esportiva<\/a>.<\/p>\n","protected":false},"excerpt":{"rendered":"<p>O elenco do Corinthians ganhou a segunda-feira de folga antes de iniciar a prepara\u00e7\u00e3o para o jogo contra<\/p>\n","protected":false},"author":1,"featured_media":11522,"comment_status":"open","ping_status":"open","sticky":false,"template":"","format":"standard","meta":{"footnotes":""},"categories":[71],"tags":[],"class_list":["post-11521","post","type-post","status-publish","format-standard","has-post-thumbnail","hentry","category-esportes-news"],"_links":{"self":[{"href":"https:\/\/portalbahianoticia.com.br\/index.php?rest_route=\/wp\/v2\/posts\/11521","targetHints":{"allow":["GET"]}}],"collection":[{"href":"https:\/\/portalbahianoticia.com.br\/index.php?rest_route=\/wp\/v2\/posts"}],"about":[{"href":"https:\/\/portalbahianoticia.com.br\/index.php?rest_route=\/wp\/v2\/types\/post"}],"author":[{"embeddable":true,"href":"https:\/\/portalbahianoticia.com.br\/index.php?rest_route=\/wp\/v2\/users\/1"}],"replies":[{"embeddable":true,"href":"https:\/\/portalbahianoticia.com.br\/index.php?rest_route=%2Fwp%2Fv2%2Fcomments&post=11521"}],"version-history":[{"count":0,"href":"https:\/\/portalbahianoticia.com.br\/index.php?rest_route=\/wp\/v2\/posts\/11521\/revisions"}],"wp:featuredmedia":[{"embeddable":true,"href":"https:\/\/portalbahianoticia.com.br\/index.php?rest_route=\/wp\/v2\/media\/11522"}],"wp:attachment":[{"href":"https:\/\/portalbahianoticia.com.br\/index.php?rest_route=%2Fwp%2Fv2%2Fmedia&parent=11521"}],"wp:term":[{"taxonomy":"category","embeddable":true,"href":"https:\/\/portalbahianoticia.com.br\/index.php?rest_route=%2Fwp%2Fv2%2Fcategories&post=11521"},{"taxonomy":"post_tag","embeddable":true,"href":"https:\/\/portalbahianoticia.com.br\/index.php?rest_route=%2Fwp%2Fv2%2Ftags&post=11521"}],"curies":[{"name":"wp","href":"https:\/\/api.w.org\/{rel}","templated":true}]}}