{"id":11519,"date":"2026-08-31T19:13:26","date_gmt":"2026-08-31T22:13:26","guid":{"rendered":"https:\/\/portalbahianoticia.com.br\/?p=11519"},"modified":"2026-08-31T19:13:26","modified_gmt":"2026-08-31T22:13:26","slug":"organizada-do-corinthians-repudia-hostilizacao-de-crianca-e-convida-familia-para-sede","status":"publish","type":"post","link":"https:\/\/portalbahianoticia.com.br\/?p=11519","title":{"rendered":"Organizada do Corinthians repudia hostiliza\u00e7\u00e3o de crian\u00e7a e convida fam\u00edlia para sede"},"content":{"rendered":"<p>O Gavi\u00f5es da Fiel, a principal organizada do <a href=\"http:\/\/gazetaesportiva.com\/times\/corinthians\"><strong>Corinthians<\/strong><\/a>, se manifestou nesta segunda-feira sobre o caso do garoto de oito anos que foi hostilizado por torcedores na Neo Qu\u00edmica Arena ap\u00f3s receber a camisa de Neymar. Em nota oficial, a organizada condenou a hostiliza\u00e7\u00e3o e convidou a fam\u00edlia da crian\u00e7a para a sede do Gavi\u00f5es.<\/p>\n<p>O caso ocorreu ap\u00f3s a <a href=\"https:\/\/www.gazetaesportiva.com\/campeonatos\/brasileiro-serie-a\/corinthians-x-santos-campeonato-brasileiro-30-08-2026\/\"><strong>vit\u00f3ria do Santos por 1 a 0 sobre o Corinthians<\/strong><\/a>, no \u00faltimo domingo, pelo <strong>Campeonato Brasileiro<\/strong>. Torcedor corintiano e f\u00e3 de Neymar, o menino recebeu de presente a camisa usada pelo atacante santista na partida, se emocionou com o gesto, mas acabou sendo alvo de hostilidade de parte dos presentes no est\u00e1dio, precisando deixar o local sob escolta.<\/p>\n<blockquote class=\"instagram-media\" style=\"background: #FFF; border: 0; border-radius: 3px; box-shadow: 0 0 1px 0 rgba(0,0,0,0.5),0 1px 10px 0 rgba(0,0,0,0.15); margin: 1px; max-width: 540px; min-width: 326px; padding: 0; width: calc(100% - 2px);\" data-instgrm-captioned=\"\" data-instgrm-permalink=\"https:\/\/www.instagram.com\/reel\/Dcrf1eupgzc\/?utm_source=ig_embed&#038;utm_campaign=loading\" data-instgrm-version=\"14\">\n<div style=\"padding: 16px;\">\n<p>\u00a0<\/p>\n<div style=\"display: flex; flex-direction: row; align-items: center;\">\n<div style=\"background-color: #f4f4f4; border-radius: 50%; flex-grow: 0; height: 40px; margin-right: 14px; width: 40px;\"><\/div>\n<div style=\"display: flex; flex-direction: column; flex-grow: 1; justify-content: center;\">\n<div style=\"background-color: #f4f4f4; border-radius: 4px; flex-grow: 0; height: 14px; margin-bottom: 6px; width: 100px;\"><\/div>\n<div style=\"background-color: #f4f4f4; border-radius: 4px; flex-grow: 0; height: 14px; width: 60px;\"><\/div>\n<\/div>\n<\/div>\n<div style=\"padding: 19% 0;\"><\/div>\n<div style=\"display: block; height: 50px; margin: 0 auto 12px; width: 50px;\"><\/div>\n<div style=\"padding-top: 8px;\">\n<div style=\"color: #3897f0; font-family: Arial,sans-serif; font-size: 14px; font-style: normal; font-weight: 550; line-height: 18px;\">Ver essa foto no Instagram<\/div>\n<\/div>\n<div style=\"padding: 12.5% 0;\"><\/div>\n<div style=\"display: flex; flex-direction: row; margin-bottom: 14px; align-items: center;\">\n<div>\n<div style=\"background-color: #f4f4f4; border-radius: 50%; height: 12.5px; width: 12.5px; transform: translateX(0px) translateY(7px);\"><\/div>\n<div style=\"background-color: #f4f4f4; height: 12.5px; transform: rotate(-45deg) translateX(3px) translateY(1px); width: 12.5px; flex-grow: 0; margin-right: 14px; margin-left: 2px;\"><\/div>\n<div style=\"background-color: #f4f4f4; border-radius: 50%; height: 12.5px; width: 12.5px; transform: translateX(9px) translateY(-18px);\"><\/div>\n<\/div>\n<div style=\"margin-left: 8px;\">\n<div style=\"background-color: #f4f4f4; border-radius: 50%; flex-grow: 0; height: 20px; width: 20px;\"><\/div>\n<div style=\"width: 0; height: 0; border-top: 2px solid transparent; border-left: 6px solid #f4f4f4; border-bottom: 2px solid transparent; transform: translateX(16px) translateY(-4px) rotate(30deg);\"><\/div>\n<\/div>\n<div style=\"margin-left: auto;\">\n<div style=\"width: 0px; border-top: 8px solid #F4F4F4; border-right: 8px solid transparent; transform: translateY(16px);\"><\/div>\n<div style=\"background-color: #f4f4f4; flex-grow: 0; height: 12px; width: 16px; transform: translateY(-4px);\"><\/div>\n<div style=\"width: 0; height: 0; border-top: 8px solid #F4F4F4; border-left: 8px solid transparent; transform: translateY(-4px) translateX(8px);\"><\/div>\n<\/div>\n<\/div>\n<div style=\"display: flex; flex-direction: column; flex-grow: 1; justify-content: center; margin-bottom: 24px;\">\n<div style=\"background-color: #f4f4f4; border-radius: 4px; flex-grow: 0; height: 14px; margin-bottom: 6px; width: 224px;\"><\/div>\n<div style=\"background-color: #f4f4f4; border-radius: 4px; flex-grow: 0; height: 14px; width: 144px;\"><\/div>\n<\/div>\n<p>\u00a0<\/p>\n<p style=\"color: #c9c8cd; font-family: Arial,sans-serif; font-size: 14px; line-height: 17px; margin-bottom: 0; margin-top: 8px; overflow: hidden; padding: 8px 0 7px; text-align: center; text-overflow: ellipsis; white-space: nowrap;\"><a style=\"color: #c9c8cd; font-family: Arial,sans-serif; font-size: 14px; font-style: normal; font-weight: normal; line-height: 17px; text-decoration: none;\" href=\"https:\/\/www.instagram.com\/reel\/Dcrf1eupgzc\/?utm_source=ig_embed&#038;utm_campaign=loading\" target=\"_blank\" rel=\"noopener\">Um post compartilhado por Paulista\u0303o (@paulistao)<\/a><\/p>\n<\/div>\n<\/blockquote>\n<p><script async src=\"\/\/www.instagram.com\/embed.js\"><\/script>Na nota, a organizada afirmou que \u00e9 contra qualquer tipo de viol\u00eancia, sobretudo contra crian\u00e7as. A torcida ainda disse que o <strong>futebol brasileiro precisa de \u00eddolos geracionais<\/strong>, relembrando a homenagem dos torcedores para Pel\u00e9 em seu \u00faltimo Cl\u00e1ssico Alvinegro, em 1974.<\/p>\n<p>\u201cAo longo de sua hist\u00f3ria, o Gavi\u00f5es sempre demonstrou respeito \u00e0s grandes personalidades do futebol, acima de compara\u00e7\u00f5es e rivalidades. Em 29 de setembro de 1974, mesmo durante o longo per\u00edodo sem t\u00edtulos do Corinthians, a entidade homenageou Pel\u00e9 em seu \u00faltimo cl\u00e1ssico contra o Tim\u00e3o, no Pacaembu. Na ocasi\u00e3o, Pel\u00e9 recebeu uma placa entregue pelo saudoso Alcides Jorge de Souza Piva, o Joca, enquanto uma faixa trazia a mensagem: \u201c<strong>Gavi\u00f5es: maior que Pel\u00e9, s\u00f3 a Fiel<\/strong>\u201c.\u201d, escreveu a organizada.<\/p>\n<blockquote class=\"instagram-media\" style=\"background: #FFF; border: 0; border-radius: 3px; box-shadow: 0 0 1px 0 rgba(0,0,0,0.5),0 1px 10px 0 rgba(0,0,0,0.15); margin: 1px; max-width: 540px; min-width: 326px; padding: 0; width: calc(100% - 2px);\" data-instgrm-captioned=\"\" data-instgrm-permalink=\"https:\/\/www.instagram.com\/p\/Dct9mvvDOqT\/?utm_source=ig_embed&#038;utm_campaign=loading\" data-instgrm-version=\"14\">\n<div style=\"padding: 16px;\">\n<p>\u00a0<\/p>\n<div style=\"display: flex; flex-direction: row; align-items: center;\">\n<div style=\"background-color: #f4f4f4; border-radius: 50%; flex-grow: 0; height: 40px; margin-right: 14px; width: 40px;\"><\/div>\n<div style=\"display: flex; flex-direction: column; flex-grow: 1; justify-content: center;\">\n<div style=\"background-color: #f4f4f4; border-radius: 4px; flex-grow: 0; height: 14px; margin-bottom: 6px; width: 100px;\"><\/div>\n<div style=\"background-color: #f4f4f4; border-radius: 4px; flex-grow: 0; height: 14px; width: 60px;\"><\/div>\n<\/div>\n<\/div>\n<div style=\"padding: 19% 0;\"><\/div>\n<div style=\"display: block; height: 50px; margin: 0 auto 12px; width: 50px;\"><\/div>\n<div style=\"padding-top: 8px;\">\n<div style=\"color: #3897f0; font-family: Arial,sans-serif; font-size: 14px; font-style: normal; font-weight: 550; line-height: 18px;\">Ver essa foto no Instagram<\/div>\n<\/div>\n<div style=\"padding: 12.5% 0;\"><\/div>\n<div style=\"display: flex; flex-direction: row; margin-bottom: 14px; align-items: center;\">\n<div>\n<div style=\"background-color: #f4f4f4; border-radius: 50%; height: 12.5px; width: 12.5px; transform: translateX(0px) translateY(7px);\"><\/div>\n<div style=\"background-color: #f4f4f4; height: 12.5px; transform: rotate(-45deg) translateX(3px) translateY(1px); width: 12.5px; flex-grow: 0; margin-right: 14px; margin-left: 2px;\"><\/div>\n<div style=\"background-color: #f4f4f4; border-radius: 50%; height: 12.5px; width: 12.5px; transform: translateX(9px) translateY(-18px);\"><\/div>\n<\/div>\n<div style=\"margin-left: 8px;\">\n<div style=\"background-color: #f4f4f4; border-radius: 50%; flex-grow: 0; height: 20px; width: 20px;\"><\/div>\n<div style=\"width: 0; height: 0; border-top: 2px solid transparent; border-left: 6px solid #f4f4f4; border-bottom: 2px solid transparent; transform: translateX(16px) translateY(-4px) rotate(30deg);\"><\/div>\n<\/div>\n<div style=\"margin-left: auto;\">\n<div style=\"width: 0px; border-top: 8px solid #F4F4F4; border-right: 8px solid transparent; transform: translateY(16px);\"><\/div>\n<div style=\"background-color: #f4f4f4; flex-grow: 0; height: 12px; width: 16px; transform: translateY(-4px);\"><\/div>\n<div style=\"width: 0; height: 0; border-top: 8px solid #F4F4F4; border-left: 8px solid transparent; transform: translateY(-4px) translateX(8px);\"><\/div>\n<\/div>\n<\/div>\n<div style=\"display: flex; flex-direction: column; flex-grow: 1; justify-content: center; margin-bottom: 24px;\">\n<div style=\"background-color: #f4f4f4; border-radius: 4px; flex-grow: 0; height: 14px; margin-bottom: 6px; width: 224px;\"><\/div>\n<div style=\"background-color: #f4f4f4; border-radius: 4px; flex-grow: 0; height: 14px; width: 144px;\"><\/div>\n<\/div>\n<p>\u00a0<\/p>\n<p style=\"color: #c9c8cd; font-family: Arial,sans-serif; font-size: 14px; line-height: 17px; margin-bottom: 0; margin-top: 8px; overflow: hidden; padding: 8px 0 7px; text-align: center; text-overflow: ellipsis; white-space: nowrap;\"><a style=\"color: #c9c8cd; font-family: Arial,sans-serif; font-size: 14px; font-style: normal; font-weight: normal; line-height: 17px; text-decoration: none;\" href=\"https:\/\/www.instagram.com\/p\/Dct9mvvDOqT\/?utm_source=ig_embed&#038;utm_campaign=loading\" target=\"_blank\" rel=\"noopener\">Um post compartilhado por Gavio\u0303es da Fiel (@gavioesoficial)<\/a><\/p>\n<\/div>\n<\/blockquote>\n<p><script async src=\"\/\/www.instagram.com\/embed.js\"><\/script>Antes da nota da organizada do Corinthians, o <a href=\"https:\/\/www.gazetaesportiva.com\/times\/corinthians\/corinthians-repudia-comportamento-agressivo-contra-crianca-que-ganhou-camisa-de-neymar\/\"><strong>clube tamb\u00e9m havia escrito uma nota de rep\u00fadio, na manh\u00e3 desta segunda-feira<\/strong><\/a>. Neymar tamb\u00e9m se pronunciou logo depois da partida, criticando a rea\u00e7\u00e3o dos torcedores que hostilizaram a crian\u00e7a.<\/p>\n<p>\u201cIsso nunca pode ser motivo de confus\u00e3o\u2026 Gostar de um jogador que n\u00e3o \u00e9 do seu time do cora\u00e7\u00e3o faz parte!! \u00c9 uma crian\u00e7a\u2026 Qual pai ou qual m\u00e3e n\u00e3o faria a vontade do filho?\u201d, publicou o camisa 10 do Santos.<\/p>\n<div id=\"attachment_3847980\" style=\"width: 580px\" class=\"wp-caption alignnone\"><img fetchpriority=\"high\" decoding=\"async\" aria-describedby=\"caption-attachment-3847980\" class=\"wp-image-3847980 size-large\" src=\"https:\/\/static.gazetaesportiva.com\/uploads\/2026\/08\/Captura-de-tela-2026-08-31-183303-570x1024.webp\" alt=\"corinthians\" width=\"570\" height=\"1024\" srcset=\"https:\/\/static.gazetaesportiva.com\/uploads\/2026\/08\/Captura-de-tela-2026-08-31-183303-570x1024.webp 570w, https:\/\/static.gazetaesportiva.com\/uploads\/2026\/08\/Captura-de-tela-2026-08-31-183303-201x360.webp 201w, https:\/\/static.gazetaesportiva.com\/uploads\/2026\/08\/Captura-de-tela-2026-08-31-183303-150x269.webp 150w, https:\/\/static.gazetaesportiva.com\/uploads\/2026\/08\/Captura-de-tela-2026-08-31-183303.webp 665w\" sizes=\"(max-width: 570px) 100vw, 570px\" \/><\/p>\n<p id=\"caption-attachment-3847980\" class=\"wp-caption-text\">Publica\u00e7\u00e3o de Neymar em suas redes sociais. (Foto: Reprodu\u00e7\u00e3o \/ Instagram)<\/p>\n<\/div>\n<p><strong>Veja tamb\u00e9m:<\/strong><br \/>\n<a href=\"https:\/\/www.gazetaesportiva.com\/todas-as-noticias\/\">Todas as not\u00edcias da Gazeta Esportiva<\/a><br \/>\n<strong><a href=\"https:\/\/www.youtube.com\/channel\/UCcndglQZmXnYjgE_Grqt5yg\">Canal da Gazeta Esportiva no YouTube<\/a><\/strong><br \/>\n<strong><a href=\"https:\/\/www.instagram.com\/gazetaesportiva\/\">Siga a Gazeta Esportiva no Instagram<\/a><br \/>\n<\/strong><strong><a href=\"https:\/\/whatsapp.com\/channel\/0029Va9JQFL3WHTguJNfam3U\">Participe do canal da Gazeta Esportiva no WhatsApp<\/a>\u00a0<\/strong><\/p>\n<h2>Leia a nota do Gavi\u00f5es na \u00edntegra:<\/h2>\n<p><em><strong>GAVI\u00d5ES REPUDIA HOSTILIZA\u00c7\u00c3O DE CRIAN\u00c7A NA NEO QU\u00cdMICA ARENA<\/strong><\/em><\/p>\n<p><em>O Gavi\u00f5es da Fiel Torcida repudia veementemente a hostiliza\u00e7\u00e3o sofrida por uma crian\u00e7a, no setor Oeste da Neo Qu\u00edmica Arena, durante a partida deste domingo, ap\u00f3s pedir e ganhar a camisa de um jogador do time advers\u00e1rio.<\/em><\/p>\n<p><em>Somos totalmente contr\u00e1rios a qualquer ato de intimida\u00e7\u00e3o, constrangimento ou viol\u00eancia, especialmente quando envolve crian\u00e7as. N\u00e3o admitimos nem compactuamos com atitudes covardes que exponham crian\u00e7as a agress\u00f5es f\u00edsicas ou psicol\u00f3gicas.<\/em><\/p>\n<p><em>Entendemos que cabe aos pais e respons\u00e1veis orientar crian\u00e7as e adolescentes sobre comportamentos adequados nos ambientes esportivos, contribuindo para uma conviv\u00eancia respeitosa entre os torcedores. No entanto, nada justifica agress\u00f5es ou intimida\u00e7\u00f5es contra uma crian\u00e7a.<\/em><\/p>\n<p><em>O futebol brasileiro precisa de \u00eddolos, e \u00e9 fundamental que as novas gera\u00e7\u00f5es vivam sua paix\u00e3o pelo esporte de forma saud\u00e1vel, respeitosa e segura.<\/em><\/p>\n<p><em>Ao longo de sua hist\u00f3ria, o Gavi\u00f5es sempre demonstrou respeito \u00e0s grandes personalidades do futebol, acima de compara\u00e7\u00f5es e rivalidades. Em 29 de setembro de 1974, mesmo durante o longo per\u00edodo sem t\u00edtulos do Corinthians, a entidade homenageou Pel\u00e9 em seu \u00faltimo cl\u00e1ssico contra o Tim\u00e3o, no Pacaembu. Na ocasi\u00e3o, Pel\u00e9 recebeu uma placa entregue pelo saudoso Alcides Jorge de Souza Piva, o Joca, enquanto uma faixa trazia a mensagem: \u201cGavi\u00f5es: maior que Pel\u00e9, s\u00f3 a Fiel.\u201d<\/em><\/p>\n<p><em>A diretoria do Gavi\u00f5es j\u00e1 entrou em contato com a fam\u00edlia e receber\u00e1 a crian\u00e7a em nossa sede, reafirmando que somos protetores dos corinthianos e n\u00e3o compactuamos com qualquer forma de viol\u00eancia ou constrangimento.<\/em><\/p>\n<p><em>Reafirmamos nosso compromisso com o respeito, a democracia e a prote\u00e7\u00e3o de crian\u00e7as e adolescentes. Nenhuma paix\u00e3o por um clube pode justificar a covardia contra uma crian\u00e7a.<\/em><\/p>\n<div class=\"dugout-video dugout-embed-eyJrZXkiOiIiLCJwIjoiZ2F6ZXRhZXNwb3J0aXZhIiwicGwiOiI0a2hoSjVCWCJ9\"><\/div>\n<p><script type=\"text\/javascript\" src=\"https:\/\/embed.onefootball.com\/inline\/gazetaesportiva.js\"><\/script><\/p>\n<p>O post <a href=\"https:\/\/www.gazetaesportiva.com\/times\/corinthians\/organizada-do-corinthians-repudia-hostilizacao-de-crianca-e-convida-familia-para-sede\/\">Organizada do Corinthians repudia hostiliza\u00e7\u00e3o de crian\u00e7a e convida fam\u00edlia para sede<\/a> apareceu primeiro em <a href=\"https:\/\/www.gazetaesportiva.com\">Gazeta Esportiva<\/a>.<\/p>\n","protected":false},"excerpt":{"rendered":"<p>O Gavi\u00f5es da Fiel, a principal organizada do Corinthians, se manifestou nesta segunda-feira sobre o caso do garoto<\/p>\n","protected":false},"author":1,"featured_media":11520,"comment_status":"open","ping_status":"open","sticky":false,"template":"","format":"standard","meta":{"footnotes":""},"categories":[71],"tags":[],"class_list":["post-11519","post","type-post","status-publish","format-standard","has-post-thumbnail","hentry","category-esportes-news"],"_links":{"self":[{"href":"https:\/\/portalbahianoticia.com.br\/index.php?rest_route=\/wp\/v2\/posts\/11519","targetHints":{"allow":["GET"]}}],"collection":[{"href":"https:\/\/portalbahianoticia.com.br\/index.php?rest_route=\/wp\/v2\/posts"}],"about":[{"href":"https:\/\/portalbahianoticia.com.br\/index.php?rest_route=\/wp\/v2\/types\/post"}],"author":[{"embeddable":true,"href":"https:\/\/portalbahianoticia.com.br\/index.php?rest_route=\/wp\/v2\/users\/1"}],"replies":[{"embeddable":true,"href":"https:\/\/portalbahianoticia.com.br\/index.php?rest_route=%2Fwp%2Fv2%2Fcomments&post=11519"}],"version-history":[{"count":0,"href":"https:\/\/portalbahianoticia.com.br\/index.php?rest_route=\/wp\/v2\/posts\/11519\/revisions"}],"wp:featuredmedia":[{"embeddable":true,"href":"https:\/\/portalbahianoticia.com.br\/index.php?rest_route=\/wp\/v2\/media\/11520"}],"wp:attachment":[{"href":"https:\/\/portalbahianoticia.com.br\/index.php?rest_route=%2Fwp%2Fv2%2Fmedia&parent=11519"}],"wp:term":[{"taxonomy":"category","embeddable":true,"href":"https:\/\/portalbahianoticia.com.br\/index.php?rest_route=%2Fwp%2Fv2%2Fcategories&post=11519"},{"taxonomy":"post_tag","embeddable":true,"href":"https:\/\/portalbahianoticia.com.br\/index.php?rest_route=%2Fwp%2Fv2%2Ftags&post=11519"}],"curies":[{"name":"wp","href":"https:\/\/api.w.org\/{rel}","templated":true}]}}