{"id":11517,"date":"2026-08-31T19:13:27","date_gmt":"2026-08-31T22:13:27","guid":{"rendered":"https:\/\/portalbahianoticia.com.br\/?p=11517"},"modified":"2026-08-31T19:13:27","modified_gmt":"2026-08-31T22:13:27","slug":"stjd-descarta-punicao-ao-athletico-pr-por-suposto-ato-de-racismo-contra-ferraresi-do-botafogo","status":"publish","type":"post","link":"https:\/\/portalbahianoticia.com.br\/?p=11517","title":{"rendered":"STJD descarta puni\u00e7\u00e3o ao Athletico-PR por suposto ato de racismo contra Ferraresi, do Botafogo"},"content":{"rendered":"<p>O STJD (Superior Tribunal de Justi\u00e7a Desportiva do Futebol) definiu, nesta segunda-feira, que n\u00e3o punir\u00e1 nenhum dos envolvidos no tumulto criado pelos jogadores ap\u00f3s o fim da partida entre Botafogo e Athletico-PR, pela 24\u00aa rodada do Brasileir\u00e3o, na \u00faltima segunda.<\/p>\n<p>O duelo terminou em vit\u00f3ria da equipe paranaense por 3 a 2, no Est\u00e1dio Nilton Santos, no Rio de Janeiro.<\/p>\n<p>Durante a confus\u00e3o, o zagueiro venezuelano Nahuel Ferraresi, do time carioca, chegou a fazer o gesto de punhos cruzados sobre a cabe\u00e7a, que simboliza o protocolo de anti-racismo. Entretanto, sem que o jogador apontasse um poss\u00edvel autor de ofensa de cunho racial ou xenof\u00f3bico, nem mesmo um ato a ser denunciado, o Tribunal decidiu n\u00e3o dar prosseguimento ao processo que poderia gerar uma puni\u00e7\u00e3o ao clube advers\u00e1rio ou a um atleta respons\u00e1vel.<\/p>\n<p><strong>Veja tamb\u00e9m:<\/strong><br \/>\n<strong><a href=\"https:\/\/www.gazetaesportiva.com\/todas-as-noticias\/\">Todas as not\u00edcias da Gazeta Esportiva<\/a><\/strong><br \/>\n<strong><a href=\"https:\/\/www.youtube.com\/channel\/UCcndglQZmXnYjgE_Grqt5yg\">Canal da Gazeta Esportiva no YouTube<\/a><\/strong><br \/>\n<strong><a href=\"https:\/\/www.instagram.com\/gazetaesportiva\/\">Siga a Gazeta Esportiva no Instagram<\/a><br \/>\n<\/strong><strong><a href=\"https:\/\/whatsapp.com\/channel\/0029Va9JQFL3WHTguJNfam3U\">Participe do canal da Gazeta Esportiva no WhatsApp<\/a>\u00a0<\/strong><\/p>\n<p>\u201cA Procuradoria abriu dilig\u00eancia para apurar os fatos. Ferraresi n\u00e3o respondeu a solicita\u00e7\u00e3o encaminhada, enquanto o \u00e1rbitro Andr\u00e9 Luiz Skettino respondeu declarando ter presenciado o gesto, por\u00e9m n\u00e3o ter ouvido eventual ofensa e nem identificado a pessoa que poderia t\u00ea-la feito.\u201d, declarou a Corte.<\/p>\n<p>\u201cA Procuradoria afirmou que as dilig\u00eancias n\u00e3o permitiram esclarecer, com a seguran\u00e7a necess\u00e1ria, qual teria sido a manifesta\u00e7\u00e3o supostamente racista, seu conte\u00fado, sua autoria, seu destinat\u00e1rio ou as circunst\u00e2ncias em que teria ocorrido.\u201d, prosseguiu.<\/p>\n<p>O \u00e1rbitro Andr\u00e9 Luiz Skettino tamb\u00e9m foi denunciado pela procuradoria por n\u00e3o ter registrado em s\u00famula o gesto e a situa\u00e7\u00e3o que presenciou, nem mesmo a \u201cconfus\u00e3o generalizada\u201d ao fim do jogo.<\/p>\n<p>De acordo com o que foi apresentado pelas defesas dos clubes e do \u00e1rbitro, o relator do caso, Raoni Lacerda, votou pela absolvi\u00e7\u00e3o dos denunciados, sob o argumento de que Ferraresi realizou o gesto em meio \u00e0 consuf\u00e3o, mas prontamente o desfez ap\u00f3s aproxima\u00e7\u00e3o do \u00e1rbitro e saiu sem comentar nada com a autoridade da partida.<\/p>\n<p>O tumulto ap\u00f3s o apito final tamb\u00e9m foi tratado como comum, sem nenhum ato que se destacasse de uma simples discuss\u00e3o de jogo.<\/p>\n<h2>Multados<\/h2>\n<p>Apesar da absolvi\u00e7\u00e3o, os clubes foram multados por atrasosos no in\u00edcio do jogo e na volta do intervalo. O Botafogo ter\u00e1 que pagar R$ 1 mil por entrar em campo tr\u00eas minutos ap\u00f3s o hor\u00e1rio definido no come\u00e7o da partida, enquanto o Athletico-PR recebeu R$ 3 mil por entrar cinco minutos ap\u00f3s o previsto e retornar com dois minutos de atraso do intervalo.<\/p>\n<div class=\"dugout-video dugout-embed-eyJrZXkiOiIiLCJwIjoiZ2F6ZXRhZXNwb3J0aXZhIiwicGwiOiI0a2hoSjVCWCJ9\"><\/div>\n<p><script type=\"text\/javascript\" src=\"https:\/\/embed.onefootball.com\/inline\/gazetaesportiva.js\"><\/script><\/p>\n<p>O post <a href=\"https:\/\/www.gazetaesportiva.com\/times\/botafogo\/stjd-absolve-envolvidos-confusao-botafogo-athletico-pr\/\">STJD descarta puni\u00e7\u00e3o ao Athletico-PR por suposto ato de racismo contra Ferraresi, do Botafogo<\/a> apareceu primeiro em <a href=\"https:\/\/www.gazetaesportiva.com\">Gazeta Esportiva<\/a>.<\/p>\n","protected":false},"excerpt":{"rendered":"<p>O STJD (Superior Tribunal de Justi\u00e7a Desportiva do Futebol) definiu, nesta segunda-feira, que n\u00e3o punir\u00e1 nenhum dos envolvidos<\/p>\n","protected":false},"author":1,"featured_media":11518,"comment_status":"open","ping_status":"open","sticky":false,"template":"","format":"standard","meta":{"footnotes":""},"categories":[71],"tags":[],"class_list":["post-11517","post","type-post","status-publish","format-standard","has-post-thumbnail","hentry","category-esportes-news"],"_links":{"self":[{"href":"https:\/\/portalbahianoticia.com.br\/index.php?rest_route=\/wp\/v2\/posts\/11517","targetHints":{"allow":["GET"]}}],"collection":[{"href":"https:\/\/portalbahianoticia.com.br\/index.php?rest_route=\/wp\/v2\/posts"}],"about":[{"href":"https:\/\/portalbahianoticia.com.br\/index.php?rest_route=\/wp\/v2\/types\/post"}],"author":[{"embeddable":true,"href":"https:\/\/portalbahianoticia.com.br\/index.php?rest_route=\/wp\/v2\/users\/1"}],"replies":[{"embeddable":true,"href":"https:\/\/portalbahianoticia.com.br\/index.php?rest_route=%2Fwp%2Fv2%2Fcomments&post=11517"}],"version-history":[{"count":0,"href":"https:\/\/portalbahianoticia.com.br\/index.php?rest_route=\/wp\/v2\/posts\/11517\/revisions"}],"wp:featuredmedia":[{"embeddable":true,"href":"https:\/\/portalbahianoticia.com.br\/index.php?rest_route=\/wp\/v2\/media\/11518"}],"wp:attachment":[{"href":"https:\/\/portalbahianoticia.com.br\/index.php?rest_route=%2Fwp%2Fv2%2Fmedia&parent=11517"}],"wp:term":[{"taxonomy":"category","embeddable":true,"href":"https:\/\/portalbahianoticia.com.br\/index.php?rest_route=%2Fwp%2Fv2%2Fcategories&post=11517"},{"taxonomy":"post_tag","embeddable":true,"href":"https:\/\/portalbahianoticia.com.br\/index.php?rest_route=%2Fwp%2Fv2%2Ftags&post=11517"}],"curies":[{"name":"wp","href":"https:\/\/api.w.org\/{rel}","templated":true}]}}