{"id":11515,"date":"2026-08-31T19:13:28","date_gmt":"2026-08-31T22:13:28","guid":{"rendered":"https:\/\/portalbahianoticia.com.br\/?p=11515"},"modified":"2026-08-31T19:13:28","modified_gmt":"2026-08-31T22:13:28","slug":"safiel-aceita-condicao-do-corinthians-e-pede-reuniao-urgente-para-avancar-em-proposta-vinculante","status":"publish","type":"post","link":"https:\/\/portalbahianoticia.com.br\/?p=11515","title":{"rendered":"SAFiel aceita condi\u00e7\u00e3o do Corinthians e pede reuni\u00e3o urgente para avan\u00e7ar em proposta vinculante"},"content":{"rendered":"<p>A SAFiel deu mais um passo nas tratativas com o <strong><a href=\"https:\/\/www.gazetaesportiva.com\/times\/corinthians\/\">Corinthians<\/a> <\/strong>para a implementa\u00e7\u00e3o do projeto que prev\u00ea a transforma\u00e7\u00e3o do futebol do clube em uma Sociedade An\u00f4nima do Futebol (SAF). Nesta segunda-feira, o grupo formalizou ao presidente Osmar Stabile a aceita\u00e7\u00e3o de uma condi\u00e7\u00e3o apresentada pela atual gest\u00e3o e solicitou uma <strong>reuni\u00e3o urgente<\/strong> para avan\u00e7ar nas negocia\u00e7\u00f5es.<\/p>\n<p>A manifesta\u00e7\u00e3o foi encaminhada pela Invas\u00e3o Fiel S.A., ve\u00edculo societ\u00e1rio respons\u00e1vel pelo projeto SAFiel, tamb\u00e9m aos principais \u00f3rg\u00e3os internos do Corinthians. A Gazeta Esportiva teve acesso ao teor do documento.<\/p>\n<p>O ponto central envolve a d\u00edvida da Neo Qu\u00edmica Arena com a Caixa Econ\u00f4mica Federal. A SAFiel se comprometeu a trabalhar na estrutura\u00e7\u00e3o da obten\u00e7\u00e3o antecipada dos recursos necess\u00e1rios para quitar o d\u00e9bito antes da conclus\u00e3o da oferta p\u00fablica de a\u00e7\u00f5es prevista pelo projeto. Essa condi\u00e7\u00e3o havia sido apresentada publicamente pela presid\u00eancia corintiana para que as partes avan\u00e7assem rumo a uma proposta vinculante.<\/p>\n<p>O grupo argumenta que a antecipa\u00e7\u00e3o dos recursos permitiria liberar receitas do Corinthians que atualmente est\u00e3o vinculadas como garantia do financiamento da Arena durante o per\u00edodo necess\u00e1rio para a conclus\u00e3o das etapas do projeto, estimado em at\u00e9 12 meses.<\/p>\n<blockquote class=\"twitter-tweet\">\n<p dir=\"ltr\" lang=\"pt\">O <a href=\"https:\/\/x.com\/hashtag\/Pr%C3%B3ximoJogoDoTim%C3%A3o?src=hash&#038;ref_src=twsrc%5Etfw\">#Pr\u00f3ximoJogoDoTim\u00e3o<\/a> ser\u00e1 contra a Chapecoense, pelo Campeonato Brasileiro. <img decoding=\"async\" src=\"https:\/\/s.w.org\/images\/core\/emoji\/17.0.2\/72x72\/1f51c.png\" alt=\"\ud83d\udd1c\" class=\"wp-smiley\" style=\"height: 1em; max-height: 1em;\" \/><a href=\"https:\/\/x.com\/hashtag\/VaiCorinthians?src=hash&#038;ref_src=twsrc%5Etfw\">#VaiCorinthians<\/a> <a href=\"https:\/\/t.co\/OyoqJGJGF5\">pic.twitter.com\/OyoqJGJGF5<\/a><\/p>\n<p>\u2014 Corinthians (@Corinthians) <a href=\"https:\/\/x.com\/Corinthians\/status\/2094470270773846419?ref_src=twsrc%5Etfw\">August 31, 2026<\/a><\/p>\n<\/blockquote>\n<p><script async src=\"https:\/\/platform.x.com\/widgets.js\" charset=\"utf-8\"><\/script><\/p>\n<h2>SAFiel pede reuni\u00e3o urgente com o Corinthians<\/h2>\n<p>Ap\u00f3s formalizar a aceita\u00e7\u00e3o da condi\u00e7\u00e3o, a SAFiel solicitou uma reuni\u00e3o urgente com representantes do Corinthians, preferencialmente ainda nesta segunda-feira. O grupo tamb\u00e9m pediu uma resposta formal do clube com a defini\u00e7\u00e3o de data, hor\u00e1rio e representantes que participariam do encontro.<\/p>\n<p>Entre os assuntos que a SAFiel pretende discutir est\u00e1 uma autoriza\u00e7\u00e3o do Corinthians para iniciar tratativas com a Caixa Econ\u00f4mica Federal. O objetivo seria avaliar alternativas para negocia\u00e7\u00e3o, quita\u00e7\u00e3o, assun\u00e7\u00e3o ou reestrutura\u00e7\u00e3o da d\u00edvida referente \u00e0 Neo Qu\u00edmica Arena.<\/p>\n<p>Essa eventual autoriza\u00e7\u00e3o teria limites previamente estabelecidos e n\u00e3o representaria, por si s\u00f3, obriga\u00e7\u00e3o de o Corinthians fechar neg\u00f3cio com a SAFiel, tampouco reconhecimento de d\u00edvida ou compromisso financeiro do clube com o projeto.<\/p>\n<h2>Quais seriam os pr\u00f3ximos passos?<\/h2>\n<p>A SAFiel tamb\u00e9m apresentou uma proposta de cronograma para o avan\u00e7o das conversas. Entre as etapas est\u00e3o a assinatura de um acordo de confidencialidade, a abertura de um data room e o in\u00edcio de dilig\u00eancias nas \u00e1reas jur\u00eddica, cont\u00e1bil, fiscal, trabalhista e esportiva.<\/p>\n<p>Na sequ\u00eancia, o projeto precisaria passar pelos \u00f3rg\u00e3os estatut\u00e1rios competentes do Corinthians. O planejamento ainda contempla a elabora\u00e7\u00e3o e negocia\u00e7\u00e3o da proposta vinculante, a estrutura\u00e7\u00e3o dos mecanismos de capta\u00e7\u00e3o de recursos e, se necess\u00e1rio, registros perante a Comiss\u00e3o de Valores Mobili\u00e1rios (CVM), al\u00e9m da realiza\u00e7\u00e3o das assembleias exigidas para a opera\u00e7\u00e3o.<\/p>\n<p><strong>Veja tamb\u00e9m:<\/strong><br \/>\n<strong><a href=\"https:\/\/www.gazetaesportiva.com\/todas-as-noticias\/\">Todas as not\u00edcias da Gazeta Esportiva<\/a><\/strong><br \/>\n<strong><a href=\"https:\/\/www.youtube.com\/channel\/UCcndglQZmXnYjgE_Grqt5yg\">Canal da Gazeta Esportiva no YouTube<\/a><\/strong><br \/>\n<strong><a href=\"https:\/\/www.instagram.com\/gazetaesportiva\/\">Siga a Gazeta Esportiva no Instagram<\/a><br \/>\n<\/strong><strong><a href=\"https:\/\/whatsapp.com\/channel\/0029Va9JQFL3WHTguJNfam3U\">Participe do canal da Gazeta Esportiva no WhatsApp<\/a><\/strong><\/p>\n<p>O grupo prop\u00f5e ainda a cria\u00e7\u00e3o de comit\u00eas t\u00e9cnicos conjuntos, com profissionais indicados pelas duas partes e assessores externos, al\u00e9m de rodadas peri\u00f3dicas para esclarecimento de d\u00favidas. Entre os documentos que poder\u00e3o ser elaborados ao longo do processo est\u00e3o a pr\u00f3pria proposta vinculante, instrumentos relacionados \u00e0 capta\u00e7\u00e3o, estatuto social da eventual SAF e acordo de acionistas.<\/p>\n<h2>Neg\u00f3cio ainda depende do Corinthians<\/h2>\n<p>Apesar do avan\u00e7o, a manifesta\u00e7\u00e3o enviada nesta segunda-feira n\u00e3o representa a conclus\u00e3o do neg\u00f3cio nem a assinatura da proposta vinculante definitiva.<\/p>\n<p>A pr\u00f3pria SAFiel ressalta que uma eventual transa\u00e7\u00e3o somente poder\u00e1 ser concretizada depois das delibera\u00e7\u00f5es dos \u00f3rg\u00e3os competentes do Corinthians. O processo dever\u00e1 respeitar as atribui\u00e7\u00f5es da Diretoria, do Conselho Deliberativo, do Conselho de Orienta\u00e7\u00e3o (Cori), do Conselho Fiscal e, quando necess\u00e1rio, da Assembleia Geral de Associados.<\/p>\n<p>Com a formaliza\u00e7\u00e3o da aceita\u00e7\u00e3o da condi\u00e7\u00e3o apresentada pela presid\u00eancia, a SAFiel agora aguarda uma manifesta\u00e7\u00e3o do Corinthians para dar sequ\u00eancia \u00e0s discuss\u00f5es e organizar as etapas que poder\u00e3o culminar na apresenta\u00e7\u00e3o de uma proposta vinculante.<\/p>\n<div class=\"dugout-video dugout-embed-eyJrZXkiOiIiLCJwIjoiZ2F6ZXRhZXNwb3J0aXZhIiwicGwiOiI0a2hoSjVCWCJ9\"><\/div>\n<p><script type=\"text\/javascript\" src=\"https:\/\/embed.onefootball.com\/inline\/gazetaesportiva.js\"><\/script><\/p>\n<p>O post <a href=\"https:\/\/www.gazetaesportiva.com\/times\/corinthians\/safiel-corinthians-proposta-vinculante-reuniao\/\">SAFiel aceita condi\u00e7\u00e3o do Corinthians e pede reuni\u00e3o urgente para avan\u00e7ar em proposta vinculante<\/a> apareceu primeiro em <a href=\"https:\/\/www.gazetaesportiva.com\">Gazeta Esportiva<\/a>.<\/p>\n","protected":false},"excerpt":{"rendered":"<p>A SAFiel deu mais um passo nas tratativas com o Corinthians para a implementa\u00e7\u00e3o do projeto que prev\u00ea<\/p>\n","protected":false},"author":1,"featured_media":11516,"comment_status":"open","ping_status":"open","sticky":false,"template":"","format":"standard","meta":{"footnotes":""},"categories":[71],"tags":[],"class_list":["post-11515","post","type-post","status-publish","format-standard","has-post-thumbnail","hentry","category-esportes-news"],"_links":{"self":[{"href":"https:\/\/portalbahianoticia.com.br\/index.php?rest_route=\/wp\/v2\/posts\/11515","targetHints":{"allow":["GET"]}}],"collection":[{"href":"https:\/\/portalbahianoticia.com.br\/index.php?rest_route=\/wp\/v2\/posts"}],"about":[{"href":"https:\/\/portalbahianoticia.com.br\/index.php?rest_route=\/wp\/v2\/types\/post"}],"author":[{"embeddable":true,"href":"https:\/\/portalbahianoticia.com.br\/index.php?rest_route=\/wp\/v2\/users\/1"}],"replies":[{"embeddable":true,"href":"https:\/\/portalbahianoticia.com.br\/index.php?rest_route=%2Fwp%2Fv2%2Fcomments&post=11515"}],"version-history":[{"count":0,"href":"https:\/\/portalbahianoticia.com.br\/index.php?rest_route=\/wp\/v2\/posts\/11515\/revisions"}],"wp:featuredmedia":[{"embeddable":true,"href":"https:\/\/portalbahianoticia.com.br\/index.php?rest_route=\/wp\/v2\/media\/11516"}],"wp:attachment":[{"href":"https:\/\/portalbahianoticia.com.br\/index.php?rest_route=%2Fwp%2Fv2%2Fmedia&parent=11515"}],"wp:term":[{"taxonomy":"category","embeddable":true,"href":"https:\/\/portalbahianoticia.com.br\/index.php?rest_route=%2Fwp%2Fv2%2Fcategories&post=11515"},{"taxonomy":"post_tag","embeddable":true,"href":"https:\/\/portalbahianoticia.com.br\/index.php?rest_route=%2Fwp%2Fv2%2Ftags&post=11515"}],"curies":[{"name":"wp","href":"https:\/\/api.w.org\/{rel}","templated":true}]}}