{"id":11471,"date":"2026-08-31T19:11:54","date_gmt":"2026-08-31T22:11:54","guid":{"rendered":"https:\/\/portalbahianoticia.com.br\/?p=11471"},"modified":"2026-08-31T19:11:54","modified_gmt":"2026-08-31T22:11:54","slug":"toffoli-suspende-propaganda-de-renan-santos-na-internet","status":"publish","type":"post","link":"https:\/\/portalbahianoticia.com.br\/?p=11471","title":{"rendered":"Toffoli suspende propaganda de Renan Santos na internet"},"content":{"rendered":"<\/p>\n<p><a class=\"\" href=\"https:\/\/agenciabrasil.ebc.com.br\/justica\/noticia\/2026-08\/toffoli-suspende-propaganda-de-renan-santos-na-internet\"><br \/>\n                    <img decoding=\"async\" src=\"https:\/\/cdn.jsdelivr.net\/gh\/sergiosdlima\/assets-ebc@1.0.0\/abr\/assets\/images\/logo-agenciabrasil.svg\" alt=\"Logo Ag\u00eancia Brasil\"><br \/>\n\t\t\t\t<\/a><\/p>\n<p><strong>O ministro Dias Toffoli, do Tribunal Superior Eleitoral (TSE), decidiu nesta segunda-feira (31) suspender a propaganda eleitoral do candidato \u00e0 Presid\u00eancia da Rep\u00fablica Renan Santos (Miss\u00e3o) na internet.<\/strong><img decoding=\"async\" src=\"https:\/\/agenciabrasil.ebc.com.br\/ebc.png?id=1701113&#038;o=rss\"><img decoding=\"async\" src=\"https:\/\/agenciabrasil.ebc.com.br\/ebc.gif?id=1701113&#038;o=rss\"><\/p>\n<p>Toffoli tamb\u00e9m determinou a suspens\u00e3o dos repasses do Fundo Especial de Financiamento de Campanha (FEFC) para o candidato e <strong>o proibiu de participar de debates que forem realizados em televis\u00e3o, r\u00e1dio e <em>podcasts<\/em>.<\/strong><\/p>\n<\/p>\n<h3>Not\u00edcias relacionadas:<\/h3>\n<ul>\n<li><a href=\"https:\/\/agenciabrasil.ebc.com.br\/cultura\/noticia\/2026-08\/podcast-criancas-sabidas-volta-para-discutir-eleicoes-gerais-2026\">Podcast Crian\u00e7as Sabidas volta para discutir as Elei\u00e7\u00f5es Gerais 2026 .<\/a><\/li>\n<li><a href=\"https:\/\/agenciabrasil.ebc.com.br\/justica\/noticia\/2026-08\/eleicoes-2026-saiba-o-que-e-permitido-e-proibido-no-dia-da-votacao\">Elei\u00e7\u00f5es 2026: saiba o que \u00e9 permitido e proibido no dia da vota\u00e7\u00e3o.<\/a><\/li>\n<li><a href=\"https:\/\/agenciabrasil.ebc.com.br\/politica\/noticia\/2026-08\/eleicoes-2026-mulheres-negras-divulgam-manifesto-para-candidaturas\">Elei\u00e7\u00f5es 2026: mulheres negras divulgam manifesto para candidaturas.<\/a><\/li>\n<\/ul>\n<p>A decis\u00e3o do ministro ter\u00e1 validade at\u00e9 a decis\u00e3o final do TSE sobre o caso.<\/p>\n<p><strong>Segundo Toffoli, o partido Miss\u00e3o deixou de informar \u00e0 Justi\u00e7a Eleitoral perfis de propaganda do candidato nas redes sociais.\u00a0<\/strong><\/p>\n<p>Na decis\u00e3o, o ministro pontuou que 16 perfis ligados ao candidato foram informados ao TSE 12 dias ap\u00f3s o per\u00edodo de registro de candidatura.<\/p>\n<blockquote>\n<p>&#8220;Em simples consulta ao primeiro deles, que conta com 2,4 milh\u00f5es de seguidores, constatei que o perfil veicula propaganda eleitoral, atrai recomenda\u00e7\u00f5es de outros candidatos (que, portanto, igualmente n\u00e3o informaram os endere\u00e7os \u00e0 Justi\u00e7a Eleitoral) e est\u00e1 sendo recomendado por esses candidatos&#8221;, afirmou o ministro.<\/p>\n<\/blockquote>\n<p>No entendimento de Toffoli, os perfis que n\u00e3o foram informados est\u00e3o em situa\u00e7\u00e3o irregular. <strong>\u00a0&#8220;Constata-se que ao menos um perfil est\u00e1 em utiliza\u00e7\u00e3o irregular para difus\u00e3o de conte\u00fado a milh\u00f5es de seguidores e com favorecimento pelos algoritmos de recomenda\u00e7\u00e3o&#8221;, afirmou.<\/strong><\/p>\n<p>De acordo com a Lei das Elei\u00e7\u00f5es, partidos e candidatos devem informar \u00e0 Justi\u00e7a Eleitoral os endere\u00e7os eletr\u00f4nicos que ser\u00e3o usados na campanha, incluindo <em>blogs<\/em> e redes sociais.<\/p>\n<p><strong>Ap\u00f3s a decis\u00e3o do TSE, Renan marcou uma coletiva de imprensa para se pronunciar sobre a suspens\u00e3o da propaganda. A entrevista ser\u00e1 \u00e0s 17h, em S\u00e3o Paulo.<\/strong><\/p>\n<p>\u00a0<\/p>\n","protected":false},"excerpt":{"rendered":"<p>O ministro Dias Toffoli, do Tribunal Superior Eleitoral (TSE), decidiu nesta segunda-feira (31) suspender a propaganda eleitoral do<\/p>\n","protected":false},"author":4,"featured_media":11472,"comment_status":"open","ping_status":"open","sticky":false,"template":"","format":"standard","meta":{"footnotes":""},"categories":[27],"tags":[],"class_list":["post-11471","post","type-post","status-publish","format-standard","has-post-thumbnail","hentry","category-ultimas-noticias"],"_links":{"self":[{"href":"https:\/\/portalbahianoticia.com.br\/index.php?rest_route=\/wp\/v2\/posts\/11471","targetHints":{"allow":["GET"]}}],"collection":[{"href":"https:\/\/portalbahianoticia.com.br\/index.php?rest_route=\/wp\/v2\/posts"}],"about":[{"href":"https:\/\/portalbahianoticia.com.br\/index.php?rest_route=\/wp\/v2\/types\/post"}],"author":[{"embeddable":true,"href":"https:\/\/portalbahianoticia.com.br\/index.php?rest_route=\/wp\/v2\/users\/4"}],"replies":[{"embeddable":true,"href":"https:\/\/portalbahianoticia.com.br\/index.php?rest_route=%2Fwp%2Fv2%2Fcomments&post=11471"}],"version-history":[{"count":0,"href":"https:\/\/portalbahianoticia.com.br\/index.php?rest_route=\/wp\/v2\/posts\/11471\/revisions"}],"wp:featuredmedia":[{"embeddable":true,"href":"https:\/\/portalbahianoticia.com.br\/index.php?rest_route=\/wp\/v2\/media\/11472"}],"wp:attachment":[{"href":"https:\/\/portalbahianoticia.com.br\/index.php?rest_route=%2Fwp%2Fv2%2Fmedia&parent=11471"}],"wp:term":[{"taxonomy":"category","embeddable":true,"href":"https:\/\/portalbahianoticia.com.br\/index.php?rest_route=%2Fwp%2Fv2%2Fcategories&post=11471"},{"taxonomy":"post_tag","embeddable":true,"href":"https:\/\/portalbahianoticia.com.br\/index.php?rest_route=%2Fwp%2Fv2%2Ftags&post=11471"}],"curies":[{"name":"wp","href":"https:\/\/api.w.org\/{rel}","templated":true}]}}