{"id":11467,"date":"2026-08-31T19:11:56","date_gmt":"2026-08-31T22:11:56","guid":{"rendered":"https:\/\/portalbahianoticia.com.br\/?p=11467"},"modified":"2026-08-31T19:11:56","modified_gmt":"2026-08-31T22:11:56","slug":"brasileiro-tem-dificuldade-em-saber-seus-direitos-aponta-pesquisa","status":"publish","type":"post","link":"https:\/\/portalbahianoticia.com.br\/?p=11467","title":{"rendered":"Brasileiro tem dificuldade em saber seus direitos, aponta pesquisa"},"content":{"rendered":"<\/p>\n<p><a class=\"\" href=\"https:\/\/agenciabrasil.ebc.com.br\/justica\/noticia\/2026-08\/brasileiro-tem-dificuldade-em-saber-seus-direitos-aponta-pesquisa\"><br \/>\n                    <img decoding=\"async\" src=\"https:\/\/cdn.jsdelivr.net\/gh\/sergiosdlima\/assets-ebc@1.0.0\/abr\/assets\/images\/logo-agenciabrasil.svg\" alt=\"Logo Ag\u00eancia Brasil\"><br \/>\n\t\t\t\t<\/a><\/p>\n<p>De cada dez brasileiros, sete (70%) que acreditam ter sido v\u00edtimas de ilegalidades consideram dif\u00edcil ou muito dif\u00edcil encontrar informa\u00e7\u00f5es sobre seus direitos e processos judiciais. O dado \u00e9 de pesquisa conduzida pela Ipsos, sob encomenda pelo portal de informa\u00e7\u00f5es jur\u00eddicas Jusbrasil, apresentada com exclusividade \u00e0 <strong>Ag\u00eancia Brasil<\/strong>.\u00a0<img decoding=\"async\" src=\"https:\/\/agenciabrasil.ebc.com.br\/ebc.png?id=1701117&#038;o=rss\"><img decoding=\"async\" src=\"https:\/\/agenciabrasil.ebc.com.br\/ebc.gif?id=1701117&#038;o=rss\"><\/p>\n<p><strong>A pesquisa mostra que 72% dos entrevistados ou algu\u00e9m de seu domic\u00edlio tiveram ou podem ter tido algum direito violado nos \u00faltimos 12 meses.<\/strong> Desse total, 36% t\u00eam certeza de que houve uma viola\u00e7\u00e3o e outros 36% suspeitam que isso tenha acontecido. Outros 22% afirmam que n\u00e3o passaram por uma situa\u00e7\u00e3o desse tipo e 6% n\u00e3o souberam responder ou n\u00e3o se lembraram de um epis\u00f3dio desse tipo.<\/p>\n<\/p>\n<h3>Not\u00edcias relacionadas:<\/h3>\n<ul>\n<li><a href=\"https:\/\/agenciabrasil.ebc.com.br\/justica\/noticia\/2026-08\/justica-preserva-direito-de-idosos-passagens-interestaduais\">Justi\u00e7a preserva direito de idosos a passagens interestaduais .<\/a><\/li>\n<li><a href=\"https:\/\/agenciabrasil.ebc.com.br\/direitos-humanos\/noticia\/2026-06\/dia-do-orgulho-lgbtqia-conheca-marcos-da-luta-por-direitos-no-brasil\">Dia do Orgulho LGBTQIA+: conhe\u00e7a marcos da luta por direitos no Brasil.<\/a><\/li>\n<li><a href=\"https:\/\/agenciabrasil.ebc.com.br\/politica\/noticia\/2026-06\/congresso-inclui-politica-e-direitos-da-cidadania-no-curriculo-escolar\">Congresso inclui pol\u00edtica e direitos da cidadania no curr\u00edculo escolar.<\/a><\/li>\n<\/ul>\n<p>Entre os que suspeitam de viola\u00e7\u00f5es e os que n\u00e3o souberam ou n\u00e3o lembraram, 42% n\u00e3o conseguem afirmar com seguran\u00e7a se eles pr\u00f3prios ou algu\u00e9m de seu domic\u00edlio tiveram algum direito violado. <strong>A d\u00favida, portanto, pode aparecer antes de a pessoa buscar orienta\u00e7\u00e3o ou decidir como agir.<\/strong><\/p>\n<p>Foram feitas 1,5 mil entrevistas com homens e mulheres de 18 anos de idade ou mais, de todas as classes sociais, por todas as regi\u00f5es do pa\u00eds. O per\u00edodo de coleta foi de 28 de julho a 4 de agosto deste ano, e a margem de erro \u00e9 de 2,5 pontos percentuais.<\/p>\n<div class=\"dnd-widget-wrapper context-cheio_8colunas type-image\">\n<div class=\"dnd-atom-rendered\"><!-- scald=473086:cheio_8colunas --><br \/>\n            <img decoding=\"async\" src=\"https:\/\/agenciabrasil.ebc.com.br\/sites\/default\/files\/thumbnails\/image\/loading_v2.gif\" data-echo=\"https:\/\/imagens.ebc.com.br\/YxDLKQYpusNCDi58CzeCmRlE6ig=\/754x0\/smart\/https:\/\/agenciabrasil.ebc.com.br\/sites\/default\/files\/thumbnails\/image\/2026\/08\/31\/ipsos1.jpg?itok=LmHe9tTZ\" alt=\"Bras\u00edlia (DF), 31\/08\/2026 - ipsos. Arte\/Ag\u00eancia Brasil\" title=\"Arte\/Ag\u00eancia Brasil\"><br \/>\n        <noscript><img decoding=\"async\" src=\"https:\/\/imagens.ebc.com.br\/YxDLKQYpusNCDi58CzeCmRlE6ig=\/754x0\/smart\/https:\/\/agenciabrasil.ebc.com.br\/sites\/default\/files\/thumbnails\/image\/2026\/08\/31\/ipsos1.jpg?itok=LmHe9tTZ\" alt=\"Bras\u00edlia (DF), 31\/08\/2026 - ipsos. Arte\/Ag\u00eancia Brasil\" title=\"Arte\/Ag\u00eancia Brasil\"><\/noscript><br \/>\n    <!-- END scald=473086 --><\/div>\n<div class=\"dnd-caption-wrapper\">\n<h6 class=\"meta\"><!--copyright=473086-->Ipsos &#8211;\u00a0<strong>Divulga\u00e7\u00e3o<\/strong><!--END copyright=473086--><\/h6>\n<\/div>\n<\/div>\n<h2>Desconhecimento\u00a0<\/h2>\n<p><strong>O levantamento revela que as barreiras se imp\u00f5em a todas as classes sociais.<\/strong> O acesso a informa\u00e7\u00f5es \u00e9 considerado dif\u00edcil ou muito dif\u00edcil para um mesmo n\u00famero de pessoas das classes AB \u00e0s DE.\u00a0<\/p>\n<p>O mesmo se constata em rela\u00e7\u00e3o ao grau de escolaridade, j\u00e1 que mais anos de estudo n\u00e3o se convertem em uma maior compreens\u00e3o sobre direitos e quais os meios para garanti-los.<\/p>\n<p>Com a pesquisa, fica claro que <strong>o desconhecimento leva, muitas vezes, \u00e0 falta de a\u00e7\u00e3o de quem se sentiu ou foi de fato prejudicado<\/strong>. Uma parcela de 60% dos entrevistados declara ter deixado de obter algum direito ou benef\u00edcio por n\u00e3o saber o que fazer.\u00a0<\/p>\n<p>Entre aqueles que identificaram uma viola\u00e7\u00e3o de direito, um ter\u00e7o (33%) diz ter dado encaminhamento, enquanto 10% est\u00e3o no in\u00edcio de uma quest\u00e3o legal ou processo, e 17% afirmaram j\u00e1 t\u00ea-los finalizado. Outros 27% t\u00eam um processo judicial ainda n\u00e3o iniciado e 13% n\u00e3o sabem informar a situa\u00e7\u00e3o atual.<\/p>\n<h2>Poder p\u00fablico<\/h2>\n<p>O advogado da Rede Nacional de Advogadas e Advogados Populares\u00a0Paulo Mariante defende que o Estado assuma a responsabilidade pela democratiza\u00e7\u00e3o desses fundamentos de direitos, por meio da ado\u00e7\u00e3o de pol\u00edticas p\u00fablicas de dissemina\u00e7\u00e3o que partem desde o ensino b\u00e1sico, em escolas de todo o pa\u00eds.\u00a0<\/p>\n<p>A lacuna dessa medida, segundo o advogado, \u00e9 suprida, atualmente, por centros de forma\u00e7\u00e3o cultural e pol\u00edtica, que, por mais valiosos que sejam, n\u00e3o abrangem toda a popula\u00e7\u00e3o.<\/p>\n<p><strong>&#8220;\u00c9 importante saber matem\u00e1tica, mas tamb\u00e9m saber direitos&#8221;, sintetiza Paula Mariante.<\/strong><\/p>\n<p>Conforme ressalta Mariante, as defensorias p\u00fablicas, \u00f3rg\u00e3os institu\u00eddos para prestar assist\u00eancia jur\u00eddica a pessoas de baixa renda, s\u00e3o recentes no Brasil. <a href=\"http:\/\/https\/\/defensoria.rj.def.br\/Institucional\/historia-antigo\" target=\"_blank\">A do Rio de Janeiro, por exemplo, \u00e9 de 1954<\/a>. A segunda, de Minas Gerais, <a href=\"https:\/\/www.camara.leg.br\/noticias\/112066-defensorias-foram-criadas-para-populacao-de-baixa-renda\/\" target=\"_blank\">surgiu 27 anos depois<\/a>, em 1981. A de <a href=\"http:\/\/https\/\/www.defensoria.sp.def.br\/defensoria-20-anos\" target=\"_blank\">S\u00e3o Paulo completa somente duas d\u00e9cadas<\/a> de exist\u00eancia este ano.<\/p>\n<div class=\"dnd-widget-wrapper context-cheio_8colunas type-image\">\n<div class=\"dnd-atom-rendered\"><!-- scald=473087:cheio_8colunas --><br \/>\n            <img decoding=\"async\" src=\"https:\/\/agenciabrasil.ebc.com.br\/sites\/default\/files\/thumbnails\/image\/loading_v2.gif\" data-echo=\"https:\/\/imagens.ebc.com.br\/wsM1pm-rG3IkJFJHFlmwwaemo9k=\/754x0\/smart\/https:\/\/agenciabrasil.ebc.com.br\/sites\/default\/files\/thumbnails\/image\/2026\/08\/31\/ipsos2.jpg?itok=e104COp7\" alt=\"Bras\u00edlia (DF), 31\/08\/2026 - ipsos. IPSOS\/Divulga\u00e7\u00e3o\" title=\"IPSOS\/Divulga\u00e7\u00e3o\"><br \/>\n        <noscript><img decoding=\"async\" src=\"https:\/\/imagens.ebc.com.br\/wsM1pm-rG3IkJFJHFlmwwaemo9k=\/754x0\/smart\/https:\/\/agenciabrasil.ebc.com.br\/sites\/default\/files\/thumbnails\/image\/2026\/08\/31\/ipsos2.jpg?itok=e104COp7\" alt=\"Bras\u00edlia (DF), 31\/08\/2026 - ipsos. IPSOS\/Divulga\u00e7\u00e3o\" title=\"IPSOS\/Divulga\u00e7\u00e3o\"><\/noscript><br \/>\n    <!-- END scald=473087 --><\/div>\n<div class=\"dnd-caption-wrapper\">\n<h6 class=\"meta\">Ipsos &#8211; Di<strong>vulga\u00e7\u00e3o<\/strong><!--END copyright=473087--><\/h6>\n<\/div>\n<\/div>\n<p>Segundo o advogado, a capacidade de coletivos dedicados a esses atendimentos, como os organizados por militantes como a jornalista Amelinha Teles, presa e torturada durante a ditadura militar instaurada com o golpe de 1964, demonstra o que o Estado poderia concretizar. &#8220;Mas isso s\u00f3 avan\u00e7aria com vontade pol\u00edtica&#8221;, frisa.<\/p>\n<p><strong>&#8220;A linguagem jur\u00eddica \u00e9 um problema. Complexa, rebuscada, \u00e9 um exerc\u00edcio de poder&#8221;, avalia Mariante.<\/strong>\u00a0<\/p>\n<p>&#8220;Nossa educa\u00e7\u00e3o tem, hoje, uma s\u00e9rie de desafios, mas n\u00e3o \u00e9 por isso que [a educa\u00e7\u00e3o em direitos] deveria deixar de ser feita&#8221;, afirma.<\/p>\n","protected":false},"excerpt":{"rendered":"<p>De cada dez brasileiros, sete (70%) que acreditam ter sido v\u00edtimas de ilegalidades consideram dif\u00edcil ou muito dif\u00edcil<\/p>\n","protected":false},"author":215,"featured_media":11468,"comment_status":"open","ping_status":"open","sticky":false,"template":"","format":"standard","meta":{"footnotes":""},"categories":[27],"tags":[],"class_list":["post-11467","post","type-post","status-publish","format-standard","has-post-thumbnail","hentry","category-ultimas-noticias"],"_links":{"self":[{"href":"https:\/\/portalbahianoticia.com.br\/index.php?rest_route=\/wp\/v2\/posts\/11467","targetHints":{"allow":["GET"]}}],"collection":[{"href":"https:\/\/portalbahianoticia.com.br\/index.php?rest_route=\/wp\/v2\/posts"}],"about":[{"href":"https:\/\/portalbahianoticia.com.br\/index.php?rest_route=\/wp\/v2\/types\/post"}],"author":[{"embeddable":true,"href":"https:\/\/portalbahianoticia.com.br\/index.php?rest_route=\/wp\/v2\/users\/215"}],"replies":[{"embeddable":true,"href":"https:\/\/portalbahianoticia.com.br\/index.php?rest_route=%2Fwp%2Fv2%2Fcomments&post=11467"}],"version-history":[{"count":0,"href":"https:\/\/portalbahianoticia.com.br\/index.php?rest_route=\/wp\/v2\/posts\/11467\/revisions"}],"wp:featuredmedia":[{"embeddable":true,"href":"https:\/\/portalbahianoticia.com.br\/index.php?rest_route=\/wp\/v2\/media\/11468"}],"wp:attachment":[{"href":"https:\/\/portalbahianoticia.com.br\/index.php?rest_route=%2Fwp%2Fv2%2Fmedia&parent=11467"}],"wp:term":[{"taxonomy":"category","embeddable":true,"href":"https:\/\/portalbahianoticia.com.br\/index.php?rest_route=%2Fwp%2Fv2%2Fcategories&post=11467"},{"taxonomy":"post_tag","embeddable":true,"href":"https:\/\/portalbahianoticia.com.br\/index.php?rest_route=%2Fwp%2Fv2%2Ftags&post=11467"}],"curies":[{"name":"wp","href":"https:\/\/api.w.org\/{rel}","templated":true}]}}