{"id":11463,"date":"2026-08-31T19:11:58","date_gmt":"2026-08-31T22:11:58","guid":{"rendered":"https:\/\/portalbahianoticia.com.br\/?p=11463"},"modified":"2026-08-31T19:11:58","modified_gmt":"2026-08-31T22:11:58","slug":"brasil-aponta-tratamento-discriminatorio-em-tarifas-dos-estados-unidos","status":"publish","type":"post","link":"https:\/\/portalbahianoticia.com.br\/?p=11463","title":{"rendered":"Brasil aponta tratamento discriminat\u00f3rio em tarifas dos Estados Unidos"},"content":{"rendered":"<\/p>\n<p><a class=\"\" href=\"https:\/\/agenciabrasil.ebc.com.br\/internacional\/noticia\/2026-08\/brasil-aponta-tratamento-discriminatorio-em-tarifas-dos-estados-unidos\"><br \/>\n                    <img decoding=\"async\" src=\"https:\/\/cdn.jsdelivr.net\/gh\/sergiosdlima\/assets-ebc@1.0.0\/abr\/assets\/images\/logo-agenciabrasil.svg\" alt=\"Logo Ag\u00eancia Brasil\"><br \/>\n\t\t\t\t<\/a><\/p>\n<p>O Brasil reiterou nesta segunda-feira (31) a insatisfa\u00e7\u00e3o com as tarifas impostas pelos Estados Unidos e afirmou que as medidas adotadas por Washington s\u00e3o\u00a0discriminat\u00f3rias e incompat\u00edveis com as regras internacionais de com\u00e9rcio.<img decoding=\"async\" src=\"https:\/\/agenciabrasil.ebc.com.br\/ebc.png?id=1701120&#038;o=rss\"><img decoding=\"async\" src=\"https:\/\/agenciabrasil.ebc.com.br\/ebc.gif?id=1701120&#038;o=rss\"><\/p>\n<p>A posi\u00e7\u00e3o foi apresentada pelos ministros das Rela\u00e7\u00f5es Exteriores, Mauro Vieira, e do Desenvolvimento, Ind\u00fastria, Com\u00e9rcio e Servi\u00e7os, M\u00e1rcio Elias Rosa,\u00a0em <a href=\"https:\/\/agenciabrasil.ebc.com.br\/internacional\/noticia\/2026-08\/brasil-e-eua-retomam-negociacao-apos-tarifacos-de-25-e-125\" target=\"_blank\">reuni\u00e3o virtual com o representante de Com\u00e9rcio dos Estados Unidos, Jamieson Greer, realizada no in\u00edcio da tarde<\/a>.<\/p>\n<\/p>\n<h3>Not\u00edcias relacionadas:<\/h3>\n<ul>\n<li><a href=\"https:\/\/agenciabrasil.ebc.com.br\/internacional\/noticia\/2026-08\/brasil-e-eua-retomam-negociacao-apos-tarifacos-de-25-e-125\">Brasil e EUA retomam negocia\u00e7\u00e3o ap\u00f3s tarifa\u00e7os de 25% e 12,5%.<\/a><\/li>\n<li><a href=\"https:\/\/agenciabrasil.ebc.com.br\/internacional\/noticia\/2026-08\/guerra-tarifas-e-menos-imposto-ricos-geram-divida-recorde-nos-eua\">Guerra, tarifas e menos imposto a ricos geram d\u00edvida recorde nos EUA.<\/a><\/li>\n<li><a href=\"https:\/\/agenciabrasil.ebc.com.br\/internacional\/noticia\/2026-08\/eua-impoem-tarifas-de-50-sobre-produtos-canadenses\">EUA imp\u00f5em tarifas de 50% sobre produtos canadenses .<\/a><\/li>\n<\/ul>\n<p><strong>Em nota conjunta, os minist\u00e9rios\u00a0consideraram injusto o tratamento dado ao Brasil e disseram que as justificativas apresentadas nas investiga\u00e7\u00f5es americanas n\u00e3o correspondem \u00e0s efetivas pr\u00e1ticas brasileiras<\/strong>.<\/p>\n<p>&#8220;Uma vez mais, [os ministros Mauro Vieira e M\u00e1rcio Elias Rosa] indicaram que as justificativas apresentadas pelo Governo dos Estados Unidos, nas conclus\u00f5es das investiga\u00e7\u00f5es conduzidas ao amparo da Se\u00e7\u00e3o 301 da Lei de Com\u00e9rcio norte-americana, n\u00e3o correspondem \u00e0s efetivas pr\u00e1ticas brasileiras, sendo injusto o tratamento discriminat\u00f3rio adotado contra o Brasil&#8221;, destacaram os dois minist\u00e9rios em nota conjunta.<\/p>\n<h2>Di\u00e1logo continua<\/h2>\n<p>Apesar das diverg\u00eancias, os dois pa\u00edses decidiram manter as negocia\u00e7\u00f5es. Reuni\u00f5es t\u00e9cnicas ser\u00e3o realizadas nas pr\u00f3ximas semanas, virtuais ou presenciais, seguidas de novo encontro ministerial para avaliar os avan\u00e7os.<\/p>\n<p><strong>O governo brasileiro afirmou que continuar\u00e1 buscando \u201cum acordo equilibrado e mutuamente ben\u00e9fico\u201d com os Estados Unidos<\/strong>, com respeito ao di\u00e1logo e \u00e0 soberania nacional.<\/p>\n<h2>Entenda a disputa<\/h2>\n<p>A retomada das conversas ocorre ap\u00f3s <a href=\"https:\/\/agenciabrasil.ebc.com.br\/internacional\/noticia\/2026-08\/lula-liga-para-trump-e-diz-que-alegacoes-para-tarifaco-sao-infundadas\" target=\"_top\">o telefonema entre os presidentes Luiz In\u00e1cio Lula da Silva e Donald Trump, em 21 de agosto<\/a>. Na ocasi\u00e3o, Lula voltou a contestar as tarifas, e Trump prop\u00f4s a retomada das negocia\u00e7\u00f5es.<\/p>\n<p>O Brasil est\u00e1 sujeito a uma tarifa adicional de 25% aplicada especificamente pelo governo americano e a outra sobretaxa de 12,5%, justificada por Washington por quest\u00f5es relacionadas ao combate ao trabalho for\u00e7ado.<\/p>\n<p>A primeira medida foi baseada em investiga\u00e7\u00e3o do Escrit\u00f3rio do Representante Comercial dos EUA (USTR), que apontou supostas pr\u00e1ticas comerciais desleais do Brasil, <a href=\"https:\/\/agenciabrasil.ebc.com.br\/economia\/noticia\/2026-07\/modelo-do-pix-desafia-controle-financeiro-dos-eua-sobre-o-brasil\" target=\"_blank\">em temas como pagamentos eletr\u00f4nicos (Pix)<\/a> e acesso ao mercado de etanol. O governo brasileiro rejeita os argumentos e considera a medida injustificada.<\/p>\n<p>A disputa ocorre ainda em meio \u00e0 <a href=\"https:\/\/agenciabrasil.ebc.com.br\/internacional\/noticia\/2025-12\/eua-afirmam-proeminencia-na-america-latina-em-recado-china\" target=\"_blank\">crescente competi\u00e7\u00e3o econ\u00f4mica entre Estados Unidos e China pela influ\u00eancia na Am\u00e9rica Latina<\/a>, adicionando uma dimens\u00e3o geopol\u00edtica \u00e0s negocia\u00e7\u00f5es entre Bras\u00edlia e Washington.<\/p>\n","protected":false},"excerpt":{"rendered":"<p>O Brasil reiterou nesta segunda-feira (31) a insatisfa\u00e7\u00e3o com as tarifas impostas pelos Estados Unidos e afirmou que<\/p>\n","protected":false},"author":1,"featured_media":11464,"comment_status":"open","ping_status":"open","sticky":false,"template":"","format":"standard","meta":{"footnotes":""},"categories":[27],"tags":[],"class_list":["post-11463","post","type-post","status-publish","format-standard","has-post-thumbnail","hentry","category-ultimas-noticias"],"_links":{"self":[{"href":"https:\/\/portalbahianoticia.com.br\/index.php?rest_route=\/wp\/v2\/posts\/11463","targetHints":{"allow":["GET"]}}],"collection":[{"href":"https:\/\/portalbahianoticia.com.br\/index.php?rest_route=\/wp\/v2\/posts"}],"about":[{"href":"https:\/\/portalbahianoticia.com.br\/index.php?rest_route=\/wp\/v2\/types\/post"}],"author":[{"embeddable":true,"href":"https:\/\/portalbahianoticia.com.br\/index.php?rest_route=\/wp\/v2\/users\/1"}],"replies":[{"embeddable":true,"href":"https:\/\/portalbahianoticia.com.br\/index.php?rest_route=%2Fwp%2Fv2%2Fcomments&post=11463"}],"version-history":[{"count":0,"href":"https:\/\/portalbahianoticia.com.br\/index.php?rest_route=\/wp\/v2\/posts\/11463\/revisions"}],"wp:featuredmedia":[{"embeddable":true,"href":"https:\/\/portalbahianoticia.com.br\/index.php?rest_route=\/wp\/v2\/media\/11464"}],"wp:attachment":[{"href":"https:\/\/portalbahianoticia.com.br\/index.php?rest_route=%2Fwp%2Fv2%2Fmedia&parent=11463"}],"wp:term":[{"taxonomy":"category","embeddable":true,"href":"https:\/\/portalbahianoticia.com.br\/index.php?rest_route=%2Fwp%2Fv2%2Fcategories&post=11463"},{"taxonomy":"post_tag","embeddable":true,"href":"https:\/\/portalbahianoticia.com.br\/index.php?rest_route=%2Fwp%2Fv2%2Ftags&post=11463"}],"curies":[{"name":"wp","href":"https:\/\/api.w.org\/{rel}","templated":true}]}}