{"id":11459,"date":"2026-08-31T19:12:00","date_gmt":"2026-08-31T22:12:00","guid":{"rendered":"https:\/\/portalbahianoticia.com.br\/?p=11459"},"modified":"2026-08-31T19:12:00","modified_gmt":"2026-08-31T22:12:00","slug":"bruno-dantas-renuncia-ao-cargo-de-ministro-do-tcu","status":"publish","type":"post","link":"https:\/\/portalbahianoticia.com.br\/?p=11459","title":{"rendered":"Bruno Dantas renuncia ao cargo de ministro do TCU"},"content":{"rendered":"<\/p>\n<p><a class=\"\" href=\"https:\/\/agenciabrasil.ebc.com.br\/justica\/noticia\/2026-08\/bruno-dantas-renuncia-ao-cargo-de-ministro-do-tcu\"><br \/>\n                    <img decoding=\"async\" src=\"https:\/\/cdn.jsdelivr.net\/gh\/sergiosdlima\/assets-ebc@1.0.0\/abr\/assets\/images\/logo-agenciabrasil.svg\" alt=\"Logo Ag\u00eancia Brasil\"><br \/>\n\t\t\t\t<\/a><\/p>\n<p><strong>O ministro Bruno Dantas apresentou nesta segunda-feira (31) uma carta de ren\u00fancia ao cargo de integrante do Tribunal de Contas da Uni\u00e3o (TCU).\u00a0 Dantas ocupava o cargo de 2014.<\/strong><img decoding=\"async\" src=\"https:\/\/agenciabrasil.ebc.com.br\/ebc.png?id=1701126&#038;o=rss\"><img decoding=\"async\" src=\"https:\/\/agenciabrasil.ebc.com.br\/ebc.gif?id=1701126&#038;o=rss\"><\/p>\n<p>O ministro informou que deixou o tribunal para se dedicar \u00e0 iniciativa privada. E<strong>le tem 48 anos e poderia permanecer no TCU at\u00e9 75 anos, quando completaria o prazo de aposentadoria compuls\u00f3ria.<\/strong><\/p>\n<\/p>\n<h3>Not\u00edcias relacionadas:<\/h3>\n<ul>\n<li><a href=\"https:\/\/agenciabrasil.ebc.com.br\/justica\/noticia\/2026-08\/eleicoes-2026-saiba-o-que-e-permitido-e-proibido-no-dia-da-votacao\">Elei\u00e7\u00f5es 2026: saiba o que \u00e9 permitido e proibido no dia da vota\u00e7\u00e3o.<\/a><\/li>\n<li><a href=\"https:\/\/agenciabrasil.ebc.com.br\/justica\/noticia\/2026-08\/brasileiro-tem-dificuldade-em-saber-seus-direitos-aponta-pesquisa\">Brasileiro tem dificuldade em saber seus direitos, aponta pesquisa.<\/a><\/li>\n<li><a href=\"https:\/\/agenciabrasil.ebc.com.br\/justica\/noticia\/2026-08\/toffoli-suspende-propaganda-de-renan-santos-na-internet\">Toffoli suspende propaganda de Renan Santos na internet .<\/a><\/li>\n<\/ul>\n<p>Em carta enviada ao presidente do TCU, Vital do R\u00eago, Bruno Dantas disse que cumpriu seus deveres com &#8220;lealdade e dedica\u00e7\u00e3o&#8221; e que decidiu deixar o cargo em busca de &#8220;novos desafios&#8221;.<\/p>\n<blockquote>\n<p>&#8220;Aos colegas ministros e, de modo muito especial, aos auditores do Tribunal de Contas da Uni\u00e3o: convivi com voc\u00eas nos anos mais intensos da minha vida p\u00fablica, e foi com voc\u00eas que aprendi o que \u00e9 o servi\u00e7o p\u00fablico em sua express\u00e3o mais nobre&#8221;, declarou.<\/p>\n<\/blockquote>\n<p>Com a sa\u00edda de Dantas, caber\u00e1 ao Senado indicar um novo integrante para o TCU. Ele integrava uma das cadeiras da Casa.<\/p>\n<p>O plen\u00e1rio do TCU \u00e9 composto por nove ministros, sendo seis de indica\u00e7\u00e3o do Congresso e tr\u00eas da Presid\u00eancia da Rep\u00fablica.<\/p>\n","protected":false},"excerpt":{"rendered":"<p>O ministro Bruno Dantas apresentou nesta segunda-feira (31) uma carta de ren\u00fancia ao cargo de integrante do Tribunal<\/p>\n","protected":false},"author":76,"featured_media":11460,"comment_status":"open","ping_status":"open","sticky":false,"template":"","format":"standard","meta":{"footnotes":""},"categories":[27],"tags":[],"class_list":["post-11459","post","type-post","status-publish","format-standard","has-post-thumbnail","hentry","category-ultimas-noticias"],"_links":{"self":[{"href":"https:\/\/portalbahianoticia.com.br\/index.php?rest_route=\/wp\/v2\/posts\/11459","targetHints":{"allow":["GET"]}}],"collection":[{"href":"https:\/\/portalbahianoticia.com.br\/index.php?rest_route=\/wp\/v2\/posts"}],"about":[{"href":"https:\/\/portalbahianoticia.com.br\/index.php?rest_route=\/wp\/v2\/types\/post"}],"author":[{"embeddable":true,"href":"https:\/\/portalbahianoticia.com.br\/index.php?rest_route=\/wp\/v2\/users\/76"}],"replies":[{"embeddable":true,"href":"https:\/\/portalbahianoticia.com.br\/index.php?rest_route=%2Fwp%2Fv2%2Fcomments&post=11459"}],"version-history":[{"count":0,"href":"https:\/\/portalbahianoticia.com.br\/index.php?rest_route=\/wp\/v2\/posts\/11459\/revisions"}],"wp:featuredmedia":[{"embeddable":true,"href":"https:\/\/portalbahianoticia.com.br\/index.php?rest_route=\/wp\/v2\/media\/11460"}],"wp:attachment":[{"href":"https:\/\/portalbahianoticia.com.br\/index.php?rest_route=%2Fwp%2Fv2%2Fmedia&parent=11459"}],"wp:term":[{"taxonomy":"category","embeddable":true,"href":"https:\/\/portalbahianoticia.com.br\/index.php?rest_route=%2Fwp%2Fv2%2Fcategories&post=11459"},{"taxonomy":"post_tag","embeddable":true,"href":"https:\/\/portalbahianoticia.com.br\/index.php?rest_route=%2Fwp%2Fv2%2Ftags&post=11459"}],"curies":[{"name":"wp","href":"https:\/\/api.w.org\/{rel}","templated":true}]}}