{"id":11457,"date":"2026-08-31T19:12:01","date_gmt":"2026-08-31T22:12:01","guid":{"rendered":"https:\/\/portalbahianoticia.com.br\/?p=11457"},"modified":"2026-08-31T19:12:01","modified_gmt":"2026-08-31T22:12:01","slug":"orcamento-de-2027-preve-salario-minimo-de-r-1-741","status":"publish","type":"post","link":"https:\/\/portalbahianoticia.com.br\/?p=11457","title":{"rendered":"Or\u00e7amento de 2027 prev\u00ea sal\u00e1rio m\u00ednimo de R$ 1.741"},"content":{"rendered":"<\/p>\n<p><a class=\"\" href=\"https:\/\/agenciabrasil.ebc.com.br\/economia\/noticia\/2026-08\/orcamento-de-2027-preve-salario-minimo-de-r-1741\"><br \/>\n                    <img decoding=\"async\" src=\"https:\/\/cdn.jsdelivr.net\/gh\/sergiosdlima\/assets-ebc@1.0.0\/abr\/assets\/images\/logo-agenciabrasil.svg\" alt=\"Logo Ag\u00eancia Brasil\"><br \/>\n\t\t\t\t<\/a><\/p>\n<p>A nova regra de corre\u00e7\u00e3o fez o governo elevar a previs\u00e3o para o sal\u00e1rio m\u00ednimo no pr\u00f3ximo ano. O projeto da Lei Or\u00e7ament\u00e1ria de 2027, enviado na noite desta segunda-feira (31) ao Congresso, prev\u00ea m\u00ednimo de R$ 1.741, R$ 24 mais alto que <a href=\"https:\/\/agenciabrasil.ebc.com.br\/economia\/noticia\/2026-04\/governo-propoe-salario-minimo-de-r-1717-em-2027\" target=\"_blank\">o valor de R$ 1.717 proposto na Lei de Diretrizes Or\u00e7ament\u00e1rias (LDO)<\/a>.<img decoding=\"async\" src=\"https:\/\/agenciabrasil.ebc.com.br\/ebc.png?id=1701129&#038;o=rss\"><img decoding=\"async\" src=\"https:\/\/agenciabrasil.ebc.com.br\/ebc.gif?id=1701129&#038;o=rss\"><\/p>\n<p><a href=\"https:\/\/agenciabrasil.ebc.com.br\/economia\/noticia\/2026-08\/salario-minimo-devera-subir-para-r-1741-em-2027\" target=\"_blank\">Adiantado na semana passada pelo ministro da Fazenda, Dario Durigan<\/a>,\u00a0o valor representa aumento nominal de 7,4% em rela\u00e7\u00e3o ao sal\u00e1rio m\u00ednimo de R$ 1.621 que est\u00e1 em vigor.<\/p>\n<\/p>\n<h3>Not\u00edcias relacionadas:<\/h3>\n<ul>\n<li><a href=\"https:\/\/agenciabrasil.ebc.com.br\/economia\/noticia\/2026-08\/salario-minimo-devera-subir-para-r-1741-em-2027\">Sal\u00e1rio m\u00ednimo dever\u00e1 subir para R$ 1.741 em 2027.<\/a><\/li>\n<li><a href=\"https:\/\/agenciabrasil.ebc.com.br\/economia\/noticia\/2026-08\/previa-da-inflacao-fica-em-040-menor-desde-agosto-de-2022\">Pr\u00e9via da infla\u00e7\u00e3o fica em -0,40%, a menor desde agosto de 2022.<\/a><\/li>\n<li><a href=\"https:\/\/agenciabrasil.ebc.com.br\/economia\/noticia\/2026-08\/orcamento-de-2027-tera-aporte-de-r-6-bilhoes-aos-correios\">Or\u00e7amento de 2027 ter\u00e1 aporte de R$ 6 bilh\u00f5es aos Correios.<\/a><\/li>\n<\/ul>\n<p>A alta obedece \u00e0 regra aprovada no fim do ano passado, que limita o crescimento do sal\u00e1rio m\u00ednimo a 2,5% acima da infla\u00e7\u00e3o do ano anterior.<\/p>\n<p>O valor final do sal\u00e1rio m\u00ednimo em 2027 pode ficar ainda maior, caso o\u00a0\u00cdndice Nacional de Pre\u00e7os ao Consumidor\u00a0(INPC) suba mais que o esperado at\u00e9 novembro. O indicador \u00e9 uma das medidas de infla\u00e7\u00e3o calculadas pelo Instituto Brasileiro de Geografia e Estat\u00edstica.<\/p>\n<p>Com base na infla\u00e7\u00e3o acumulada entre dezembro de 2025 e novembro de 2026, o governo enviar\u00e1 uma mensagem modificativa ao Congresso no in\u00edcio de dezembro.<\/p>\n","protected":false},"excerpt":{"rendered":"<p>A nova regra de corre\u00e7\u00e3o fez o governo elevar a previs\u00e3o para o sal\u00e1rio m\u00ednimo no pr\u00f3ximo ano.<\/p>\n","protected":false},"author":1,"featured_media":11458,"comment_status":"open","ping_status":"open","sticky":false,"template":"","format":"standard","meta":{"footnotes":""},"categories":[27],"tags":[],"class_list":["post-11457","post","type-post","status-publish","format-standard","has-post-thumbnail","hentry","category-ultimas-noticias"],"_links":{"self":[{"href":"https:\/\/portalbahianoticia.com.br\/index.php?rest_route=\/wp\/v2\/posts\/11457","targetHints":{"allow":["GET"]}}],"collection":[{"href":"https:\/\/portalbahianoticia.com.br\/index.php?rest_route=\/wp\/v2\/posts"}],"about":[{"href":"https:\/\/portalbahianoticia.com.br\/index.php?rest_route=\/wp\/v2\/types\/post"}],"author":[{"embeddable":true,"href":"https:\/\/portalbahianoticia.com.br\/index.php?rest_route=\/wp\/v2\/users\/1"}],"replies":[{"embeddable":true,"href":"https:\/\/portalbahianoticia.com.br\/index.php?rest_route=%2Fwp%2Fv2%2Fcomments&post=11457"}],"version-history":[{"count":0,"href":"https:\/\/portalbahianoticia.com.br\/index.php?rest_route=\/wp\/v2\/posts\/11457\/revisions"}],"wp:featuredmedia":[{"embeddable":true,"href":"https:\/\/portalbahianoticia.com.br\/index.php?rest_route=\/wp\/v2\/media\/11458"}],"wp:attachment":[{"href":"https:\/\/portalbahianoticia.com.br\/index.php?rest_route=%2Fwp%2Fv2%2Fmedia&parent=11457"}],"wp:term":[{"taxonomy":"category","embeddable":true,"href":"https:\/\/portalbahianoticia.com.br\/index.php?rest_route=%2Fwp%2Fv2%2Fcategories&post=11457"},{"taxonomy":"post_tag","embeddable":true,"href":"https:\/\/portalbahianoticia.com.br\/index.php?rest_route=%2Fwp%2Fv2%2Ftags&post=11457"}],"curies":[{"name":"wp","href":"https:\/\/api.w.org\/{rel}","templated":true}]}}