{"id":11451,"date":"2026-08-31T15:13:12","date_gmt":"2026-08-31T18:13:12","guid":{"rendered":"https:\/\/portalbahianoticia.com.br\/?p=11451"},"modified":"2026-08-31T15:13:12","modified_gmt":"2026-08-31T18:13:12","slug":"siga-as-novidades-do-mercado-da-bola-desta-segunda-feira-31-de-agosto","status":"publish","type":"post","link":"https:\/\/portalbahianoticia.com.br\/?p=11451","title":{"rendered":"Siga as novidades do Mercado da Bola desta segunda-feira, 31 de agosto"},"content":{"rendered":"<p>O\u00a0<strong>Mercado da Bola<\/strong>\u00a0est\u00e1 movimentando clubes no Brasil e no exterior, com negocia\u00e7\u00f5es, sondagens e avan\u00e7os que redesenham os elencos para a pr\u00f3xima temporada. Enquanto os principais times do pa\u00eds se articulam para refor\u00e7ar setores estrat\u00e9gicos, o futebol internacional tamb\u00e9m promete viver dias agitados, com transfer\u00eancias de impacto, disputas por promessas e oportunidades que surgem na virada da janela.<\/p>\n<p><strong>Veja tamb\u00e9m:<\/strong><br \/>\n<strong><a href=\"https:\/\/www.gazetaesportiva.com\/todas-as-noticias\/\">Todas as not\u00edcias da Gazeta Esportiva<\/a><\/strong><br \/>\n<strong><a href=\"https:\/\/www.youtube.com\/channel\/UCcndglQZmXnYjgE_Grqt5yg\">Canal da Gazeta Esportiva no YouTube<\/a><\/strong><br \/>\n<strong><a href=\"https:\/\/www.instagram.com\/gazetaesportiva\/\">Siga a Gazeta Esportiva no Instagram<\/a><\/strong><\/p>\n<p>Acompanhe abaixo as principais novidades, movimenta\u00e7\u00f5es e rumores que est\u00e3o agitando dirigentes, empres\u00e1rios e torcedores ao redor do mundo.<\/p>\n<h2>Benzema rescinde com o Al-Hilal<\/h2>\n<p>O v\u00ednculo de Karim Benzema com o Al-Hilal chegou ao fim ap\u00f3s seis meses. O atacante de 38 anos rescindiu com a equipe saudita e est\u00e1 livre no mercado, apesar de cogitar a aposentadoria do futebol.<\/p>\n<blockquote class=\"twitter-tweet\">\n<p dir=\"ltr\" lang=\"en\">Thank you Karim <img decoding=\"async\" src=\"https:\/\/s.w.org\/images\/core\/emoji\/17.0.2\/72x72\/1f3a5.png\" alt=\"\ud83c\udfa5\" class=\"wp-smiley\" style=\"height: 1em; max-height: 1em;\" \/><img decoding=\"async\" src=\"https:\/\/s.w.org\/images\/core\/emoji\/17.0.2\/72x72\/1f499.png\" alt=\"\ud83d\udc99\" class=\"wp-smiley\" style=\"height: 1em; max-height: 1em;\" \/> <a href=\"https:\/\/t.co\/t789xmqlH2\">pic.twitter.com\/t789xmqlH2<\/a><\/p>\n<p>\u2014 AlHilal Saudi Club (@Alhilal_EN) <a href=\"https:\/\/x.com\/Alhilal_EN\/status\/2094429298148987308?ref_src=twsrc%5Etfw\">August 31, 2026<\/a><\/p>\n<\/blockquote>\n<p><script async src=\"https:\/\/platform.x.com\/widgets.js\" charset=\"utf-8\"><\/script><\/p>\n<h2>Jesus em Barcelona<\/h2>\n<p><strong>Gabriel Jesus<\/strong> desembarcou na <strong>Espanha<\/strong> na manh\u00e3 desta segunda-feira. O atacante brasileiro chegou ao <strong>aeroporto El Prat<\/strong>, em Barcelona, para realizar exames m\u00e9dicos antes de ser anunciado oficialmente como novo refor\u00e7o do <strong><a href=\"https:\/\/www.gazetaesportiva.com\/times\/barcelona\/\">Bar\u00e7a<\/a>.<\/strong><\/p>\n<blockquote class=\"twitter-tweet\">\n<p dir=\"ltr\" lang=\"es\"><img decoding=\"async\" src=\"https:\/\/s.w.org\/images\/core\/emoji\/17.0.2\/72x72\/1f6ec.png\" alt=\"\ud83d\udeec\" class=\"wp-smiley\" style=\"height: 1em; max-height: 1em;\" \/> \u00a1Gabriel Jes\u00fas ya est\u00e1 en Barcelona! Fichaje inminente <img decoding=\"async\" src=\"https:\/\/s.w.org\/images\/core\/emoji\/17.0.2\/72x72\/2705.png\" alt=\"\u2705\" class=\"wp-smiley\" style=\"height: 1em; max-height: 1em;\" \/><\/p>\n<p><img decoding=\"async\" src=\"https:\/\/s.w.org\/images\/core\/emoji\/17.0.2\/72x72\/1f4f2.png\" alt=\"\ud83d\udcf2\" class=\"wp-smiley\" style=\"height: 1em; max-height: 1em;\" \/> <a href=\"https:\/\/x.com\/A_SeguraJ?ref_src=twsrc%5Etfw\">@A_SeguraJ<\/a> <a href=\"https:\/\/x.com\/hashtag\/Fichajes?src=hash&#038;ref_src=twsrc%5Etfw\">#Fichajes<\/a> <a href=\"https:\/\/t.co\/S6sMQ73ha5\">pic.twitter.com\/S6sMQ73ha5<\/a><\/p>\n<p>\u2014 MARCA (@marca) <a href=\"https:\/\/x.com\/marca\/status\/2094429199775756498?ref_src=twsrc%5Etfw\">August 31, 2026<\/a><\/p>\n<\/blockquote>\n<p><script src=\"https:\/\/platform.x.com\/widgets.js\" async=\"\" charset=\"utf-8\"><\/script><\/p>\n<h2>Adeus, Verd\u00e3o<\/h2>\n<p>O\u00a0<a href=\"https:\/\/www.gazetaesportiva.com\/times\/manchester-city\/\"><strong>Manchester City<\/strong><\/a> anunciou a contrata\u00e7\u00e3o de <strong>Allan<\/strong>, ex-jogador do\u00a0<a href=\"https:\/\/www.gazetaesportiva.com\/times\/palmeiras\/\"><strong>Palmeiras<\/strong><\/a>, por\u00a0<strong>40 milh\u00f5es de euros (cerca de R$ 240 milh\u00f5es)<\/strong>. O atacante de 22 anos assinou contrato por\u00a0<strong>cinco temporadas<\/strong>, v\u00e1lido at\u00e9 junho de 2031.<\/p>\n<div id=\"attachment_3847667\" style=\"width: 986px\" class=\"wp-caption alignnone\"><img loading=\"lazy\" decoding=\"async\" aria-describedby=\"caption-attachment-3847667\" class=\"size-full wp-image-3847667\" src=\"https:\/\/static.gazetaesportiva.com\/uploads\/2026\/08\/allan2.webp\" alt=\"\" width=\"976\" height=\"549\" srcset=\"https:\/\/static.gazetaesportiva.com\/uploads\/2026\/08\/allan2.webp 976w, https:\/\/static.gazetaesportiva.com\/uploads\/2026\/08\/allan2-360x203.webp 360w, https:\/\/static.gazetaesportiva.com\/uploads\/2026\/08\/allan2-768x432.webp 768w, https:\/\/static.gazetaesportiva.com\/uploads\/2026\/08\/allan2-150x84.webp 150w\" sizes=\"auto, (max-width: 976px) 100vw, 976px\" \/><\/p>\n<p id=\"caption-attachment-3847667\" class=\"wp-caption-text\">Foto: Divulga\u00e7\u00e3o\/Manchester City<\/p>\n<\/div>\n<h2>Refor\u00e7o de peso<\/h2>\n<p>O Liverpool anunciou na manh\u00e3 desta segunda-feira a contrata\u00e7\u00e3o de Bradley Barcola, do Paris Saint-Germain. O franc\u00eas de 23 anos vinha sendo especulado no time ingl\u00eas e, pr\u00f3ximo do fim da janela, chega para vestir a camisa 29 da equipe.<\/p>\n<div id=\"attachment_3847708\" style=\"width: 1034px\" class=\"wp-caption alignnone\"><img loading=\"lazy\" decoding=\"async\" aria-describedby=\"caption-attachment-3847708\" class=\"size-large wp-image-3847708\" src=\"https:\/\/static.gazetaesportiva.com\/uploads\/2026\/08\/bradley-barcola-signing-gallery-30082026-4_3dcfb4b5ef3b8080af3859e8fa4cda3d-1024x770.webp\" alt=\"\" width=\"1024\" height=\"770\" srcset=\"https:\/\/static.gazetaesportiva.com\/uploads\/2026\/08\/bradley-barcola-signing-gallery-30082026-4_3dcfb4b5ef3b8080af3859e8fa4cda3d-1024x770.webp 1024w, https:\/\/static.gazetaesportiva.com\/uploads\/2026\/08\/bradley-barcola-signing-gallery-30082026-4_3dcfb4b5ef3b8080af3859e8fa4cda3d-360x271.webp 360w, https:\/\/static.gazetaesportiva.com\/uploads\/2026\/08\/bradley-barcola-signing-gallery-30082026-4_3dcfb4b5ef3b8080af3859e8fa4cda3d-768x578.webp 768w, https:\/\/static.gazetaesportiva.com\/uploads\/2026\/08\/bradley-barcola-signing-gallery-30082026-4_3dcfb4b5ef3b8080af3859e8fa4cda3d-150x113.webp 150w, https:\/\/static.gazetaesportiva.com\/uploads\/2026\/08\/bradley-barcola-signing-gallery-30082026-4_3dcfb4b5ef3b8080af3859e8fa4cda3d.webp 1440w\" sizes=\"auto, (max-width: 1024px) 100vw, 1024px\" \/><\/p>\n<p id=\"caption-attachment-3847708\" class=\"wp-caption-text\">Foto: Divulga\u00e7\u00e3o \/ Liverpool<\/p>\n<\/div>\n<h2>Brasileiro na It\u00e1lia<\/h2>\n<p>O Torino, da It\u00e1lia, contratou o goleiro Lucas Perri, emprestado pelo Leeds. O jogador de 28 anos j\u00e1 atuou por S\u00e3o Paulo, Botafogo, Crystal Palace e Lyon.<\/p>\n<blockquote class=\"twitter-tweet\">\n<p dir=\"ltr\" lang=\"pt\">Prazer, Lucas <img decoding=\"async\" src=\"https:\/\/s.w.org\/images\/core\/emoji\/17.0.2\/72x72\/1f44b.png\" alt=\"\ud83d\udc4b\" class=\"wp-smiley\" style=\"height: 1em; max-height: 1em;\" \/><img decoding=\"async\" src=\"https:\/\/s.w.org\/images\/core\/emoji\/17.0.2\/72x72\/1f1e7-1f1f7.png\" alt=\"\ud83c\udde7\ud83c\uddf7\" class=\"wp-smiley\" style=\"height: 1em; max-height: 1em;\" \/> <a href=\"https:\/\/t.co\/X7pLsgkXwh\">pic.twitter.com\/X7pLsgkXwh<\/a><\/p>\n<p>\u2014 Torino Football Club (@TorinoFC_1906) <a href=\"https:\/\/x.com\/TorinoFC_1906\/status\/2094372541724782860?ref_src=twsrc%5Etfw\">August 31, 2026<\/a><\/p>\n<\/blockquote>\n<p><script async src=\"https:\/\/platform.x.com\/widgets.js\" charset=\"utf-8\"><\/script><\/p>\n<h2><strong>Cotia em Portugal<\/strong><\/h2>\n<p>O atacante Paulinho foi emprestado pelo S\u00e3o Paulo ao Uni\u00e3o Torreense, clube da segunda divis\u00e3o de Portugal. O jovem revelado em Cotia assinou contrato de empr\u00e9stimo at\u00e9 julho de 2027, com op\u00e7\u00e3o de compra fixada em 1,1 milh\u00e3o de euros (R$ 6,6 milh\u00f5es na cota\u00e7\u00e3o atual).<\/p>\n<blockquote class=\"instagram-media\" style=\"background: #FFF; border: 0; border-radius: 3px; box-shadow: 0 0 1px 0 rgba(0,0,0,0.5),0 1px 10px 0 rgba(0,0,0,0.15); margin: 1px; max-width: 540px; min-width: 326px; padding: 0; width: calc(100% - 2px);\" data-instgrm-captioned=\"\" data-instgrm-permalink=\"https:\/\/www.instagram.com\/p\/Dcs2C1vjNFk\/?utm_source=ig_embed&#038;utm_campaign=loading\" data-instgrm-version=\"14\">\n<div style=\"padding: 16px;\">\n<p>\u00a0<\/p>\n<div style=\"display: flex; flex-direction: row; align-items: center;\">\n<div style=\"background-color: #f4f4f4; border-radius: 50%; flex-grow: 0; height: 40px; margin-right: 14px; width: 40px;\"><\/div>\n<div style=\"display: flex; flex-direction: column; flex-grow: 1; justify-content: center;\">\n<div style=\"background-color: #f4f4f4; border-radius: 4px; flex-grow: 0; height: 14px; margin-bottom: 6px; width: 100px;\"><\/div>\n<div style=\"background-color: #f4f4f4; border-radius: 4px; flex-grow: 0; height: 14px; width: 60px;\"><\/div>\n<\/div>\n<\/div>\n<div style=\"padding: 19% 0;\"><\/div>\n<div style=\"display: block; height: 50px; margin: 0 auto 12px; width: 50px;\"><\/div>\n<div style=\"padding-top: 8px;\">\n<div style=\"color: #3897f0; font-family: Arial,sans-serif; font-size: 14px; font-style: normal; font-weight: 550; line-height: 18px;\">Ver essa foto no Instagram<\/div>\n<\/div>\n<div style=\"padding: 12.5% 0;\"><\/div>\n<div style=\"display: flex; flex-direction: row; margin-bottom: 14px; align-items: center;\">\n<div>\n<div style=\"background-color: #f4f4f4; border-radius: 50%; height: 12.5px; width: 12.5px; transform: translateX(0px) translateY(7px);\"><\/div>\n<div style=\"background-color: #f4f4f4; height: 12.5px; transform: rotate(-45deg) translateX(3px) translateY(1px); width: 12.5px; flex-grow: 0; margin-right: 14px; margin-left: 2px;\"><\/div>\n<div style=\"background-color: #f4f4f4; border-radius: 50%; height: 12.5px; width: 12.5px; transform: translateX(9px) translateY(-18px);\"><\/div>\n<\/div>\n<div style=\"margin-left: 8px;\">\n<div style=\"background-color: #f4f4f4; border-radius: 50%; flex-grow: 0; height: 20px; width: 20px;\"><\/div>\n<div style=\"width: 0; height: 0; border-top: 2px solid transparent; border-left: 6px solid #f4f4f4; border-bottom: 2px solid transparent; transform: translateX(16px) translateY(-4px) rotate(30deg);\"><\/div>\n<\/div>\n<div style=\"margin-left: auto;\">\n<div style=\"width: 0px; border-top: 8px solid #F4F4F4; border-right: 8px solid transparent; transform: translateY(16px);\"><\/div>\n<div style=\"background-color: #f4f4f4; flex-grow: 0; height: 12px; width: 16px; transform: translateY(-4px);\"><\/div>\n<div style=\"width: 0; height: 0; border-top: 8px solid #F4F4F4; border-left: 8px solid transparent; transform: translateY(-4px) translateX(8px);\"><\/div>\n<\/div>\n<\/div>\n<div style=\"display: flex; flex-direction: column; flex-grow: 1; justify-content: center; margin-bottom: 24px;\">\n<div style=\"background-color: #f4f4f4; border-radius: 4px; flex-grow: 0; height: 14px; margin-bottom: 6px; width: 224px;\"><\/div>\n<div style=\"background-color: #f4f4f4; border-radius: 4px; flex-grow: 0; height: 14px; width: 144px;\"><\/div>\n<\/div>\n<p>\u00a0<\/p>\n<p style=\"color: #c9c8cd; font-family: Arial,sans-serif; font-size: 14px; line-height: 17px; margin-bottom: 0; margin-top: 8px; overflow: hidden; padding: 8px 0 7px; text-align: center; text-overflow: ellipsis; white-space: nowrap;\"><a style=\"color: #c9c8cd; font-family: Arial,sans-serif; font-size: 14px; font-style: normal; font-weight: normal; line-height: 17px; text-decoration: none;\" href=\"https:\/\/www.instagram.com\/p\/Dcs2C1vjNFk\/?utm_source=ig_embed&#038;utm_campaign=loading\" target=\"_blank\" rel=\"noopener\">Um post compartilhado por Sport Clube Unia\u0303o Torreense (@scutorreense)<\/a><\/p>\n<\/div>\n<\/blockquote>\n<p><script async src=\"\/\/www.instagram.com\/embed.js\"><\/script><\/p>\n<h2><strong>Novidade no Peixe\u00a0<\/strong><\/h2>\n<p>O Santos anunciou, nesta segunda-feira, a contrata\u00e7\u00e3o do volante Arthur. O jogador de 30 anos chegou de gra\u00e7a ao Peixe ap\u00f3s rescindir contrato com a Juventus e assinou v\u00ednculo at\u00e9 o final de 2026.<\/p>\n<blockquote class=\"twitter-tweet\">\n<p dir=\"ltr\" lang=\"pt\">BEM-VINDO, ARTHUR! <img decoding=\"async\" src=\"https:\/\/s.w.org\/images\/core\/emoji\/17.0.2\/72x72\/26aa.png\" alt=\"\u26aa\" class=\"wp-smiley\" style=\"height: 1em; max-height: 1em;\" \/><img decoding=\"async\" src=\"https:\/\/s.w.org\/images\/core\/emoji\/17.0.2\/72x72\/26ab.png\" alt=\"\u26ab\" class=\"wp-smiley\" style=\"height: 1em; max-height: 1em;\" \/><\/p>\n<p>Arthur \u00e9 do Peix\u00e3o! Com experi\u00eancia internacional, t\u00edtulos importantes e hist\u00f3ria com a Sele\u00e7\u00e3o Brasileira, o volante de 30 anos chega para refor\u00e7ar o meio de campo santista, com contrato at\u00e9 o final de 2026. <a href=\"https:\/\/t.co\/KFziETPnyn\">pic.twitter.com\/KFziETPnyn<\/a><\/p>\n<p>\u2014 Santos FC (@SantosFC) <a href=\"https:\/\/x.com\/SantosFC\/status\/2094472645135741218?ref_src=twsrc%5Etfw\">August 31, 2026<\/a><\/p>\n<\/blockquote>\n<p><script async src=\"https:\/\/platform.x.com\/widgets.js\" charset=\"utf-8\"><\/script><\/p>\n<p>O post <a href=\"https:\/\/www.gazetaesportiva.com\/futebol\/mercado\/siga-as-novidades-do-mercado-da-bola-desta-segunda-feira-31-de-agosto\/\">Siga as novidades do Mercado da Bola desta segunda-feira, 31 de agosto<\/a> apareceu primeiro em <a href=\"https:\/\/www.gazetaesportiva.com\">Gazeta Esportiva<\/a>.<\/p>\n","protected":false},"excerpt":{"rendered":"<p>O\u00a0Mercado da Bola\u00a0est\u00e1 movimentando clubes no Brasil e no exterior, com negocia\u00e7\u00f5es, sondagens e avan\u00e7os que redesenham os<\/p>\n","protected":false},"author":1,"featured_media":11452,"comment_status":"open","ping_status":"open","sticky":false,"template":"","format":"standard","meta":{"footnotes":""},"categories":[71],"tags":[],"class_list":["post-11451","post","type-post","status-publish","format-standard","has-post-thumbnail","hentry","category-esportes-news"],"_links":{"self":[{"href":"https:\/\/portalbahianoticia.com.br\/index.php?rest_route=\/wp\/v2\/posts\/11451","targetHints":{"allow":["GET"]}}],"collection":[{"href":"https:\/\/portalbahianoticia.com.br\/index.php?rest_route=\/wp\/v2\/posts"}],"about":[{"href":"https:\/\/portalbahianoticia.com.br\/index.php?rest_route=\/wp\/v2\/types\/post"}],"author":[{"embeddable":true,"href":"https:\/\/portalbahianoticia.com.br\/index.php?rest_route=\/wp\/v2\/users\/1"}],"replies":[{"embeddable":true,"href":"https:\/\/portalbahianoticia.com.br\/index.php?rest_route=%2Fwp%2Fv2%2Fcomments&post=11451"}],"version-history":[{"count":0,"href":"https:\/\/portalbahianoticia.com.br\/index.php?rest_route=\/wp\/v2\/posts\/11451\/revisions"}],"wp:featuredmedia":[{"embeddable":true,"href":"https:\/\/portalbahianoticia.com.br\/index.php?rest_route=\/wp\/v2\/media\/11452"}],"wp:attachment":[{"href":"https:\/\/portalbahianoticia.com.br\/index.php?rest_route=%2Fwp%2Fv2%2Fmedia&parent=11451"}],"wp:term":[{"taxonomy":"category","embeddable":true,"href":"https:\/\/portalbahianoticia.com.br\/index.php?rest_route=%2Fwp%2Fv2%2Fcategories&post=11451"},{"taxonomy":"post_tag","embeddable":true,"href":"https:\/\/portalbahianoticia.com.br\/index.php?rest_route=%2Fwp%2Fv2%2Ftags&post=11451"}],"curies":[{"name":"wp","href":"https:\/\/api.w.org\/{rel}","templated":true}]}}