{"id":11449,"date":"2026-08-31T15:13:13","date_gmt":"2026-08-31T18:13:13","guid":{"rendered":"https:\/\/portalbahianoticia.com.br\/?p=11449"},"modified":"2026-08-31T15:13:13","modified_gmt":"2026-08-31T18:13:13","slug":"gabriel-jesus-desembarca-na-espanha-para-exames-antes-de-assinar-com-o-barcelona","status":"publish","type":"post","link":"https:\/\/portalbahianoticia.com.br\/?p=11449","title":{"rendered":"Gabriel Jesus desembarca na Espanha para exames antes de assinar com o Barcelona"},"content":{"rendered":"<p><strong>Gabriel Jesus<\/strong> desembarcou na <strong>Espanha<\/strong> na manh\u00e3 desta segunda-feira. O atacante brasileiro chegou ao <strong>aeroporto El Prat<\/strong>, em Barcelona, para realizar exames m\u00e9dicos antes de ser anunciado oficialmente como novo refor\u00e7o do <a href=\"https:\/\/www.gazetaesportiva.com\/times\/barcelona\/\"><strong>Bar\u00e7a.<\/strong><\/a><\/p>\n<blockquote class=\"twitter-tweet\">\n<p dir=\"ltr\" lang=\"es\"><img decoding=\"async\" src=\"https:\/\/s.w.org\/images\/core\/emoji\/17.0.2\/72x72\/1f6ec.png\" alt=\"\ud83d\udeec\" class=\"wp-smiley\" style=\"height: 1em; max-height: 1em;\" \/> \u00a1Gabriel Jes\u00fas ya est\u00e1 en Barcelona! Fichaje inminente <img decoding=\"async\" src=\"https:\/\/s.w.org\/images\/core\/emoji\/17.0.2\/72x72\/2705.png\" alt=\"\u2705\" class=\"wp-smiley\" style=\"height: 1em; max-height: 1em;\" \/><\/p>\n<p><img decoding=\"async\" src=\"https:\/\/s.w.org\/images\/core\/emoji\/17.0.2\/72x72\/1f4f2.png\" alt=\"\ud83d\udcf2\" class=\"wp-smiley\" style=\"height: 1em; max-height: 1em;\" \/> <a href=\"https:\/\/x.com\/A_SeguraJ?ref_src=twsrc%5Etfw\">@A_SeguraJ<\/a> <a href=\"https:\/\/x.com\/hashtag\/Fichajes?src=hash&#038;ref_src=twsrc%5Etfw\">#Fichajes<\/a> <a href=\"https:\/\/t.co\/S6sMQ73ha5\">pic.twitter.com\/S6sMQ73ha5<\/a><\/p>\n<p>\u2014 MARCA (@marca) <a href=\"https:\/\/x.com\/marca\/status\/2094429199775756498?ref_src=twsrc%5Etfw\">August 31, 2026<\/a><\/p>\n<\/blockquote>\n<p><script async src=\"https:\/\/platform.x.com\/widgets.js\" charset=\"utf-8\"><\/script><br \/>\nSegundo o jornal <em>Marca<\/em>, o clube catal\u00e3o desembolsar\u00e1 <strong>10 milh\u00f5es de euros<\/strong> (cerca de R$ 60 milh\u00f5es) em valores fixos pela contrata\u00e7\u00e3o, al\u00e9m de<strong> 4 milh\u00f5es de euros<\/strong> (R$ 24 milh\u00f5es) em b\u00f4nus. Gabriel Jesus assinou contrato v\u00e1lido por <strong>duas temporadas<\/strong>, com op\u00e7\u00e3o de renova\u00e7\u00e3o por mais uma.<\/p>\n<p>Na chegada \u00e0 Espanha, o atacante de <strong>29 anos<\/strong> foi abordado por torcedores e jornalistas que o aguardavam no aeroporto e se limitou a dizer que est\u00e1 \u201cmuito feliz\u201d com a nova etapa da carreira.<\/p>\n<p>Gabriel Jesus realizar\u00e1 os exames m\u00e9dicos ainda nesta segunda-feira. Depois, segundo a imprensa espanhola, o brasileiro deve acompanhar das arquibancadas o duelo entre <strong>Barcelona<\/strong> e <strong>Rayo Vallecano<\/strong>, no Camp Nou.<\/p>\n<p>O an\u00fancio oficial da contrata\u00e7\u00e3o e a apresenta\u00e7\u00e3o do atacante est\u00e3o previstos para <strong>esta ter\u00e7a-feira.<\/strong><\/p>\n<p><strong>Veja tamb\u00e9m:<strong><br \/>\n<a href=\"https:\/\/www.gazetaesportiva.com\/todas-as-noticias\/\">Todas as not\u00edcias da Gazeta Esportiva<\/a><\/strong><br \/>\n<strong><a href=\"https:\/\/www.youtube.com\/channel\/UCcndglQZmXnYjgE_Grqt5yg\">Canal da Gazeta Esportiva no YouTube<\/a><\/strong><br \/>\n<strong><a href=\"https:\/\/www.instagram.com\/gazetaesportiva\/\">Siga a Gazeta Esportiva no Instagram<\/a><br \/>\n<\/strong><strong><a href=\"https:\/\/whatsapp.com\/channel\/0029Va9JQFL3WHTguJNfam3U\">Participe do canal da Gazeta Esportiva no WhatsApp<\/a><\/strong><\/strong><\/p>\n<div class=\"dugout-video dugout-embed-eyJrZXkiOiIiLCJwIjoiZ2F6ZXRhZXNwb3J0aXZhIiwicGwiOiI0a2hoSjVCWCJ9\"><\/div>\n<p><script type=\"text\/javascript\" src=\"https:\/\/embed.onefootball.com\/inline\/gazetaesportiva.js\"><\/script><\/p>\n<p>O post <a href=\"https:\/\/www.gazetaesportiva.com\/times\/barcelona\/gabriel-jesus-chega-espanha-assinar-barcelona\/\">Gabriel Jesus desembarca na Espanha para exames antes de assinar com o Barcelona<\/a> apareceu primeiro em <a href=\"https:\/\/www.gazetaesportiva.com\">Gazeta Esportiva<\/a>.<\/p>\n","protected":false},"excerpt":{"rendered":"<p>Gabriel Jesus desembarcou na Espanha na manh\u00e3 desta segunda-feira. O atacante brasileiro chegou ao aeroporto El Prat, em<\/p>\n","protected":false},"author":1,"featured_media":11450,"comment_status":"open","ping_status":"open","sticky":false,"template":"","format":"standard","meta":{"footnotes":""},"categories":[71],"tags":[],"class_list":["post-11449","post","type-post","status-publish","format-standard","has-post-thumbnail","hentry","category-esportes-news"],"_links":{"self":[{"href":"https:\/\/portalbahianoticia.com.br\/index.php?rest_route=\/wp\/v2\/posts\/11449","targetHints":{"allow":["GET"]}}],"collection":[{"href":"https:\/\/portalbahianoticia.com.br\/index.php?rest_route=\/wp\/v2\/posts"}],"about":[{"href":"https:\/\/portalbahianoticia.com.br\/index.php?rest_route=\/wp\/v2\/types\/post"}],"author":[{"embeddable":true,"href":"https:\/\/portalbahianoticia.com.br\/index.php?rest_route=\/wp\/v2\/users\/1"}],"replies":[{"embeddable":true,"href":"https:\/\/portalbahianoticia.com.br\/index.php?rest_route=%2Fwp%2Fv2%2Fcomments&post=11449"}],"version-history":[{"count":0,"href":"https:\/\/portalbahianoticia.com.br\/index.php?rest_route=\/wp\/v2\/posts\/11449\/revisions"}],"wp:featuredmedia":[{"embeddable":true,"href":"https:\/\/portalbahianoticia.com.br\/index.php?rest_route=\/wp\/v2\/media\/11450"}],"wp:attachment":[{"href":"https:\/\/portalbahianoticia.com.br\/index.php?rest_route=%2Fwp%2Fv2%2Fmedia&parent=11449"}],"wp:term":[{"taxonomy":"category","embeddable":true,"href":"https:\/\/portalbahianoticia.com.br\/index.php?rest_route=%2Fwp%2Fv2%2Fcategories&post=11449"},{"taxonomy":"post_tag","embeddable":true,"href":"https:\/\/portalbahianoticia.com.br\/index.php?rest_route=%2Fwp%2Fv2%2Ftags&post=11449"}],"curies":[{"name":"wp","href":"https:\/\/api.w.org\/{rel}","templated":true}]}}