{"id":11447,"date":"2026-08-31T15:13:14","date_gmt":"2026-08-31T18:13:14","guid":{"rendered":"https:\/\/portalbahianoticia.com.br\/?p=11447"},"modified":"2026-08-31T15:13:14","modified_gmt":"2026-08-31T18:13:14","slug":"quem-e-hayner-ex-jogador-do-santos-investigado-por-trafico-de-armas-e-drogas","status":"publish","type":"post","link":"https:\/\/portalbahianoticia.com.br\/?p=11447","title":{"rendered":"Quem \u00e9 Hayner, ex-jogador do Santos investigado por tr\u00e1fico de armas e drogas"},"content":{"rendered":"<p>Na manh\u00e3 desta segunda-feira, o lateral-direito <strong>Hayner<\/strong>, que atualmente defende o <a href=\"https:\/\/www.gazetaesportiva.com\/times\/vila-nova-go\/\"><strong>Vila Nova<\/strong><\/a> por empr\u00e9stimo do <a href=\"https:\/\/www.gazetaesportiva.com\/times\/santos\/\"><strong>Santos<\/strong><\/a>, foi alvo de mandados de <strong>busca e apreens\u00e3o<\/strong> durante a <a href=\"https:\/\/www.gazetaesportiva.com\/times\/santos\/ex-santos-e-detido-e-jogador-do-vasco-e-alvo-de-operacao-contra-trafico-e-lavagem-de-dinheiro\/\"><strong>Opera\u00e7\u00e3o A Tropa<\/strong><\/a>, que investiga uma organiza\u00e7\u00e3o suspeita de atuar no <strong>tr\u00e1fico interestadual de armas e drogas, al\u00e9m de lavagem de dinheiro<\/strong>.<\/p>\n<p>Segundo nota divulgada pelo Vila Nova, os mandados foram cumpridos na resid\u00eancia do atleta, em Goi\u00e2nia, e no Centro de Treinamento Vila do Tigre, exclusivamente em seu arm\u00e1rio pessoal, para averigua\u00e7\u00e3o.<\/p>\n<p>A opera\u00e7\u00e3o, conduzida pela Pol\u00edcia Civil do Esp\u00edrito Santo, tamb\u00e9m cumpriu quatro mandados de pris\u00e3o tempor\u00e1ria e 15 de busca e apreens\u00e3o. Al\u00e9m de Goi\u00e1s, houve a\u00e7\u00f5es nos estados do Rio de Janeiro, S\u00e3o Paulo e no Distrito Federal.<\/p>\n<h2>Quem \u00e9 Hayner?<\/h2>\n<p>Hayner Willian Monjardim Cordeiro nasceu em <strong>Serra<\/strong>, no Esp\u00edrito Santo, e tem 30 anos. Apesar de ter atuado nas categorias de base do <strong>Rio Branco-ES<\/strong>, o lateral-direito foi revelado profissionalmente pelo <strong>Bahia<\/strong>.<\/p>\n<p>A estreia no time principal aconteceu aos 19 anos, em uma partida contra o Sport, pela Copa Sul-Americana. Em 2016, disputou 22 jogos pelo clube baiano e marcou tr\u00eas gols.<\/p>\n<p>Depois, acumulou empr\u00e9stimos para <strong>N\u00e1utico<\/strong> e <strong>Paysandu<\/strong> antes de ser negociado com o <strong>Novorizontino<\/strong>. Ao longo da carreira, tamb\u00e9m defendeu <strong>Louletano, de Portugal, Cuiab\u00e1, Azuriz-PR, Sport, Atl\u00e9tico-GO, Dnipro-1, da Ucr\u00e2nia, e Coritiba<\/strong>.<\/p>\n<p>No fim de 2023, chegou ao <strong>Santos<\/strong> por empr\u00e9stimo do Azuriz para a disputa do <strong>Campeonato Paulista<\/strong> e da <strong>S\u00e9rie B de 2024<\/strong>. No Alvinegro Praiano, destacou-se pela versatilidade, atuando nos dois lados da defesa sob o comando de <strong>F\u00e1bio Carille<\/strong>.<\/p>\n<p>Hayner viveu seu melhor momento com a camisa santista durante o Paulist\u00e3o de 2024, quando foi eleito o <strong>melhor lateral-direito da competi\u00e7\u00e3o<\/strong>. Na S\u00e9rie B, tamb\u00e9m teve papel importante na campanha que terminou com o acesso e o <strong>t\u00edtulo nacional<\/strong>.<\/p>\n<p>Apesar do bom desempenho em 2024, <strong>perdeu espa\u00e7o<\/strong> no in\u00edcio da temporada seguinte para os jovens <strong>JP Chermont<\/strong> e <strong>Souza<\/strong>, este \u00faltimo atualmente no Tottenham. Ao todo, disputou <strong>38 partidas<\/strong> com a camisa do Santos entre 2024 e 2025.<\/p>\n<p>Sem espa\u00e7o no elenco, foi emprestado ao <strong>CRB<\/strong> para a disputa da S\u00e9rie B de 2025. Pela equipe alagoana, entrou em campo 20 vezes.<\/p>\n<p>Em 2026, seguiu novamente por empr\u00e9stimo, desta vez para o <strong>Vila Nova<\/strong>. At\u00e9 o momento, soma 34 partidas pelo clube goiano. Seu jogo mais recente foi no \u00faltimo domingo, na vit\u00f3ria por 2 a 0 sobre o Cear\u00e1, quando atuou durante os 90 minutos.<\/p>\n<p><strong>Veja tamb\u00e9m:<\/strong><br \/>\n<strong><a href=\"https:\/\/www.gazetaesportiva.com\/todas-as-noticias\/\">Todas as not\u00edcias da Gazeta Esportiva<\/a><\/strong><br \/>\n<strong><a href=\"https:\/\/www.youtube.com\/channel\/UCcndglQZmXnYjgE_Grqt5yg\">Canal da Gazeta Esportiva no YouTube<\/a><\/strong><br \/>\n<strong><a href=\"https:\/\/www.instagram.com\/gazetaesportiva\/\">Siga a Gazeta Esportiva no Instagram<\/a><br \/>\n<\/strong><strong><a href=\"https:\/\/whatsapp.com\/channel\/0029Va9JQFL3WHTguJNfam3U\">Participe do canal da Gazeta Esportiva no WhatsApp<\/a><\/strong><\/p>\n<h2>Rela\u00e7\u00e3o com David, outro investigado<\/h2>\n<p>Assim como Hayner, o atacante <strong>David Corr\u00eaa<\/strong>, conhecido como <strong>DVD<\/strong> e atualmente no Vasco, tamb\u00e9m nasceu em <strong>Serra<\/strong>, no Esp\u00edrito Santo.<\/p>\n<p>Os dois jogadores t\u00eam a mesma idade e fizeram parte da <strong>mesma gera\u00e7\u00e3o<\/strong> no futebol capixaba, convivendo durante o <strong>per\u00edodo de forma\u00e7\u00e3o<\/strong>. A proximidade constru\u00edda na inf\u00e2ncia e nos primeiros anos da carreira resultou em uma <strong>amizade<\/strong> que se manteve ao longo do tempo.<\/p>\n<p>Segundo o Vila Nova, o pr\u00f3prio Hayner acredita que sua inclus\u00e3o entre os alvos da opera\u00e7\u00e3o esteja relacionada justamente \u00e0 <strong>amizade com um dos investigados<\/strong>.<\/p>\n<h2>Pol\u00eamica recente<\/h2>\n<p>Em 2025, quando estava emprestado ao CRB, Hayner se envolveu em uma <strong>pol\u00eamica<\/strong> nas redes sociais ap\u00f3s a goleada sofrida pelo <strong>Santos<\/strong> por <strong>6 a 0<\/strong> para o <strong>Vasco<\/strong>.<\/p>\n<p>Na ocasi\u00e3o, o lateral publicou uma mensagem <strong>exaltando<\/strong> a atua\u00e7\u00e3o de David e <strong>ironizando<\/strong> o momento vivido pelo clube paulista.<\/p>\n<p><strong>\u201cIsso \u00e9 DVD! A felicidade de voc\u00eas \u00e9 a minha\u201d<\/strong>, escreveu.<\/p>\n<div id=\"attachment_3847713\" style=\"width: 723px\" class=\"wp-caption alignnone\"><img fetchpriority=\"high\" decoding=\"async\" aria-describedby=\"caption-attachment-3847713\" class=\"wp-image-3847713 size-full\" src=\"https:\/\/static.gazetaesportiva.com\/uploads\/2026\/08\/hayner.webp\" alt=\"\" width=\"713\" height=\"945\" srcset=\"https:\/\/static.gazetaesportiva.com\/uploads\/2026\/08\/hayner.webp 713w, https:\/\/static.gazetaesportiva.com\/uploads\/2026\/08\/hayner-272x360.webp 272w, https:\/\/static.gazetaesportiva.com\/uploads\/2026\/08\/hayner-150x199.webp 150w\" sizes=\"(max-width: 713px) 100vw, 713px\" \/><\/p>\n<p id=\"caption-attachment-3847713\" class=\"wp-caption-text\">Foto: Reprodu\u00e7\u00e3o\/@hayner_27<\/p>\n<\/div>\n<p>O epis\u00f3dio gerou forte repercuss\u00e3o entre torcedores santistas. Internamente, a diretoria chegou a <strong>avaliar a rescis\u00e3o<\/strong> antecipada do contrato do atleta, mas o departamento jur\u00eddico entendeu que <strong>n\u00e3o havia elementos suficientes<\/strong> para caracterizar justa causa.<\/p>\n<p>Diante disso, o Santos <strong>optou por manter o v\u00ednculo<\/strong> contratual, que se encerra no final de 2026.<\/p>\n<h2>Vila Nova se pronuncia<\/h2>\n<p>Em nota oficial, o Vila Nova afirmou que, segundo relato do pr\u00f3prio jogador, ele <strong>n\u00e3o possui qualquer envolvimento<\/strong> com atividades il\u00edcitas.<\/p>\n<p>\u201cO atleta acredita que tenha sido inclu\u00eddo entre os alvos da medida judicial em raz\u00e3o de uma amizade de inf\u00e2ncia com um dos investigados por tr\u00e1fico de drogas, oriundo da mesma comunidade onde cresceu\u201d, informou o clube.<\/p>\n<p>A equipe goiana tamb\u00e9m destacou que Hayner <strong>colaborou integralmente com as autoridades<\/strong> e se colocou \u00e0 disposi\u00e7\u00e3o para prestar esclarecimentos.<\/p>\n<p>At\u00e9 o momento, o jogador segue <strong>exercendo normalmente suas atividades<\/strong> profissionais. O Vila Nova afirmou que acompanhar\u00e1 os desdobramentos da investiga\u00e7\u00e3o e adotar\u00e1 eventuais medidas com base nos fatos que forem oficialmente apurados pelas autoridades competentes.<\/p>\n<blockquote class=\"twitter-tweet\">\n<p dir=\"ltr\" lang=\"pt\">NOTA OFICIAL<\/p>\n<p>O Vila Nova Futebol Clube vem a p\u00fablico se manifestar sobre a Opera\u00e7\u00e3o A Tropa, deflagrada pela Pol\u00edcia Federal, que teve entre seus alvos o nosso atleta Hayner, com o cumprimento de mandado de busca e apreens\u00e3o em sua resid\u00eancia e, no Centro de Treinamento Vila do\u2026 <a href=\"https:\/\/t.co\/aGbpCWWqmC\">pic.twitter.com\/aGbpCWWqmC<\/a><\/p>\n<p>\u2014 Vila Nova F.C. (@VilaNovaFC) <a href=\"https:\/\/x.com\/VilaNovaFC\/status\/2094413193321877649?ref_src=twsrc%5Etfw\">August 31, 2026<\/a><\/p>\n<\/blockquote>\n<p><script async src=\"https:\/\/platform.x.com\/widgets.js\" charset=\"utf-8\"><\/script><\/p>\n<h3>Veja a nota na \u00edntegra<\/h3>\n<p><em>O Vila Nova Futebol Clube vem a p\u00fablico se manifestar sobre a Opera\u00e7\u00e3o A Tropa, deflagrada pela Pol\u00edcia Federal, que teve entre seus alvos o nosso atleta Hayner, com o cumprimento de mandado de busca e apreens\u00e3o em sua resid\u00eancia e, no Centro de Treinamento Vila do Tigre, exclusivamente em seu arm\u00e1rio pessoal, para averigua\u00e7\u00e3o.<\/em><\/p>\n<p><em>Segundo relato do pr\u00f3prio atleta, n\u00e3o h\u00e1 qualquer envolvimento de sua parte com atividades il\u00edcitas. Hayner acredita que tenha sido inclu\u00eddo entre os alvos da medida judicial em raz\u00e3o de uma amizade de inf\u00e2ncia com um dos investigados por tr\u00e1fico de drogas, que \u00e9 oriundo da mesma comunidade onde o jogador cresceu, no Esp\u00edrito Santo, local tamb\u00e9m relacionado a outros atletas que foram alvo da opera\u00e7\u00e3o.<\/em><\/p>\n<p><em>A medida tem como objetivo justamente averiguar a eventual exist\u00eancia, ou n\u00e3o, de qualquer rela\u00e7\u00e3o il\u00edcita entre o atleta e o investigado. Hayner colaborou integralmente com as autoridades e se colocou \u00e0 disposi\u00e7\u00e3o para prestar todos os esclarecimentos necess\u00e1rios.<\/em><\/p>\n<p><em>O Vila Nova Futebol Clube tamb\u00e9m se colocou \u00e0 disposi\u00e7\u00e3o das autoridades e da Justi\u00e7a para contribuir com o esclarecimento de todos os fatos. O clube ressalta que respeita integralmente o devido processo legal, o contradit\u00f3rio e a ampla defesa, princ\u00edpios fundamentais para a apura\u00e7\u00e3o de qualquer situa\u00e7\u00e3o.<\/em><\/p>\n<p><em>At\u00e9 o momento, o atleta segue exercendo normalmente suas atividades profissionais. Ao longo de sua passagem pelo clube, o atleta sempre demonstrou profissionalismo, cumprindo regularmente suas obriga\u00e7\u00f5es e n\u00e3o tendo, at\u00e9 ent\u00e3o, dado qualquer margem para questionamentos dessa natureza.<\/em><\/p>\n<p><em>O Vila Nova aguarda os desdobramentos da opera\u00e7\u00e3o e, a partir dos fatos que forem efetivamente apurados pelas autoridades competentes, tomar\u00e1 as medidas que eventualmente se fizerem necess\u00e1rias.<\/em><\/p>\n<p><em>O clube refor\u00e7a, por fim, que sempre esteve e continuar\u00e1 \u00e0 disposi\u00e7\u00e3o das autoridades, cumprindo rigorosamente seus compromissos legais e colaborando para o esclarecimento dos fatos.<\/em><\/p>\n<div class=\"dugout-video dugout-embed-eyJrZXkiOiIiLCJwIjoiZ2F6ZXRhZXNwb3J0aXZhIiwicGwiOiI0a2hoSjVCWCJ9\"><\/div>\n<p><script type=\"text\/javascript\" src=\"https:\/\/embed.onefootball.com\/inline\/gazetaesportiva.js\"><\/script><\/p>\n<div class=\"code-block code-block-10\">\n<div class=\"hb-ad-inpage\">\n<div class=\"hb-ad-inner\"><\/div>\n<\/div>\n<\/div>\n<p>O post <a href=\"https:\/\/www.gazetaesportiva.com\/times\/santos\/quem-e-hayner-ex-jogador-do-santos-investigado-por-trafico-de-armas-e-drogas\/\">Quem \u00e9 Hayner, ex-jogador do Santos investigado por tr\u00e1fico de armas e drogas<\/a> apareceu primeiro em <a href=\"https:\/\/www.gazetaesportiva.com\">Gazeta Esportiva<\/a>.<\/p>\n","protected":false},"excerpt":{"rendered":"<p>Na manh\u00e3 desta segunda-feira, o lateral-direito Hayner, que atualmente defende o Vila Nova por empr\u00e9stimo do Santos, foi<\/p>\n","protected":false},"author":1,"featured_media":11448,"comment_status":"open","ping_status":"open","sticky":false,"template":"","format":"standard","meta":{"footnotes":""},"categories":[71],"tags":[],"class_list":["post-11447","post","type-post","status-publish","format-standard","has-post-thumbnail","hentry","category-esportes-news"],"_links":{"self":[{"href":"https:\/\/portalbahianoticia.com.br\/index.php?rest_route=\/wp\/v2\/posts\/11447","targetHints":{"allow":["GET"]}}],"collection":[{"href":"https:\/\/portalbahianoticia.com.br\/index.php?rest_route=\/wp\/v2\/posts"}],"about":[{"href":"https:\/\/portalbahianoticia.com.br\/index.php?rest_route=\/wp\/v2\/types\/post"}],"author":[{"embeddable":true,"href":"https:\/\/portalbahianoticia.com.br\/index.php?rest_route=\/wp\/v2\/users\/1"}],"replies":[{"embeddable":true,"href":"https:\/\/portalbahianoticia.com.br\/index.php?rest_route=%2Fwp%2Fv2%2Fcomments&post=11447"}],"version-history":[{"count":0,"href":"https:\/\/portalbahianoticia.com.br\/index.php?rest_route=\/wp\/v2\/posts\/11447\/revisions"}],"wp:featuredmedia":[{"embeddable":true,"href":"https:\/\/portalbahianoticia.com.br\/index.php?rest_route=\/wp\/v2\/media\/11448"}],"wp:attachment":[{"href":"https:\/\/portalbahianoticia.com.br\/index.php?rest_route=%2Fwp%2Fv2%2Fmedia&parent=11447"}],"wp:term":[{"taxonomy":"category","embeddable":true,"href":"https:\/\/portalbahianoticia.com.br\/index.php?rest_route=%2Fwp%2Fv2%2Fcategories&post=11447"},{"taxonomy":"post_tag","embeddable":true,"href":"https:\/\/portalbahianoticia.com.br\/index.php?rest_route=%2Fwp%2Fv2%2Ftags&post=11447"}],"curies":[{"name":"wp","href":"https:\/\/api.w.org\/{rel}","templated":true}]}}