{"id":11441,"date":"2026-08-31T15:13:17","date_gmt":"2026-08-31T18:13:17","guid":{"rendered":"https:\/\/portalbahianoticia.com.br\/?p=11441"},"modified":"2026-08-31T15:13:17","modified_gmt":"2026-08-31T18:13:17","slug":"messi-anuncia-aposentadoria-da-selecao-argentina-apos-21-anos","status":"publish","type":"post","link":"https:\/\/portalbahianoticia.com.br\/?p=11441","title":{"rendered":"Messi anuncia aposentadoria da sele\u00e7\u00e3o argentina ap\u00f3s 21 anos"},"content":{"rendered":"<p>O atacante<strong> Lionel Messi<\/strong> anunciou, nesta segunda-feira, sua <strong>aposentadoria<\/strong> da sele\u00e7\u00e3o argentina. Aos<strong> 39 anos<\/strong>, o craque publicou uma carta de despedida em seu perfil no<em> Instagram<\/em> e encerrou uma <strong>trajet\u00f3ria de 21 anos<\/strong> defendendo a camisa de seu pa\u00eds.<\/p>\n<blockquote class=\"instagram-media\" style=\"background: #FFF; border: 0; border-radius: 3px; box-shadow: 0 0 1px 0 rgba(0,0,0,0.5),0 1px 10px 0 rgba(0,0,0,0.15); margin: 1px; max-width: 540px; min-width: 326px; padding: 0; width: calc(100% - 2px);\" data-instgrm-captioned=\"\" data-instgrm-permalink=\"https:\/\/www.instagram.com\/p\/DctWzhYxElg\/?utm_source=ig_embed&#038;utm_campaign=loading\" data-instgrm-version=\"14\">\n<div style=\"padding: 16px;\">\n<p>\u00a0<\/p>\n<div style=\"display: flex; flex-direction: row; align-items: center;\">\n<div style=\"background-color: #f4f4f4; border-radius: 50%; flex-grow: 0; height: 40px; margin-right: 14px; width: 40px;\"><\/div>\n<div style=\"display: flex; flex-direction: column; flex-grow: 1; justify-content: center;\">\n<div style=\"background-color: #f4f4f4; border-radius: 4px; flex-grow: 0; height: 14px; margin-bottom: 6px; width: 100px;\"><\/div>\n<div style=\"background-color: #f4f4f4; border-radius: 4px; flex-grow: 0; height: 14px; width: 60px;\"><\/div>\n<\/div>\n<\/div>\n<div style=\"padding: 19% 0;\"><\/div>\n<div style=\"display: block; height: 50px; margin: 0 auto 12px; width: 50px;\"><\/div>\n<div style=\"padding-top: 8px;\">\n<div style=\"color: #3897f0; font-family: Arial,sans-serif; font-size: 14px; font-style: normal; font-weight: 550; line-height: 18px;\">Ver essa foto no Instagram<\/div>\n<\/div>\n<div style=\"padding: 12.5% 0;\"><\/div>\n<div style=\"display: flex; flex-direction: row; margin-bottom: 14px; align-items: center;\">\n<div>\n<div style=\"background-color: #f4f4f4; border-radius: 50%; height: 12.5px; width: 12.5px; transform: translateX(0px) translateY(7px);\"><\/div>\n<div style=\"background-color: #f4f4f4; height: 12.5px; transform: rotate(-45deg) translateX(3px) translateY(1px); width: 12.5px; flex-grow: 0; margin-right: 14px; margin-left: 2px;\"><\/div>\n<div style=\"background-color: #f4f4f4; border-radius: 50%; height: 12.5px; width: 12.5px; transform: translateX(9px) translateY(-18px);\"><\/div>\n<\/div>\n<div style=\"margin-left: 8px;\">\n<div style=\"background-color: #f4f4f4; border-radius: 50%; flex-grow: 0; height: 20px; width: 20px;\"><\/div>\n<div style=\"width: 0; height: 0; border-top: 2px solid transparent; border-left: 6px solid #f4f4f4; border-bottom: 2px solid transparent; transform: translateX(16px) translateY(-4px) rotate(30deg);\"><\/div>\n<\/div>\n<div style=\"margin-left: auto;\">\n<div style=\"width: 0px; border-top: 8px solid #F4F4F4; border-right: 8px solid transparent; transform: translateY(16px);\"><\/div>\n<div style=\"background-color: #f4f4f4; flex-grow: 0; height: 12px; width: 16px; transform: translateY(-4px);\"><\/div>\n<div style=\"width: 0; height: 0; border-top: 8px solid #F4F4F4; border-left: 8px solid transparent; transform: translateY(-4px) translateX(8px);\"><\/div>\n<\/div>\n<\/div>\n<div style=\"display: flex; flex-direction: column; flex-grow: 1; justify-content: center; margin-bottom: 24px;\">\n<div style=\"background-color: #f4f4f4; border-radius: 4px; flex-grow: 0; height: 14px; margin-bottom: 6px; width: 224px;\"><\/div>\n<div style=\"background-color: #f4f4f4; border-radius: 4px; flex-grow: 0; height: 14px; width: 144px;\"><\/div>\n<\/div>\n<p>\u00a0<\/p>\n<p style=\"color: #c9c8cd; font-family: Arial,sans-serif; font-size: 14px; line-height: 17px; margin-bottom: 0; margin-top: 8px; overflow: hidden; padding: 8px 0 7px; text-align: center; text-overflow: ellipsis; white-space: nowrap;\"><a style=\"color: #c9c8cd; font-family: Arial,sans-serif; font-size: 14px; font-style: normal; font-weight: normal; line-height: 17px; text-decoration: none;\" href=\"https:\/\/www.instagram.com\/p\/DctWzhYxElg\/?utm_source=ig_embed&#038;utm_campaign=loading\" target=\"_blank\" rel=\"noopener\">Um post compartilhado por Leo Messi (@leomessi)<\/a><\/p>\n<\/div>\n<\/blockquote>\n<p><script async src=\"\/\/www.instagram.com\/embed.js\"><\/script><br \/>\n\u201cFoi uma decis\u00e3o dolorosa \u2014 e que ainda d\u00f3i l\u00e1 no fundo \u2014, mas entendo que chegou a hora. Juro a voc\u00eas que sempre dei tudo de mim \u2014 n\u00e3o apenas nestes \u00faltimos anos, em que conquistamos tudo, mas tamb\u00e9m antes disso; sempre lutei e deixei tudo em campo por esta camisa, para levar alegria a voc\u00eas e fazer com que se orgulhassem de ser argentinos atrav\u00e9s do futebol\u201d, escreveu.<\/p>\n<p>Messi estreou pela sele\u00e7\u00e3o principal em 17 de agosto de 2005, em amistoso contra a Hungria. Ao longo de sua trajet\u00f3ria, o craque conquistou a <strong>Copa Am\u00e9rica de 2021 e 2024, a Copa do Mundo de 2022 e a Final\u00edssima de 2022<\/strong>, al\u00e9m de t\u00edtulos pelas categorias de base da Argentina.<\/p>\n<p>Em sua carta de despedida, o atacante agradeceu pelo carinho recebido durante os mais de 20 anos com a camisa argentina e afirmou que sentir\u00e1 falta da torcida.<\/p>\n<p>\u201cObrigado por todo o carinho ao longo destes \u00faltimos 20 anos. Sentirei muita falta de ouvir voc\u00eas l\u00e1 de dentro do campo. Agora serei apenas mais um de voc\u00eas, torcendo e apoiando de fora (nos bons e nos maus momentos \u2014 especialmente nos maus)\u201d, disse.<\/p>\n<p>Messi tamb\u00e9m destacou que os ciclos chegam ao fim e afirmou que continuar\u00e1 amando a sele\u00e7\u00e3o argentina. O jogador ainda citou a <strong>nova gera\u00e7\u00e3o<\/strong> que surge no futebol do pa\u00eds.<\/p>\n<p>\u201cO tempo passa, ciclos se encerram, e este \u00e9 um que me d\u00f3i profundamente. Amo, amei e sempre amarei fazer parte da Sele\u00e7\u00e3o. Dei tudo o que tinha; n\u00e3o me resta mais nada a oferecer e, al\u00e9m disso, h\u00e1 jovens jogadores excelentes surgindo que merecem estar aqui.\u201d<\/p>\n<p>Pela sele\u00e7\u00e3o principal, Messi encerra sua trajet\u00f3ria com<strong> 207 jogos<\/strong> e <strong>125 gols<\/strong>. O atacante deixa a equipe como maior artilheiro e um dos principais nomes da hist\u00f3ria do futebol argentino.<\/p>\n<div class='fotorama' data-click='false' data-nav='thumbs' data-allowfullscreen='true'><a data-caption='\n\n<div class=\"fotorama_legenda_galeria\">Foto por PAUL ELLIS \/ AFP<\/div>\n<p>&#8216; href=&#8217;https:\/\/static.gazetaesportiva.com\/uploads\/2026\/08\/AFP__20260831__C6X84NU__v1__HighRes__FilesFblArgMessi-1024&#215;683.webp&#8217; data-thumb=&#8217;https:\/\/static.gazetaesportiva.com\/uploads\/2026\/08\/AFP__20260831__C6X84NU__v1__HighRes__FilesFblArgMessi-1024&#215;683.webp&#8217;><\/a><a data-caption='\n\n<div class=\"fotorama_legenda_galeria\">Foto por FRANCK FIFE \/ AFP<\/div>\n<p>&#8216; href=&#8217;https:\/\/static.gazetaesportiva.com\/uploads\/2026\/08\/AFP__20260831__C6X83CV__v1__HighRes__FilesFblArgMessi-1024&#215;683.webp&#8217; data-thumb=&#8217;https:\/\/static.gazetaesportiva.com\/uploads\/2026\/08\/AFP__20260831__C6X83CV__v1__HighRes__FilesFblArgMessi-1024&#215;683.webp&#8217;><\/a><a data-caption='\n\n<div class=\"fotorama_legenda_galeria\">Foto por KIRILL KUDRYAVTSEV \/ AFP<\/div>\n<p>&#8216; href=&#8217;https:\/\/static.gazetaesportiva.com\/uploads\/2026\/08\/AFP__20260831__C6X94ZQ__v1__HighRes__FilesFblArgMessi-1024&#215;683.webp&#8217; data-thumb=&#8217;https:\/\/static.gazetaesportiva.com\/uploads\/2026\/08\/AFP__20260831__C6X94ZQ__v1__HighRes__FilesFblArgMessi-1024&#215;683.webp&#8217;><\/a><a data-caption='\n\n<div class=\"fotorama_legenda_galeria\">Foto por PAUL ELLIS \/ AFP<\/div>\n<p>&#8216; href=&#8217;https:\/\/static.gazetaesportiva.com\/uploads\/2026\/08\/AFP__20260831__C6X84NT__v1__HighRes__FilesFblArgMessi-683&#215;1024.webp&#8217; data-thumb=&#8217;https:\/\/static.gazetaesportiva.com\/uploads\/2026\/08\/AFP__20260831__C6X84NT__v1__HighRes__FilesFblArgMessi-683&#215;1024.webp&#8217;><\/a><a data-caption='\n\n<div class=\"fotorama_legenda_galeria\">Foto por FRANCK FIFE \/ AFP<\/div>\n<p>&#8216; href=&#8217;https:\/\/static.gazetaesportiva.com\/uploads\/2026\/08\/AFP__20260831__C6X83CW__v1__HighRes__FilesFblArgMessi-1024&#215;683.webp&#8217; data-thumb=&#8217;https:\/\/static.gazetaesportiva.com\/uploads\/2026\/08\/AFP__20260831__C6X83CW__v1__HighRes__FilesFblArgMessi-1024&#215;683.webp&#8217;><\/a><a data-caption='\n\n<div class=\"fotorama_legenda_galeria\">Foto por ANNE-CHRISTINE POUJOULAT \/ AFP<\/div>\n<p>&#8216; href=&#8217;https:\/\/static.gazetaesportiva.com\/uploads\/2026\/08\/AFP__20260831__C6X94T3__v1__HighRes__FilesFblArgMessi-1024&#215;683.webp&#8217; data-thumb=&#8217;https:\/\/static.gazetaesportiva.com\/uploads\/2026\/08\/AFP__20260831__C6X94T3__v1__HighRes__FilesFblArgMessi-1024&#215;683.webp&#8217;><\/a><a data-caption='\n\n<div class=\"fotorama_legenda_galeria\">Foto por JUAN MABROMATA \/ AFP<\/div>\n<p>&#8216; href=&#8217;https:\/\/static.gazetaesportiva.com\/uploads\/2026\/08\/AFP__20260831__C6X82NT__v1__HighRes__FilesFblArgMessi-1024&#215;683.webp&#8217; data-thumb=&#8217;https:\/\/static.gazetaesportiva.com\/uploads\/2026\/08\/AFP__20260831__C6X82NT__v1__HighRes__FilesFblArgMessi-1024&#215;683.webp&#8217;><\/a><a data-caption='\n\n<div class=\"fotorama_legenda_galeria\">Foto por JUAN MABROMATA \/ AFP<\/div>\n<p>&#8216; href=&#8217;https:\/\/static.gazetaesportiva.com\/uploads\/2026\/08\/AFP__20260831__C6X92CQ__v1__HighRes__FilesFblArgMessi-1024&#215;674.webp&#8217; data-thumb=&#8217;https:\/\/static.gazetaesportiva.com\/uploads\/2026\/08\/AFP__20260831__C6X92CQ__v1__HighRes__FilesFblArgMessi-1024&#215;674.webp&#8217;><\/a><a data-caption='\n\n<div class=\"fotorama_legenda_galeria\">Foto por THOMAS COEX \/ AFP<\/div>\n<p>&#8216; href=&#8217;https:\/\/static.gazetaesportiva.com\/uploads\/2026\/08\/AFP__20260831__C6X87NR__v1__HighRes__FilesFblArgMessi-1024&#215;683.webp&#8217; data-thumb=&#8217;https:\/\/static.gazetaesportiva.com\/uploads\/2026\/08\/AFP__20260831__C6X87NR__v1__HighRes__FilesFblArgMessi-1024&#215;683.webp&#8217;><\/a><a data-caption='\n\n<div class=\"fotorama_legenda_galeria\">Foto por THOMAS COEX \/ AFP<\/div>\n<p>&#8216; href=&#8217;https:\/\/static.gazetaesportiva.com\/uploads\/2026\/08\/AFP__20260831__C6X88KE__v1__HighRes__FilesFblArgMessi-1024&#215;683.webp&#8217; data-thumb=&#8217;https:\/\/static.gazetaesportiva.com\/uploads\/2026\/08\/AFP__20260831__C6X88KE__v1__HighRes__FilesFblArgMessi-1024&#215;683.webp&#8217;><\/a><a data-caption='\n\n<div class=\"fotorama_legenda_galeria\">Foto por PAUL ELLIS \/ AFP<\/div>\n<p>&#8216; href=&#8217;https:\/\/static.gazetaesportiva.com\/uploads\/2026\/08\/AFP__20260831__C6X86ZU__v1__HighRes__FilesFblArgMessi-1024&#215;728.webp&#8217; data-thumb=&#8217;https:\/\/static.gazetaesportiva.com\/uploads\/2026\/08\/AFP__20260831__C6X86ZU__v1__HighRes__FilesFblArgMessi-1024&#215;728.webp&#8217;><\/a><a data-caption='\n\n<div class=\"fotorama_legenda_galeria\">Foto por PATRICIA DE MELO MOREIRA \/ AFP<\/div>\n<p>&#8216; href=&#8217;https:\/\/static.gazetaesportiva.com\/uploads\/2026\/08\/AFP__20260831__C6X86ZQ__v1__HighRes__FilesFblArgMessi-1024&#215;683.webp&#8217; data-thumb=&#8217;https:\/\/static.gazetaesportiva.com\/uploads\/2026\/08\/AFP__20260831__C6X86ZQ__v1__HighRes__FilesFblArgMessi-1024&#215;683.webp&#8217;><\/a><a data-caption='\n\n<div class=\"fotorama_legenda_galeria\">Foto por JEWEL SAMAD \/ AFP<\/div>\n<p>&#8216; href=&#8217;https:\/\/static.gazetaesportiva.com\/uploads\/2026\/08\/AFP__20260831__C6X83CR__v1__HighRes__FilesFblArgMessi-1024&#215;683.webp&#8217; data-thumb=&#8217;https:\/\/static.gazetaesportiva.com\/uploads\/2026\/08\/AFP__20260831__C6X83CR__v1__HighRes__FilesFblArgMessi-1024&#215;683.webp&#8217;><\/a><a data-caption='\n\n<div class=\"fotorama_legenda_galeria\">Foto por ROBERTO SCHMIDT \/ AFP<\/div>\n<p>&#8216; href=&#8217;https:\/\/static.gazetaesportiva.com\/uploads\/2026\/08\/AFP__20260831__C6X86ZR__v1__HighRes__FilesFblArgMessi-1024&#215;683.webp&#8217; data-thumb=&#8217;https:\/\/static.gazetaesportiva.com\/uploads\/2026\/08\/AFP__20260831__C6X86ZR__v1__HighRes__FilesFblArgMessi-1024&#215;683.webp&#8217;><\/a><a data-caption='\n\n<div class=\"fotorama_legenda_galeria\">Foto por PAUL ELLIS \/ AFP<\/div>\n<p>&#8216; href=&#8217;https:\/\/static.gazetaesportiva.com\/uploads\/2026\/08\/AFP__20260831__C6X879E__v1__HighRes__FilesFblArgMessi-1024&#215;683.webp&#8217; data-thumb=&#8217;https:\/\/static.gazetaesportiva.com\/uploads\/2026\/08\/AFP__20260831__C6X879E__v1__HighRes__FilesFblArgMessi-1024&#215;683.webp&#8217;><\/a><\/div>\n<p><\/p>\n<h2>Confira a nota completa:<\/h2>\n<p>\u201cDepois de todo o tempo que passou desde a final, e ap\u00f3s refletir bastante, quero comunicar a todos que estou me aposentando da Sele\u00e7\u00e3o\u2026<\/p>\n<p>Foi uma decis\u00e3o dolorosa \u2014 e que ainda d\u00f3i l\u00e1 no fundo \u2014, mas entendo que chegou a hora. Juro a voc\u00eas que sempre dei tudo de mim \u2014 n\u00e3o apenas nestes \u00faltimos anos, em que conquistamos tudo, mas tamb\u00e9m antes disso; sempre lutei e deixei tudo em campo por esta camisa, para levar alegria a voc\u00eas e fazer com que se orgulhassem de ser argentinos atrav\u00e9s do futebol.<\/p>\n<p>O tempo passa, ciclos se encerram, e este \u00e9 um que me d\u00f3i profundamente. Amo, amei e sempre amarei fazer parte da Sele\u00e7\u00e3o. Dei tudo o que tinha; n\u00e3o me resta mais nada a oferecer e, al\u00e9m disso, h\u00e1 jovens jogadores excelentes surgindo que merecem estar aqui.<\/p>\n<p>Obrigado por todo o carinho ao longo destes \u00faltimos 20 anos. Sentirei muita falta de ouvir voc\u00eas l\u00e1 de dentro do campo. Agora serei apenas mais um de voc\u00eas, torcendo e apoiando de fora (nos bons e nos maus momentos \u2014 especialmente nos maus).<\/p>\n<p>Obrigado \u00e0 minha fam\u00edlia por estar sempre presente, por me acompanhar nesta jornada \u2014 t\u00e3o linda, por\u00e9m t\u00e3o dif\u00edcil. Obrigado a cada treinador, companheiro de equipe e dirigente com quem compartilhei este caminho. Levo comigo mem\u00f3rias e momentos inesquec\u00edveis.<\/p>\n<p>Saio com a tranquilidade e o orgulho de ter proporcionado a voc\u00eas \u2014 junto com meus companheiros \u2014 momentos com os quais um dia apenas sonh\u00e1vamos. Foi uma experi\u00eancia incr\u00edvel viver isso com todos voc\u00eas. Amo voc\u00eas!<\/p>\n<p>Obrigado, Deus, por me fazer argentino.<\/p>\n<p>Vamos, Argentina!<\/p>\n<p>*Escrevi estas palavras em 21 de julho, dois dias depois da final. Hoje, depois do que aconteceu com meu pai, estou ainda mais convencido do que antes.\u201d<\/p>\n<p><strong>Veja tamb\u00e9m:<strong><br \/>\n<a href=\"https:\/\/www.gazetaesportiva.com\/todas-as-noticias\/\">Todas as not\u00edcias da Gazeta Esportiva<\/a><\/strong><br \/>\n<strong><a href=\"https:\/\/www.youtube.com\/channel\/UCcndglQZmXnYjgE_Grqt5yg\">Canal da Gazeta Esportiva no YouTube<\/a><\/strong><br \/>\n<strong><a href=\"https:\/\/www.instagram.com\/gazetaesportiva\/\">Siga a Gazeta Esportiva no Instagram<\/a><br \/>\n<\/strong><strong><a href=\"https:\/\/whatsapp.com\/channel\/0029Va9JQFL3WHTguJNfam3U\">Participe do canal da Gazeta Esportiva no WhatsApp<\/a><\/strong><\/strong><\/p>\n<div class=\"dugout-video dugout-embed-eyJrZXkiOiIiLCJwIjoiZ2F6ZXRhZXNwb3J0aXZhIiwicGwiOiI0a2hoSjVCWCJ9\"><\/div>\n<p><script type=\"text\/javascript\" src=\"https:\/\/embed.onefootball.com\/inline\/gazetaesportiva.js\"><\/script><\/p>\n<p>O post <a href=\"https:\/\/www.gazetaesportiva.com\/times\/argentina\/messi-anuncia-aposentadoria-da-selecao-argentina\/\">Messi anuncia aposentadoria da sele\u00e7\u00e3o argentina ap\u00f3s 21 anos<\/a> apareceu primeiro em <a href=\"https:\/\/www.gazetaesportiva.com\">Gazeta Esportiva<\/a>.<\/p>\n","protected":false},"excerpt":{"rendered":"<p>O atacante Lionel Messi anunciou, nesta segunda-feira, sua aposentadoria da sele\u00e7\u00e3o argentina. Aos 39 anos, o craque publicou<\/p>\n","protected":false},"author":1,"featured_media":11442,"comment_status":"open","ping_status":"open","sticky":false,"template":"","format":"standard","meta":{"footnotes":""},"categories":[71],"tags":[],"class_list":["post-11441","post","type-post","status-publish","format-standard","has-post-thumbnail","hentry","category-esportes-news"],"_links":{"self":[{"href":"https:\/\/portalbahianoticia.com.br\/index.php?rest_route=\/wp\/v2\/posts\/11441","targetHints":{"allow":["GET"]}}],"collection":[{"href":"https:\/\/portalbahianoticia.com.br\/index.php?rest_route=\/wp\/v2\/posts"}],"about":[{"href":"https:\/\/portalbahianoticia.com.br\/index.php?rest_route=\/wp\/v2\/types\/post"}],"author":[{"embeddable":true,"href":"https:\/\/portalbahianoticia.com.br\/index.php?rest_route=\/wp\/v2\/users\/1"}],"replies":[{"embeddable":true,"href":"https:\/\/portalbahianoticia.com.br\/index.php?rest_route=%2Fwp%2Fv2%2Fcomments&post=11441"}],"version-history":[{"count":0,"href":"https:\/\/portalbahianoticia.com.br\/index.php?rest_route=\/wp\/v2\/posts\/11441\/revisions"}],"wp:featuredmedia":[{"embeddable":true,"href":"https:\/\/portalbahianoticia.com.br\/index.php?rest_route=\/wp\/v2\/media\/11442"}],"wp:attachment":[{"href":"https:\/\/portalbahianoticia.com.br\/index.php?rest_route=%2Fwp%2Fv2%2Fmedia&parent=11441"}],"wp:term":[{"taxonomy":"category","embeddable":true,"href":"https:\/\/portalbahianoticia.com.br\/index.php?rest_route=%2Fwp%2Fv2%2Fcategories&post=11441"},{"taxonomy":"post_tag","embeddable":true,"href":"https:\/\/portalbahianoticia.com.br\/index.php?rest_route=%2Fwp%2Fv2%2Ftags&post=11441"}],"curies":[{"name":"wp","href":"https:\/\/api.w.org\/{rel}","templated":true}]}}