{"id":11433,"date":"2026-08-31T15:13:21","date_gmt":"2026-08-31T18:13:21","guid":{"rendered":"https:\/\/portalbahianoticia.com.br\/?p=11433"},"modified":"2026-08-31T15:13:21","modified_gmt":"2026-08-31T18:13:21","slug":"santos-anuncia-a-contratacao-do-volante-arthur-melo-ex-gremio-e-barcelona","status":"publish","type":"post","link":"https:\/\/portalbahianoticia.com.br\/?p=11433","title":{"rendered":"Santos anuncia a contrata\u00e7\u00e3o do volante Arthur Melo, ex-Gr\u00eamio e Barcelona"},"content":{"rendered":"<p>O <strong><a href=\"https:\/\/www.gazetaesportiva.com\/times\/santos\/\">Santos<\/a> <\/strong>anunciou a contrata\u00e7\u00e3o do volante Arthur Melo, de 30 anos, para a sequ\u00eancia da temporada. Livre no mercado ap\u00f3s rescindir seu contrato com a Juventus, da It\u00e1lia, o jogador assinou v\u00ednculo com o Peixe <strong>at\u00e9 o fim de 2026<\/strong>.<\/p>\n<p>Arthur chegou ao CT Rei Pel\u00e9 para realizar exames m\u00e9dicos e, ap\u00f3s ser aprovado, formalizou o acordo com o clube. A diretoria santista j\u00e1 havia alinhado as bases contratuais com o meio-campista e aguardava apenas a conclus\u00e3o dos \u00faltimos tr\u00e2mites para oficializar o refor\u00e7o.<\/p>\n<blockquote class=\"twitter-tweet\">\n<p dir=\"ltr\" lang=\"pt\">BEM-VINDO, ARTHUR! <img decoding=\"async\" src=\"https:\/\/s.w.org\/images\/core\/emoji\/17.0.2\/72x72\/26aa.png\" alt=\"\u26aa\" class=\"wp-smiley\" style=\"height: 1em; max-height: 1em;\" \/><img decoding=\"async\" src=\"https:\/\/s.w.org\/images\/core\/emoji\/17.0.2\/72x72\/26ab.png\" alt=\"\u26ab\" class=\"wp-smiley\" style=\"height: 1em; max-height: 1em;\" \/><\/p>\n<p>Arthur \u00e9 do Peix\u00e3o! Com experi\u00eancia internacional, t\u00edtulos importantes e hist\u00f3ria com a Sele\u00e7\u00e3o Brasileira, o volante de 30 anos chega para refor\u00e7ar o meio de campo santista, com contrato at\u00e9 o final de 2026. <a href=\"https:\/\/t.co\/KFziETPnyn\">pic.twitter.com\/KFziETPnyn<\/a><\/p>\n<p>\u2014 Santos FC (@SantosFC) <a href=\"https:\/\/x.com\/SantosFC\/status\/2094472645135741218?ref_src=twsrc%5Etfw\">August 31, 2026<\/a><\/p>\n<\/blockquote>\n<p><script async src=\"https:\/\/platform.x.com\/widgets.js\" charset=\"utf-8\"><\/script>A contrata\u00e7\u00e3o s\u00f3 p\u00f4de avan\u00e7ar depois de o Santos resolver o transfer ban que impedia o registro de novos jogadores. O clube, com ajuda da NR Sports, empresa de Neymar pai, <strong><a href=\"https:\/\/www.gazetaesportiva.com\/times\/santos\/santos-paga-transfer-ban-com-ajuda-da-empresa-do-pai-de-neymar\/\">quitou uma d\u00edvida de 2,032 milh\u00f5es de euros (cerca de R$ 12 milh\u00f5es) com o Monaco<\/a><\/strong>, da Fran\u00e7a, referente \u00e0 contrata\u00e7\u00e3o de Jean Lucas, realizada em 2023.<\/p>\n<p>Neymar foi um dos entusiastas da contrata\u00e7\u00e3o do atleta. Por isso, houve o esfor\u00e7o por parte da empresa de sua fam\u00edlia para ajudar o Alvnegro Praiano com o aporte necess\u00e1rio para quitar a puni\u00e7\u00e3o imposta pela Fifa.<\/p>\n<h2>Arthur chega para refor\u00e7ar o meio-campo<\/h2>\n<p>Arthur desembarca na Vila Belmiro como uma alternativa experiente para o setor de meio-campo de Cuca. Antes mesmo do acerto, o treinador havia elogiado o jogador ao ser questionado sobre a possibilidade de contar com ele.<\/p>\n<p>O t\u00e9cnico tamb\u00e9m vinha destacando a necessidade de refor\u00e7ar o elenco depois das sa\u00eddas registradas na janela de transfer\u00eancias. Com a regulariza\u00e7\u00e3o da situa\u00e7\u00e3o financeira que provocou o transfer ban, o Santos conseguiu avan\u00e7ar pela contrata\u00e7\u00e3o.<\/p>\n<p>Neymar tamb\u00e9m mant\u00e9m uma rela\u00e7\u00e3o pr\u00f3xima com Arthur e via com bons olhos a possibilidade de atuar ao lado do volante no Peixe.<\/p>\n<h2>Carreira de Arthur<\/h2>\n<p>Revelado pelo Gr\u00eamio, Arthur ganhou proje\u00e7\u00e3o nacional principalmente durante a campanha do t\u00edtulo da Libertadores de 2017. O desempenho pelo clube ga\u00facho abriu as portas para o futebol europeu.<\/p>\n<p>Em 2018, o meio-campista foi negociado com o Barcelona. Depois da passagem pela equipe espanhola, transferiu-se para a Juventus e tamb\u00e9m defendeu Liverpool, Fiorentina e Girona no futebol europeu.<\/p>\n<p><strong>Veja tamb\u00e9m:<\/strong><br \/>\n<strong><a href=\"https:\/\/www.gazetaesportiva.com\/todas-as-noticias\/\">Todas as not\u00edcias da Gazeta Esportiva<\/a><\/strong><br \/>\n<strong><a href=\"https:\/\/www.youtube.com\/channel\/UCcndglQZmXnYjgE_Grqt5yg\">Canal da Gazeta Esportiva no YouTube<\/a><\/strong><br \/>\n<strong><a href=\"https:\/\/www.instagram.com\/gazetaesportiva\/\">Siga a Gazeta Esportiva no Instagram<\/a><br \/>\n<\/strong><strong><a href=\"https:\/\/whatsapp.com\/channel\/0029Va9JQFL3WHTguJNfam3U\">Participe do canal da Gazeta Esportiva no WhatsApp<\/a><\/strong><\/p>\n<p>Na \u00faltima temporada, Arthur retornou ao Gr\u00eamio por empr\u00e9stimo. Posteriormente, rescindiu seu v\u00ednculo com a Juventus e ficou livre no mercado antes do acerto com o Santos.<\/p>\n<p>Ao longo da carreira, o volante soma 308 partidas, com 14 gols e 17 assist\u00eancias.<\/p>\n<p>Agora, Arthur inicia uma nova etapa no futebol brasileiro e passa a integrar o elenco comandado por Cuca para a sequ\u00eancia da temporada.<\/p>\n<div class=\"dugout-video dugout-embed-eyJrZXkiOiIiLCJwIjoiZ2F6ZXRhZXNwb3J0aXZhIiwicGwiOiI0a2hoSjVCWCJ9\"><\/div>\n<p><script type=\"text\/javascript\" src=\"https:\/\/embed.onefootball.com\/inline\/gazetaesportiva.js\"><\/script><\/p>\n<p>O post <a href=\"https:\/\/www.gazetaesportiva.com\/times\/santos\/arthur-melo-santos-contratacao-reforco\/\">Santos anuncia a contrata\u00e7\u00e3o do volante Arthur Melo, ex-Gr\u00eamio e Barcelona<\/a> apareceu primeiro em <a href=\"https:\/\/www.gazetaesportiva.com\">Gazeta Esportiva<\/a>.<\/p>\n","protected":false},"excerpt":{"rendered":"<p>O Santos anunciou a contrata\u00e7\u00e3o do volante Arthur Melo, de 30 anos, para a sequ\u00eancia da temporada. Livre<\/p>\n","protected":false},"author":1,"featured_media":11434,"comment_status":"open","ping_status":"open","sticky":false,"template":"","format":"standard","meta":{"footnotes":""},"categories":[71],"tags":[],"class_list":["post-11433","post","type-post","status-publish","format-standard","has-post-thumbnail","hentry","category-esportes-news"],"_links":{"self":[{"href":"https:\/\/portalbahianoticia.com.br\/index.php?rest_route=\/wp\/v2\/posts\/11433","targetHints":{"allow":["GET"]}}],"collection":[{"href":"https:\/\/portalbahianoticia.com.br\/index.php?rest_route=\/wp\/v2\/posts"}],"about":[{"href":"https:\/\/portalbahianoticia.com.br\/index.php?rest_route=\/wp\/v2\/types\/post"}],"author":[{"embeddable":true,"href":"https:\/\/portalbahianoticia.com.br\/index.php?rest_route=\/wp\/v2\/users\/1"}],"replies":[{"embeddable":true,"href":"https:\/\/portalbahianoticia.com.br\/index.php?rest_route=%2Fwp%2Fv2%2Fcomments&post=11433"}],"version-history":[{"count":0,"href":"https:\/\/portalbahianoticia.com.br\/index.php?rest_route=\/wp\/v2\/posts\/11433\/revisions"}],"wp:featuredmedia":[{"embeddable":true,"href":"https:\/\/portalbahianoticia.com.br\/index.php?rest_route=\/wp\/v2\/media\/11434"}],"wp:attachment":[{"href":"https:\/\/portalbahianoticia.com.br\/index.php?rest_route=%2Fwp%2Fv2%2Fmedia&parent=11433"}],"wp:term":[{"taxonomy":"category","embeddable":true,"href":"https:\/\/portalbahianoticia.com.br\/index.php?rest_route=%2Fwp%2Fv2%2Fcategories&post=11433"},{"taxonomy":"post_tag","embeddable":true,"href":"https:\/\/portalbahianoticia.com.br\/index.php?rest_route=%2Fwp%2Fv2%2Ftags&post=11433"}],"curies":[{"name":"wp","href":"https:\/\/api.w.org\/{rel}","templated":true}]}}