{"id":11431,"date":"2026-08-31T15:13:22","date_gmt":"2026-08-31T18:13:22","guid":{"rendered":"https:\/\/portalbahianoticia.com.br\/?p=11431"},"modified":"2026-08-31T15:13:22","modified_gmt":"2026-08-31T18:13:22","slug":"atacante-do-sao-paulo-paulinho-e-anunciado-por-time-de-portugal-veja-detalhes","status":"publish","type":"post","link":"https:\/\/portalbahianoticia.com.br\/?p=11431","title":{"rendered":"Atacante do S\u00e3o Paulo, Paulinho \u00e9 anunciado por time de Portugal; veja detalhes"},"content":{"rendered":"<p>O atacante <strong>Paulinho<\/strong>, revelado na base do <strong><a href=\"https:\/\/www.gazetaesportiva.com\/times\/sao-paulo\/\">S\u00e3o Paulo<\/a><\/strong>, foi oficialmente anunciado pela Uni\u00e3o Torreense, clube da segunda divis\u00e3o de Portugal. O jogador de 21 anos assinou contrato de empr\u00e9stimo, v\u00e1lido at\u00e9 o final da temporada europeia, em meados de julho de 2027.<\/p>\n<p>O acordo entre S\u00e3o Paulo e Uni\u00e3o Torreense tamb\u00e9m prev\u00ea uma op\u00e7\u00e3o de compra fixada em 1,1 milh\u00e3o de euros (R$ 6,6 milh\u00f5es na cota\u00e7\u00e3o atual) por 100% dos direitos econ\u00f4micos do atacante.<\/p>\n<p>\u201cVamos juntos, feliz por estar aqui!\u201d, comentou o jogador na publica\u00e7\u00e3o do an\u00fancio oficial do time portugu\u00eas.<\/p>\n<p>Inicialmente, Paulinho seria liberado gratuitamente ao Botafogo-SP, e o S\u00e3o Paulo manteria 40% de seus direitos econ\u00f4micos. No entanto, a diretoria tricolor voltou atr\u00e1s ap\u00f3s a m\u00e1 repercuss\u00e3o do neg\u00f3cio nas redes sociais e decidiu somente emprest\u00e1-lo. A negocia\u00e7\u00e3o com o clube do interior paulista n\u00e3o foi para a frente, e o atleta foi negociado com o clube europeu.<\/p>\n<blockquote class=\"instagram-media\" style=\"background: #FFF; border: 0; border-radius: 3px; box-shadow: 0 0 1px 0 rgba(0,0,0,0.5),0 1px 10px 0 rgba(0,0,0,0.15); margin: 1px; max-width: 540px; min-width: 326px; padding: 0; width: calc(100% - 2px);\" data-instgrm-captioned=\"\" data-instgrm-permalink=\"https:\/\/www.instagram.com\/p\/Dcs2C1vjNFk\/?utm_source=ig_embed&#038;utm_campaign=loading\" data-instgrm-version=\"14\">\n<div style=\"padding: 16px;\">\n<p>\u00a0<\/p>\n<div style=\"display: flex; flex-direction: row; align-items: center;\">\n<div style=\"background-color: #f4f4f4; border-radius: 50%; flex-grow: 0; height: 40px; margin-right: 14px; width: 40px;\"><\/div>\n<div style=\"display: flex; flex-direction: column; flex-grow: 1; justify-content: center;\">\n<div style=\"background-color: #f4f4f4; border-radius: 4px; flex-grow: 0; height: 14px; margin-bottom: 6px; width: 100px;\"><\/div>\n<div style=\"background-color: #f4f4f4; border-radius: 4px; flex-grow: 0; height: 14px; width: 60px;\"><\/div>\n<\/div>\n<\/div>\n<div style=\"padding: 19% 0;\"><\/div>\n<div style=\"display: block; height: 50px; margin: 0 auto 12px; width: 50px;\"><\/div>\n<div style=\"padding-top: 8px;\">\n<div style=\"color: #3897f0; font-family: Arial,sans-serif; font-size: 14px; font-style: normal; font-weight: 550; line-height: 18px;\">Ver essa foto no Instagram<\/div>\n<\/div>\n<div style=\"padding: 12.5% 0;\"><\/div>\n<div style=\"display: flex; flex-direction: row; margin-bottom: 14px; align-items: center;\">\n<div>\n<div style=\"background-color: #f4f4f4; border-radius: 50%; height: 12.5px; width: 12.5px; transform: translateX(0px) translateY(7px);\"><\/div>\n<div style=\"background-color: #f4f4f4; height: 12.5px; transform: rotate(-45deg) translateX(3px) translateY(1px); width: 12.5px; flex-grow: 0; margin-right: 14px; margin-left: 2px;\"><\/div>\n<div style=\"background-color: #f4f4f4; border-radius: 50%; height: 12.5px; width: 12.5px; transform: translateX(9px) translateY(-18px);\"><\/div>\n<\/div>\n<div style=\"margin-left: 8px;\">\n<div style=\"background-color: #f4f4f4; border-radius: 50%; flex-grow: 0; height: 20px; width: 20px;\"><\/div>\n<div style=\"width: 0; height: 0; border-top: 2px solid transparent; border-left: 6px solid #f4f4f4; border-bottom: 2px solid transparent; transform: translateX(16px) translateY(-4px) rotate(30deg);\"><\/div>\n<\/div>\n<div style=\"margin-left: auto;\">\n<div style=\"width: 0px; border-top: 8px solid #F4F4F4; border-right: 8px solid transparent; transform: translateY(16px);\"><\/div>\n<div style=\"background-color: #f4f4f4; flex-grow: 0; height: 12px; width: 16px; transform: translateY(-4px);\"><\/div>\n<div style=\"width: 0; height: 0; border-top: 8px solid #F4F4F4; border-left: 8px solid transparent; transform: translateY(-4px) translateX(8px);\"><\/div>\n<\/div>\n<\/div>\n<div style=\"display: flex; flex-direction: column; flex-grow: 1; justify-content: center; margin-bottom: 24px;\">\n<div style=\"background-color: #f4f4f4; border-radius: 4px; flex-grow: 0; height: 14px; margin-bottom: 6px; width: 224px;\"><\/div>\n<div style=\"background-color: #f4f4f4; border-radius: 4px; flex-grow: 0; height: 14px; width: 144px;\"><\/div>\n<\/div>\n<p>\u00a0<\/p>\n<p style=\"color: #c9c8cd; font-family: Arial,sans-serif; font-size: 14px; line-height: 17px; margin-bottom: 0; margin-top: 8px; overflow: hidden; padding: 8px 0 7px; text-align: center; text-overflow: ellipsis; white-space: nowrap;\"><a style=\"color: #c9c8cd; font-family: Arial,sans-serif; font-size: 14px; font-style: normal; font-weight: normal; line-height: 17px; text-decoration: none;\" href=\"https:\/\/www.instagram.com\/p\/Dcs2C1vjNFk\/?utm_source=ig_embed&#038;utm_campaign=loading\" target=\"_blank\" rel=\"noopener\">Um post compartilhado por Sport Clube Unia\u0303o Torreense (@scutorreense)<\/a><\/p>\n<\/div>\n<\/blockquote>\n<p><script async src=\"\/\/www.instagram.com\/embed.js\"><\/script><\/p>\n<p>Paulinho estava fora dos planos da comiss\u00e3o t\u00e9cnica de Dorival J\u00fanior. Como\u00a0<strong><a href=\"https:\/\/www.gazetaesportiva.com\/times\/sao-paulo\/sao-paulo-libera-cinco-jogadores-veja-quem-sao\/\">explicado pela reportagem em junho<\/a><\/strong>, o jogador integrava a lista dos cinco atletas liberados pelo clube a buscarem um novo destino. O jovem de 21 anos j\u00e1 treinava separado do restante do elenco desde o in\u00edcio da intertemporada.<\/p>\n<p>O atacante \u00e9 cria de Cotia e foi um dos destaques do t\u00edtulo da Copa S\u00e3o Paulo de Futebol J\u00fanior, em 2025, al\u00e9m de ter sido o artilheiro do time na edi\u00e7\u00e3o deste ano, com seis gols. Ele chegou a estrear no time profissional no mesmo ano, quando disputou tr\u00eas jogos, mas nunca se firmou.<\/p>\n<p>Na atual temporada, o jogador sofreu uma les\u00e3o no joelho esquerdo na final da Copinha, o que atrapalhou seu desenvolvimento. Se recuperou, mas n\u00e3o retomou o espa\u00e7o que um dia j\u00e1 teve no profissional e, agora, inicia uma nova etapa da carreira em Portugal.<\/p>\n<h2><strong>Pr\u00f3ximos jogos do S\u00e3o Paulo<\/strong><\/h2>\n<p><strong>S\u00e3o Paulo x Atl\u00e9tico-MG<\/strong> (26\u00aa rodada do Campeonato Brasileiro)<br \/>\nData e hor\u00e1rio: 05\/09 (s\u00e1bado), \u00e0s 18h30 (de Bras\u00edlia)<br \/>\nLocal: Morumbis, em S\u00e3o Paulo (SP)<\/p>\n<p><strong>Boca Juniors x S\u00e3o Paulo<\/strong> (jogo de ida das quartas de final da Copa Sul-Americana)<br \/>\nData e hor\u00e1rio: 08\/09 (ter\u00e7a-feira), \u00e0s 21h30 (de Bras\u00edlia)<br \/>\nLocal: La Bombonera, em Buenos Aires (ARG)<\/p>\n<div class=\"dugout-video dugout-embed-eyJrZXkiOiIiLCJwIjoiZ2F6ZXRhZXNwb3J0aXZhIiwicGwiOiI0a2hoSjVCWCJ9\"><\/div>\n<p><script type=\"text\/javascript\" src=\"https:\/\/embed.onefootball.com\/inline\/gazetaesportiva.js\"><\/script><\/p>\n<p>O post <a href=\"https:\/\/www.gazetaesportiva.com\/times\/sao-paulo\/atacante-do-sao-paulo-paulinho-e-anunciado-por-time-de-portugal-veja-detalhes\/\">Atacante do S\u00e3o Paulo, Paulinho \u00e9 anunciado por time de Portugal; veja detalhes<\/a> apareceu primeiro em <a href=\"https:\/\/www.gazetaesportiva.com\">Gazeta Esportiva<\/a>.<\/p>\n","protected":false},"excerpt":{"rendered":"<p>O atacante Paulinho, revelado na base do S\u00e3o Paulo, foi oficialmente anunciado pela Uni\u00e3o Torreense, clube da segunda<\/p>\n","protected":false},"author":1,"featured_media":11432,"comment_status":"open","ping_status":"open","sticky":false,"template":"","format":"standard","meta":{"footnotes":""},"categories":[71],"tags":[],"class_list":["post-11431","post","type-post","status-publish","format-standard","has-post-thumbnail","hentry","category-esportes-news"],"_links":{"self":[{"href":"https:\/\/portalbahianoticia.com.br\/index.php?rest_route=\/wp\/v2\/posts\/11431","targetHints":{"allow":["GET"]}}],"collection":[{"href":"https:\/\/portalbahianoticia.com.br\/index.php?rest_route=\/wp\/v2\/posts"}],"about":[{"href":"https:\/\/portalbahianoticia.com.br\/index.php?rest_route=\/wp\/v2\/types\/post"}],"author":[{"embeddable":true,"href":"https:\/\/portalbahianoticia.com.br\/index.php?rest_route=\/wp\/v2\/users\/1"}],"replies":[{"embeddable":true,"href":"https:\/\/portalbahianoticia.com.br\/index.php?rest_route=%2Fwp%2Fv2%2Fcomments&post=11431"}],"version-history":[{"count":0,"href":"https:\/\/portalbahianoticia.com.br\/index.php?rest_route=\/wp\/v2\/posts\/11431\/revisions"}],"wp:featuredmedia":[{"embeddable":true,"href":"https:\/\/portalbahianoticia.com.br\/index.php?rest_route=\/wp\/v2\/media\/11432"}],"wp:attachment":[{"href":"https:\/\/portalbahianoticia.com.br\/index.php?rest_route=%2Fwp%2Fv2%2Fmedia&parent=11431"}],"wp:term":[{"taxonomy":"category","embeddable":true,"href":"https:\/\/portalbahianoticia.com.br\/index.php?rest_route=%2Fwp%2Fv2%2Fcategories&post=11431"},{"taxonomy":"post_tag","embeddable":true,"href":"https:\/\/portalbahianoticia.com.br\/index.php?rest_route=%2Fwp%2Fv2%2Ftags&post=11431"}],"curies":[{"name":"wp","href":"https:\/\/api.w.org\/{rel}","templated":true}]}}