{"id":11429,"date":"2026-08-31T15:13:23","date_gmt":"2026-08-31T18:13:23","guid":{"rendered":"https:\/\/portalbahianoticia.com.br\/?p=11429"},"modified":"2026-08-31T15:13:23","modified_gmt":"2026-08-31T18:13:23","slug":"nova-contratacao-do-flamengo-chega-ao-rio-de-janeiro-para-assinar-contrato","status":"publish","type":"post","link":"https:\/\/portalbahianoticia.com.br\/?p=11429","title":{"rendered":"Nova contrata\u00e7\u00e3o do Flamengo chega ao Rio de Janeiro para assinar contrato"},"content":{"rendered":"<p>O argentino Joaqu\u00edn Freitas chegou ao Rio de Janeiro na manh\u00e3 desta segunda-feira. O atacante de 19 anos desembarcou no Aeroporto do Gale\u00e3o para se apresentar e assinar contrato com o Flamengo, depois de jogar pelo River Plate por duas temporadas.<\/p>\n<p>O jogador chega ap\u00f3s a sa\u00edda de Gonzalo Plata, vendido para o D\u00ednamo de Moscou. Outro refor\u00e7o para a posi\u00e7\u00e3o \u00e9 Anthony Valencia, que chegou no \u00faltimo domingo.<\/p>\n<div class=\"dugout-video dugout-embed-eyJrZXkiOiIiLCJwIjoiZ2F6ZXRhZXNwb3J0aXZhIiwicGwiOiI0a2hoSjVCWCJ9\"><\/div>\n<p><script type=\"text\/javascript\" src=\"https:\/\/embed.onefootball.com\/inline\/gazetaesportiva.js\"><\/script><\/p>\n<p>Freitas jogou como ponta direita e segundo atacante com o treinador Eduardo Coudet, demitido esta semana do River Plate ap\u00f3s elimina\u00e7\u00e3o da Sul-Americana. O jovem atleta chegou a ser convocado para a sele\u00e7\u00e3o argentina nos amistosos de prepara\u00e7\u00e3o para a Copa do Mundo.<\/p>\n<p>O Flamengo tem pressa para assinar contrato com os refor\u00e7os. O prazo para inscrever novos jogadores nas quartas de final da Libertadores vai at\u00e9 o dia 4 de setembro, mesmo que a janela de transfer\u00eancias brasileira fique aberta at\u00e9 o dia 11.<\/p>\n<p>A equipe treinada por Leonardo Jardim encara o Independiente del Valle, atual campe\u00e3o do Campeonato Equatoriano e que tem uma sequ\u00eancia de 16 vit\u00f3rias consecutivas.<\/p>\n<p><strong>Veja tamb\u00e9m:<\/strong><br \/>\n<strong><a href=\"https:\/\/www.gazetaesportiva.com\/todas-as-noticias\/\">Todas as not\u00edcias da Gazeta Esportiva<\/a><\/strong><br \/>\n<strong><a href=\"https:\/\/www.youtube.com\/channel\/UCcndglQZmXnYjgE_Grqt5yg\">Canal da Gazeta Esportiva no YouTube<\/a><\/strong><br \/>\n<strong><a href=\"https:\/\/www.instagram.com\/gazetaesportiva\/\">Siga a Gazeta Esportiva no Instagram<\/a><br \/>\n<\/strong><strong><a href=\"https:\/\/whatsapp.com\/channel\/0029Va9JQFL3WHTguJNfam3U\">Participe do canal da Gazeta Esportiva no WhatsApp<\/a><\/strong><\/p>\n<p>O post <a href=\"https:\/\/www.gazetaesportiva.com\/times\/flamengo\/nova-contratacao-do-flamengo-chega-ao-rio-de-janeiro-para-assinar-contrato\/\">Nova contrata\u00e7\u00e3o do Flamengo chega ao Rio de Janeiro para assinar contrato<\/a> apareceu primeiro em <a href=\"https:\/\/www.gazetaesportiva.com\">Gazeta Esportiva<\/a>.<\/p>\n","protected":false},"excerpt":{"rendered":"<p>O argentino Joaqu\u00edn Freitas chegou ao Rio de Janeiro na manh\u00e3 desta segunda-feira. O atacante de 19 anos<\/p>\n","protected":false},"author":1,"featured_media":11430,"comment_status":"open","ping_status":"open","sticky":false,"template":"","format":"standard","meta":{"footnotes":""},"categories":[71],"tags":[],"class_list":["post-11429","post","type-post","status-publish","format-standard","has-post-thumbnail","hentry","category-esportes-news"],"_links":{"self":[{"href":"https:\/\/portalbahianoticia.com.br\/index.php?rest_route=\/wp\/v2\/posts\/11429","targetHints":{"allow":["GET"]}}],"collection":[{"href":"https:\/\/portalbahianoticia.com.br\/index.php?rest_route=\/wp\/v2\/posts"}],"about":[{"href":"https:\/\/portalbahianoticia.com.br\/index.php?rest_route=\/wp\/v2\/types\/post"}],"author":[{"embeddable":true,"href":"https:\/\/portalbahianoticia.com.br\/index.php?rest_route=\/wp\/v2\/users\/1"}],"replies":[{"embeddable":true,"href":"https:\/\/portalbahianoticia.com.br\/index.php?rest_route=%2Fwp%2Fv2%2Fcomments&post=11429"}],"version-history":[{"count":0,"href":"https:\/\/portalbahianoticia.com.br\/index.php?rest_route=\/wp\/v2\/posts\/11429\/revisions"}],"wp:featuredmedia":[{"embeddable":true,"href":"https:\/\/portalbahianoticia.com.br\/index.php?rest_route=\/wp\/v2\/media\/11430"}],"wp:attachment":[{"href":"https:\/\/portalbahianoticia.com.br\/index.php?rest_route=%2Fwp%2Fv2%2Fmedia&parent=11429"}],"wp:term":[{"taxonomy":"category","embeddable":true,"href":"https:\/\/portalbahianoticia.com.br\/index.php?rest_route=%2Fwp%2Fv2%2Fcategories&post=11429"},{"taxonomy":"post_tag","embeddable":true,"href":"https:\/\/portalbahianoticia.com.br\/index.php?rest_route=%2Fwp%2Fv2%2Ftags&post=11429"}],"curies":[{"name":"wp","href":"https:\/\/api.w.org\/{rel}","templated":true}]}}