{"id":11427,"date":"2026-08-31T15:13:24","date_gmt":"2026-08-31T18:13:24","guid":{"rendered":"https:\/\/portalbahianoticia.com.br\/?p=11427"},"modified":"2026-08-31T15:13:24","modified_gmt":"2026-08-31T18:13:24","slug":"com-novidades-palmeiras-se-reapresenta-e-abre-treinos-para-decisao-na-copa-do-brasil","status":"publish","type":"post","link":"https:\/\/portalbahianoticia.com.br\/?p=11427","title":{"rendered":"Com novidades, Palmeiras se reapresenta e abre treinos para decis\u00e3o na Copa do Brasil"},"content":{"rendered":"<p>Nesta segunda-feira, ap\u00f3s empate por 1 a 1 com o Mirassol, pelo Brasileir\u00e3o, o <a href=\"https:\/\/www.gazetaesportiva.com\/times\/palmeiras\/\">Palmeiras<\/a> se reapresentou na Academia de Futebol e abriu a prepara\u00e7\u00e3o para enfrentar o Santos. A bola rola para o jogo de volta das quartas de final da Copa do Brasil na quarta-feira, \u00e0s 21h30 (de Bras\u00edlia), na Vila Belmiro.<\/p>\n<p>Os jogadores que atuaram por mais de 45 minutos em Mirassol seguiram o cronograma regenerativo na parte interna do centro de excel\u00eancia. Os demais realizaram dois trabalhos t\u00e9cnicos no campo. Primeiro, um exerc\u00edcio de racioc\u00ednio e rea\u00e7\u00e3o com toques limitados, seguido de um coletivo com Crias da Academia.<\/p>\n<p>As novidades foram as presen\u00e7as do zagueiro Barboza, do lateral esquerdo Piquerez e do meia-atacante Jhon Arias, que fizeram o primeiro trabalho integrados ao elenco. O argentino foi preservado do jogo em raz\u00e3o de um trauma no p\u00e9, o uruguaio teve um edema na coxa direita e o colombiano se recupera de uma les\u00e3o leve na coxa direita.<\/p>\n<p>Veja tamb\u00e9m:<br \/>\n<a href=\"https:\/\/www.gazetaesportiva.com\/todas-as-noticias\/\">Todas as not\u00edcias da Gazeta Esportiva<\/a><br \/>\n<strong><a href=\"https:\/\/www.youtube.com\/channel\/UCcndglQZmXnYjgE_Grqt5yg\">Canal da Gazeta Esportiva no YouTube<\/a><\/strong><br \/>\n<strong><a href=\"https:\/\/www.instagram.com\/gazetaesportiva\/\">Siga a Gazeta Esportiva no Instagram<\/a><br \/>\n<\/strong><strong><a href=\"https:\/\/whatsapp.com\/channel\/0029Va9JQFL3WHTguJNfam3U\">Participe do canal da Gazeta Esportiva no WhatsApp<\/a><\/strong><\/p>\n<h2>\u00a0Situa\u00e7\u00e3o do Palmeiras<\/h2>\n<p>O time comandado pelo t\u00e9cnico Abel Ferreira chega ao cl\u00e1ssico com vantagem confort\u00e1vel para seguir vivo e avan\u00e7ar \u00e0 semifinal da Copa do Brasil. No primeiro jogo, no Nubank Parque, o Verd\u00e3o venceu o Santos por 3 a 0, com gols de Flaco L\u00f3pez e Andreas Pereira, e agora pode perder por at\u00e9 dois gols de diferen\u00e7a que mesmo assim vai \u00e0 pr\u00f3xima fase.<\/p>\n<p>O Palmeiras vem de empate no Brasileir\u00e3o. O Verd\u00e3o foi ao interior paulista para enfrentar o Mirassol e voltou com apenas um ponto na bagagem. Com o resultado, o Palmeiras viu o Flamengo encostar na ponta da tabela, com apenas quatro pontos a menos.<\/p>\n<div class=\"dugout-video dugout-embed-eyJrZXkiOiIiLCJwIjoiZ2F6ZXRhZXNwb3J0aXZhIiwicGwiOiI0a2hoSjVCWCJ9\"><\/div>\n<p><script type=\"text\/javascript\" src=\"https:\/\/embed.onefootball.com\/inline\/gazetaesportiva.js\"><\/script><\/p>\n<p>O post <a href=\"https:\/\/www.gazetaesportiva.com\/times\/palmeiras\/com-novidades-palmeiras-se-reapresenta-e-abre-treinos-para-decisao-na-copa-do-brasil\/\">Com novidades, Palmeiras se reapresenta e abre treinos para decis\u00e3o na Copa do Brasil<\/a> apareceu primeiro em <a href=\"https:\/\/www.gazetaesportiva.com\">Gazeta Esportiva<\/a>.<\/p>\n","protected":false},"excerpt":{"rendered":"<p>Nesta segunda-feira, ap\u00f3s empate por 1 a 1 com o Mirassol, pelo Brasileir\u00e3o, o Palmeiras se reapresentou na<\/p>\n","protected":false},"author":1,"featured_media":11428,"comment_status":"open","ping_status":"open","sticky":false,"template":"","format":"standard","meta":{"footnotes":""},"categories":[71],"tags":[],"class_list":["post-11427","post","type-post","status-publish","format-standard","has-post-thumbnail","hentry","category-esportes-news"],"_links":{"self":[{"href":"https:\/\/portalbahianoticia.com.br\/index.php?rest_route=\/wp\/v2\/posts\/11427","targetHints":{"allow":["GET"]}}],"collection":[{"href":"https:\/\/portalbahianoticia.com.br\/index.php?rest_route=\/wp\/v2\/posts"}],"about":[{"href":"https:\/\/portalbahianoticia.com.br\/index.php?rest_route=\/wp\/v2\/types\/post"}],"author":[{"embeddable":true,"href":"https:\/\/portalbahianoticia.com.br\/index.php?rest_route=\/wp\/v2\/users\/1"}],"replies":[{"embeddable":true,"href":"https:\/\/portalbahianoticia.com.br\/index.php?rest_route=%2Fwp%2Fv2%2Fcomments&post=11427"}],"version-history":[{"count":0,"href":"https:\/\/portalbahianoticia.com.br\/index.php?rest_route=\/wp\/v2\/posts\/11427\/revisions"}],"wp:featuredmedia":[{"embeddable":true,"href":"https:\/\/portalbahianoticia.com.br\/index.php?rest_route=\/wp\/v2\/media\/11428"}],"wp:attachment":[{"href":"https:\/\/portalbahianoticia.com.br\/index.php?rest_route=%2Fwp%2Fv2%2Fmedia&parent=11427"}],"wp:term":[{"taxonomy":"category","embeddable":true,"href":"https:\/\/portalbahianoticia.com.br\/index.php?rest_route=%2Fwp%2Fv2%2Fcategories&post=11427"},{"taxonomy":"post_tag","embeddable":true,"href":"https:\/\/portalbahianoticia.com.br\/index.php?rest_route=%2Fwp%2Fv2%2Ftags&post=11427"}],"curies":[{"name":"wp","href":"https:\/\/api.w.org\/{rel}","templated":true}]}}